{"id":22173,"date":"2022-07-19T13:27:19","date_gmt":"2022-07-19T13:27:19","guid":{"rendered":"http:\/\/nuevacordoba.net\/index.php\/2022\/07\/19\/zelenski-insto-a-que-den-informacion-real-a-residentes-en-zonas-ocupadas-por-rusia\/"},"modified":"2022-07-19T13:27:19","modified_gmt":"2022-07-19T13:27:19","slug":"zelenski-insto-a-que-den-informacion-real-a-residentes-en-zonas-ocupadas-por-rusia","status":"publish","type":"post","link":"http:\/\/nuevacordoba.net\/index.php\/2022\/07\/19\/zelenski-insto-a-que-den-informacion-real-a-residentes-en-zonas-ocupadas-por-rusia\/","title":{"rendered":"Zelenski inst\u00f3 a que den \u00abinformaci\u00f3n real\u00bb a residentes en zonas ocupadas por Rusia"},"content":{"rendered":"<figure class=\"mb-3\"><img loading=\"lazy\" src=\"http:\/\/nuevacordoba.net\/wp-content\/uploads\/2022\/07\/zelenski-insto-a-que-den-informacion-real-a-residentes-en-zonas-ocupadas-por-rusia.jpg\" width=\"100%\" height=\"100%\" alt=\"Zelenski dijo que la bandera nacional estar en todas las ciudades Foto AFP\"><figcaption> Zelenski dijo que la bandera nacional estar\u00e1 en todas las ciudades. Foto: AFP. <\/figcaption><\/figure>\n<p>El presidente ucraniano, Volodimir Zelenski, inst\u00f3 a la ciudadan\u00eda a proveer \u00abinformaci\u00f3n real\u00bb a aquellas personas que se encuentran es territorios ocupados por Rusia pero con quienes a\u00fan se mantiene contacto, alegando que las tropas invasoras las estar\u00edan sometiendo a \u00abintimidaci\u00f3n y propaganda\u00bb.<\/p>\n<p>Zelenski asegur\u00f3 que Rusia mantiene a la mayor\u00eda de los habitantes ucranianos de los territorios ocupados en un \u00abvac\u00edo de informaci\u00f3n\u00bb, por lo cual pidi\u00f3 a sus compatriotas \u00abayuda\u00bb para difundir \u00abla verdad\u00bb.<\/p>\n<p><strong>\u00abRusia mantiene a la mayor\u00eda de ellos en un vac\u00edo de informaci\u00f3n. Todos los d\u00edas arroja a los territorios ocupados nuevas mentiras sobre Ucrania y nuestras acciones<\/strong>. Pero a pesar de la propaganda y la intimidaci\u00f3n, la gente no solo no se olvida de Ucrania, sino que tambi\u00e9n demuestra lo que realmente piensa y lo que quiere\u00bb, expres\u00f3 el mandatario anoche en su mensaje diario a la poblaci\u00f3n.<\/p>\n<p>\u00abLes pido a todos ustedes que tienen contactos y oportunidades para esto: traigan informaci\u00f3n real al territorio ocupado, apoyen a nuestra gente (&#8230;), nuestro pueblo debe escuchar sobre Ucrania de los ucranianos\u00bb, enfatiz\u00f3 Zelenski, reprodujo Europa Press.<\/p>\n<p>Adem\u00e1s, detall\u00f3 que las Fuerzas Armadas <strong>habr\u00edan logrado infligir \u00abimportantes p\u00e9rdidas log\u00edsticas a los ocupantes\u00bb, y sostuvo que \u00abcada vez es m\u00e1s dif\u00edcil para el ej\u00e9rcito ruso mantener posiciones en el territorio capturado\u00bb.<\/strong><\/p>\n<p>En este sentido, recalc\u00f3 que \u00abpaso a paso\u00bb Ucrania estar\u00eda \u00abdesbaratando\u00bb el abastecimiento de los ocupantes y \u00abneutralizando\u00bb a los colaboradores.<\/p>\n<p>Tambi\u00e9n afirm\u00f3 que la bandera nacional estar\u00e1 en todas las ciudades y pueblos de pa\u00eds, aunque admiti\u00f3 que \u00abla \u00fanica pregunta\u00bb es cu\u00e1ndo ocurrir\u00e1, ya que desde el inicio de la invasi\u00f3n militar, el 24 de febrero, <strong>las fuerzas rusas se hicieron del control de varias ciudades del este ucraniano y hasta nombraron autoridades provisionales<\/strong>, con la idea de impulsar referendos separatistas o de adhesi\u00f3n a la Federaci\u00f3n Rusa. <\/p>\n","protected":false},"excerpt":{"rendered":"<p>Zelenski dijo que la bandera nacional estar\u00e1 en todas las ciudades. Foto: AFP. El presidente ucraniano, Volodimir Zelenski, inst\u00f3 a la ciudadan\u00eda a proveer \u00abinformaci\u00f3n real\u00bb a aquellas personas que se encuentran es territorios ocupados por Rusia pero con quienes a\u00fan se mantiene contacto, alegando que las tropas invasoras las estar\u00edan sometiendo a \u00abintimidaci\u00f3n y [&hellip;]<\/p>\n","protected":false},"author":1,"featured_media":22174,"comment_status":"closed","ping_status":"closed","sticky":false,"template":"","format":"standard","meta":[],"categories":[13],"tags":[],"_links":{"self":[{"href":"http:\/\/nuevacordoba.net\/index.php\/wp-json\/wp\/v2\/posts\/22173"}],"collection":[{"href":"http:\/\/nuevacordoba.net\/index.php\/wp-json\/wp\/v2\/posts"}],"about":[{"href":"http:\/\/nuevacordoba.net\/index.php\/wp-json\/wp\/v2\/types\/post"}],"author":[{"embeddable":true,"href":"http:\/\/nuevacordoba.net\/index.php\/wp-json\/wp\/v2\/users\/1"}],"replies":[{"embeddable":true,"href":"http:\/\/nuevacordoba.net\/index.php\/wp-json\/wp\/v2\/comments?post=22173"}],"version-history":[{"count":0,"href":"http:\/\/nuevacordoba.net\/index.php\/wp-json\/wp\/v2\/posts\/22173\/revisions"}],"wp:featuredmedia":[{"embeddable":true,"href":"http:\/\/nuevacordoba.net\/index.php\/wp-json\/wp\/v2\/media\/22174"}],"wp:attachment":[{"href":"http:\/\/nuevacordoba.net\/index.php\/wp-json\/wp\/v2\/media?parent=22173"}],"wp:term":[{"taxonomy":"category","embeddable":true,"href":"http:\/\/nuevacordoba.net\/index.php\/wp-json\/wp\/v2\/categories?post=22173"},{"taxonomy":"post_tag","embeddable":true,"href":"http:\/\/nuevacordoba.net\/index.php\/wp-json\/wp\/v2\/tags?post=22173"}],"curies":[{"name":"wp","href":"https:\/\/api.w.org\/{rel}","templated":true}]}}