{"id":22179,"date":"2022-07-19T13:35:39","date_gmt":"2022-07-19T13:35:39","guid":{"rendered":"http:\/\/cordobanewsnet.wordpress.com\/?p=7095"},"modified":"2022-07-19T13:35:39","modified_gmt":"2022-07-19T13:35:39","slug":"catamarca-rescatan-a-una-familia-cordobesa-que-estuvo-varada-en-la-nieve-3-dias","status":"publish","type":"post","link":"http:\/\/nuevacordoba.net\/index.php\/2022\/07\/19\/catamarca-rescatan-a-una-familia-cordobesa-que-estuvo-varada-en-la-nieve-3-dias\/","title":{"rendered":"Catamarca: rescatan a una familia cordobesa que estuvo varada en la nieve 3 d\u00edas"},"content":{"rendered":"<div><img src=\"http:\/\/nuevacordoba.net\/wp-content\/uploads\/2022\/07\/catamarca-rescatan-a-una-familia-cordobesa-que-estuvo-varada-en-la-nieve-3-dias.jpg\" class=\"ff-og-image-inserted\"><\/div>\n<p><strong>Una familia cordobesa, oriunda de San Francisco<\/strong>, vivi\u00f3 una situaci\u00f3n desesperante en la&nbsp;<strong>Cordillera catamarque\u00f1a, cerca de la localidad de Fiambal\u00e1<\/strong>. El mi\u00e9rcoles 13&nbsp;<strong>qued\u00f3 varada en la nieve mientras realizaba un recorrido tur\u00edstico.<\/strong><\/p>\n<p>Durante&nbsp;<strong>tres d\u00edas&nbsp;<\/strong>Lucio, Daniela y Agustina&nbsp;<strong>estuvieron atrapados en el medio de la nada en su camioneta Fiat Toro<\/strong>, hasta que trabajadores de la empresa minera Liex-Zijin los encontraron y rescataron. En di\u00e1logo con&nbsp;<em><strong>Telenoche<\/strong><\/em>, la madre repas\u00f3 la traum\u00e1tica situaci\u00f3n.<\/p>\n<p>\u00abNo encontramos un volc\u00e1n y volvimos por el camino donde nos hab\u00edamos cruzado con otros veh\u00edculos, porque no era un camino inh\u00f3spito.&nbsp;<strong>E<\/strong><strong>mpezamos a bajar con un sol pleno y de repente comenzaron unas r\u00e1fagas de viento blanco y no se pod\u00eda ver. Por eso tuvimos que parar. Cuando quisimos salir, no pod\u00edamos y la nieve no paraba<\/strong>\u00ab, rememor\u00f3, todav\u00eda afectada por la experiencia.<\/p>\n<p>Adem\u00e1s, record\u00f3 sus sensaciones:&nbsp;<strong>\u00abFue muy angustiante.&nbsp;<\/strong>Ten\u00edamos comida y bebida, pero no est\u00e1bamos con hambre, capaz por la altura.&nbsp;<strong>L<\/strong><strong>o m\u00e1s preocupante era el fr\u00edo<\/strong>&nbsp;y controlar el combustible para usarlo para la calefacci\u00f3n, que us\u00e1bamos cada 40 minutos\u00bb.<\/p>\n<p>En concordancia con el dram\u00e1tico relato, la mujer expres\u00f3 que la nieve los tap\u00f3 por completo y que&nbsp;<strong>hubo dos d\u00edas en los que su pareja sali\u00f3 a pedir ayuda. \u00abEse momento fue terrible.<\/strong>&nbsp;Nos quedamos solas y no sab\u00edamos si \u00e9l iba a volver\u00bb, sintetiz\u00f3.&nbsp;<\/p>\n<p>Afortunadamente,&nbsp;<strong>el rescate lleg\u00f3 el s\u00e1bado 16. \u00abEse momento fue muy feliz.&nbsp;<\/strong>El personal de la minera vino con las m\u00e1quinas&nbsp;y r\u00e1pidamente nos asistieron\u00bb.<\/p>\n<div id=\"jp-post-flair\" class=\"sharedaddy sd-like-enabled sd-sharing-enabled\">\n<div class=\"sharedaddy sd-sharing-enabled\">\n<div class=\"robots-nocontent sd-block sd-social sd-social-icon-text sd-sharing\">\n<h3 class=\"sd-title\">Share this:<\/h3>\n<\/div>\n<\/div>\n<div class=\"sharedaddy sd-block sd-like jetpack-likes-widget-wrapper jetpack-likes-widget-unloaded\" id=\"like-post-wrapper-143108178-7095-62d74db121ea4\" data-src=\"\/\/widgets.wp.com\/likes\/index.html?ver=20220105#blog_id=143108178&amp;post_id=7095&amp;origin=cordobanewsnet.wordpress.com&amp;obj_id=143108178-7095-62d74db121ea4\" data-name=\"like-post-frame-143108178-7095-62d74db121ea4\" data-title=\"Me gusta o Compartir\">\n<h3 class=\"sd-title\">Me gusta esto:<\/h3>\n<p><span class=\"button\"><span>Me gusta<\/span><\/span> <span class=\"loading\">Cargando&#8230;<\/span><\/p>\n<p><span class=\"sd-text-color\"><\/span><\/div>\n<p><h3 class=\"jp-relatedposts-headline\"><em>Relacionado<\/em><\/h3>\n<\/p>\n<\/div>\n","protected":false},"excerpt":{"rendered":"<p>Una familia cordobesa, oriunda de San Francisco, vivi\u00f3 una situaci\u00f3n desesperante en la&nbsp;Cordillera catamarque\u00f1a, cerca de la localidad de Fiambal\u00e1. El mi\u00e9rcoles 13&nbsp;qued\u00f3 varada en la nieve mientras realizaba un recorrido tur\u00edstico. Durante&nbsp;tres d\u00edas&nbsp;Lucio, Daniela y Agustina&nbsp;estuvieron atrapados en el medio de la nada en su camioneta Fiat Toro, hasta que trabajadores de la empresa [&hellip;]<\/p>\n","protected":false},"author":1,"featured_media":22180,"comment_status":"closed","ping_status":"closed","sticky":false,"template":"","format":"standard","meta":[],"categories":[14],"tags":[],"_links":{"self":[{"href":"http:\/\/nuevacordoba.net\/index.php\/wp-json\/wp\/v2\/posts\/22179"}],"collection":[{"href":"http:\/\/nuevacordoba.net\/index.php\/wp-json\/wp\/v2\/posts"}],"about":[{"href":"http:\/\/nuevacordoba.net\/index.php\/wp-json\/wp\/v2\/types\/post"}],"author":[{"embeddable":true,"href":"http:\/\/nuevacordoba.net\/index.php\/wp-json\/wp\/v2\/users\/1"}],"replies":[{"embeddable":true,"href":"http:\/\/nuevacordoba.net\/index.php\/wp-json\/wp\/v2\/comments?post=22179"}],"version-history":[{"count":0,"href":"http:\/\/nuevacordoba.net\/index.php\/wp-json\/wp\/v2\/posts\/22179\/revisions"}],"wp:featuredmedia":[{"embeddable":true,"href":"http:\/\/nuevacordoba.net\/index.php\/wp-json\/wp\/v2\/media\/22180"}],"wp:attachment":[{"href":"http:\/\/nuevacordoba.net\/index.php\/wp-json\/wp\/v2\/media?parent=22179"}],"wp:term":[{"taxonomy":"category","embeddable":true,"href":"http:\/\/nuevacordoba.net\/index.php\/wp-json\/wp\/v2\/categories?post=22179"},{"taxonomy":"post_tag","embeddable":true,"href":"http:\/\/nuevacordoba.net\/index.php\/wp-json\/wp\/v2\/tags?post=22179"}],"curies":[{"name":"wp","href":"https:\/\/api.w.org\/{rel}","templated":true}]}}