{"id":22181,"date":"2022-07-20T00:34:59","date_gmt":"2022-07-20T00:34:59","guid":{"rendered":"http:\/\/nuevacordoba.net\/index.php\/2022\/07\/20\/confirman-que-galardonado-cineasta-irani-cumplira-6-anos-de-carcel-por-acompanar-protestas\/"},"modified":"2022-07-20T00:34:59","modified_gmt":"2022-07-20T00:34:59","slug":"confirman-que-galardonado-cineasta-irani-cumplira-6-anos-de-carcel-por-acompanar-protestas","status":"publish","type":"post","link":"http:\/\/nuevacordoba.net\/index.php\/2022\/07\/20\/confirman-que-galardonado-cineasta-irani-cumplira-6-anos-de-carcel-por-acompanar-protestas\/","title":{"rendered":"Confirman que galardonado cineasta iran\u00ed cumplir\u00e1 6 a\u00f1os de c\u00e1rcel por acompa\u00f1ar protestas"},"content":{"rendered":"<figure class=\"mb-3\"><img loading=\"lazy\" src=\"http:\/\/nuevacordoba.net\/wp-content\/uploads\/2022\/07\/confirman-que-galardonado-cineasta-irani-cumplira-6-anos-de-carcel-por-acompanar-protestas.jpg\" width=\"100%\" height=\"100%\" alt=\"El cineasta iran Jafar Panahi condenado a prisin por participar en protestas\"><figcaption> El cineasta iran\u00ed Jafar Panahi, condenado a prisi\u00f3n por participar en protestas. <\/figcaption><\/figure>\n<p>El cineasta y opositor iran\u00ed <strong>Jafar Panahi<\/strong>, detenido la semana pasada en Teher\u00e1n, deber\u00e1 purgar una pena de seis a\u00f1os de prisi\u00f3n, seg\u00fan un fallo de 2010 que lo acus\u00f3 de promover <strong>\u00abpropaganda contra el r\u00e9gimen\u00bb<\/strong> por apoyar las protestas de 2009 contra la reelecci\u00f3n del ultraconservador <strong>Mahmud Ahmadinejad<\/strong> como presidente de la Rep\u00fablica Isl\u00e1mica.<\/p>\n<p>Panahi, uno de los cineastas iran\u00edes m\u00e1s galardonado,<strong> \u00abfue condenado en 2010 a seis a\u00f1os de prisi\u00f3n (&#8230;) y fue trasladado al centro de detenci\u00f3n de Evin para purgar su pena\u00bb<\/strong>, indic\u00f3 el vocero de la instituci\u00f3n judicial iran\u00ed, Masud Setayeshi, en una rueda de prensa.<\/p>\n<p>El director de cine, de 62 a\u00f1os, obtuvo un Le\u00f3n de Oro en Venecia en 2000 por <strong>\u00abEl c\u00edrculo\u00bb<\/strong> y el premio al mejor gui\u00f3n en Cannes en 2018 por <strong>\u00abTres caras\u00bb<\/strong>. Tres a\u00f1os despu\u00e9s, logr\u00f3 el Oso de Oro de Berl\u00edn por <strong>\u00abTaxi Teher\u00e1n\u00bb<\/strong>, record\u00f3 la agencia de noticias AFP.<\/p>\n<p>El dirigente ultraconservador fue presidente de Ir\u00e1n entre 2005 y 2013.<\/p>\n<p>Detenido durante dos meses en 2010, Panahi ha estado bajo libertad condicional que pod\u00eda ser revocada en cualquier momento.<\/p>\n<p>El pasado 11 de julio, fue arrestado a su llegada al tribunal de Teher\u00e1n cuando iba a comparecer en el caso de otro director de cine tambi\u00e9n galardonado, <strong>Mohammad Rasulof<\/strong>. Este \u00faltimo fue detenido el 8 de julio junto a su compa\u00f1ero <strong>Mostafa Aleahmad<\/strong>.<\/p>\n<p>Los cineastas hab\u00edan denunciado a mediados de mayo en una carta abierta el arresto de varios de sus colegas por parte de las autoridades y la represi\u00f3n contra los manifestantes en Ir\u00e1n.<\/p>\n<p>Las autoridades iran\u00edes llevaron a cabo \u00faltimamente numerosas detenciones, incluida una figura del movimiento reformador, <strong>Mostafa Tajzadeh<\/strong>, interrogado el viernes \u00faltimo bajo la acusaci\u00f3n de <strong>\u00abactividades contra la seguridad del Estado\u00bb<\/strong>.<\/p>\n<p><strong>Francia pidi\u00f3 el viernes pasado la \u00abliberaci\u00f3n inmediata\u00bb<\/strong> de los cineastas y denunci\u00f3 un fen\u00f3meno que ilustra <strong>\u00abel inquietante deterioro de la situaci\u00f3n de los artistas en Ir\u00e1n\u00bb.<\/strong> <\/p>\n","protected":false},"excerpt":{"rendered":"<p>El cineasta iran\u00ed Jafar Panahi, condenado a prisi\u00f3n por participar en protestas. El cineasta y opositor iran\u00ed Jafar Panahi, detenido la semana pasada en Teher\u00e1n, deber\u00e1 purgar una pena de seis a\u00f1os de prisi\u00f3n, seg\u00fan un fallo de 2010 que lo acus\u00f3 de promover \u00abpropaganda contra el r\u00e9gimen\u00bb por apoyar las protestas de 2009 contra [&hellip;]<\/p>\n","protected":false},"author":1,"featured_media":22182,"comment_status":"closed","ping_status":"closed","sticky":false,"template":"","format":"standard","meta":[],"categories":[9],"tags":[],"_links":{"self":[{"href":"http:\/\/nuevacordoba.net\/index.php\/wp-json\/wp\/v2\/posts\/22181"}],"collection":[{"href":"http:\/\/nuevacordoba.net\/index.php\/wp-json\/wp\/v2\/posts"}],"about":[{"href":"http:\/\/nuevacordoba.net\/index.php\/wp-json\/wp\/v2\/types\/post"}],"author":[{"embeddable":true,"href":"http:\/\/nuevacordoba.net\/index.php\/wp-json\/wp\/v2\/users\/1"}],"replies":[{"embeddable":true,"href":"http:\/\/nuevacordoba.net\/index.php\/wp-json\/wp\/v2\/comments?post=22181"}],"version-history":[{"count":0,"href":"http:\/\/nuevacordoba.net\/index.php\/wp-json\/wp\/v2\/posts\/22181\/revisions"}],"wp:featuredmedia":[{"embeddable":true,"href":"http:\/\/nuevacordoba.net\/index.php\/wp-json\/wp\/v2\/media\/22182"}],"wp:attachment":[{"href":"http:\/\/nuevacordoba.net\/index.php\/wp-json\/wp\/v2\/media?parent=22181"}],"wp:term":[{"taxonomy":"category","embeddable":true,"href":"http:\/\/nuevacordoba.net\/index.php\/wp-json\/wp\/v2\/categories?post=22181"},{"taxonomy":"post_tag","embeddable":true,"href":"http:\/\/nuevacordoba.net\/index.php\/wp-json\/wp\/v2\/tags?post=22181"}],"curies":[{"name":"wp","href":"https:\/\/api.w.org\/{rel}","templated":true}]}}