{"id":22183,"date":"2022-07-19T22:19:25","date_gmt":"2022-07-19T22:19:25","guid":{"rendered":"https:\/\/cordoba.gob.ar\/?p=29637"},"modified":"2022-07-19T22:19:25","modified_gmt":"2022-07-19T22:19:25","slug":"musica-para-abrigar-se-suma-a-las-propuestas-para-las-vacaciones-de-julio","status":"publish","type":"post","link":"http:\/\/nuevacordoba.net\/index.php\/2022\/07\/19\/musica-para-abrigar-se-suma-a-las-propuestas-para-las-vacaciones-de-julio\/","title":{"rendered":"\u201cM\u00fasica para abrigar\u201d se suma a las propuestas para las vacaciones de julio"},"content":{"rendered":"<div><img src=\"http:\/\/nuevacordoba.net\/wp-content\/uploads\/2022\/07\/musica-para-abrigar-se-suma-a-las-propuestas-para-las-vacaciones-de-julio.jpg\" class=\"ff-og-image-inserted\"><\/div>\n<ul>\n<li><strong>Es un ciclo solidario que resume conciertos de los elencos municipales junto a la Cantor\u00eda de la Merced.<\/strong><\/li>\n<li><strong>Las presentaciones ser\u00e1n este mi\u00e9rcoles 20 y el jueves 21 de julio.<\/strong><\/li>\n<li><strong>Adem\u00e1s contin\u00faa la completa programaci\u00f3n para realizar estas vacaciones.<\/strong><\/li>\n<\/ul>\n<hr>\n<p>Dentro de la agenda cultural para estas vacacionales de invierno, la Secretar\u00eda de Cultura de la Municipalidad de C\u00f3rdoba, incorpora el ciclo \u201cM\u00fasica para abrigar\u201d protagonizado por los elencos art\u00edsticos.<\/p>\n<p>Se trata de una propuesta que nace de la Cantor\u00eda de la Merced, a la que se sumaron los cuerpos municipales, concretando acciones solidarias para ayudar a las personas en situaci\u00f3n de calle.<\/p>\n<p>Este mi\u00e9rcoles 20, a las 20 hs, en el marco de \u201c\u00bfPor qu\u00e9 Cantamos?\u201d actuar\u00e1 el Coro Municipal, en la Iglesia Nuestra Se\u00f1ora del Pilar.<\/p>\n<p>Por otro parte el jueves 21, tambi\u00e9n a las 20 hs, en el Auditorio Radio Nacional C\u00f3rdoba (Av. General Paz esq. Santa Rosa) ser\u00e1 el turno de la presentaci\u00f3n de la Orquesta de Cuerdas Municipal.<\/p>\n<p>Para ambas, presentaciones la entrada consistir\u00e1 en una prenda de abrigo que pueden ser camperas, buzos, sweaters, mantas, frazadas que ser\u00e1n destinadas a personas en situaci\u00f3n de calle.<\/p>\n<p>PROGRAMACI\u00d3N PARA LAS VACACIONES DE JULIO<\/p>\n<p>Durante este mes, los cuerpos art\u00edsticos se suman a diversas intervenciones en el Mercado Norte de la Ciudad con entrada libre y gratuita. As\u00ed, el mi\u00e9rcoles 20 se presentar\u00e1n los Bronces de la Banda Sinf\u00f3nica, a las 11.30 hs; y el mi\u00e9rcoles 27 ser\u00e1 oportunidad del Coro Municipal a las 11, en el mismo lugar.<\/p>\n<p>Por otro lado, en articulaci\u00f3n con el \u00e1rea de Promoci\u00f3n de la Ciudad, se presentar\u00e1 el Ensamble Municipal de M\u00fasica Ciudadana en \u201cVacaciones de Julio en Bares notables de la ciudad de C\u00f3rdoba\u201d siempre a las 17 hs. El mi\u00e9rcoles 20 en el Caf\u00e9 de La Plaza (Mariano Fragueiro 1989); el jueves 21 en La Plazoleta (Bv. San Juan 225); y el viernes 22 en el Solar de Tejeda (27 de Abril 23).<\/p>\n<p>Asimismo, la programaci\u00f3n de los elencos art\u00edsticos municipales se completa con distintas propuestas pensadas para infancias, en sus vacaciones de julio. As\u00ed, el jueves 21 a las 15, en la Feria del Libro Infantil, se presentar\u00e1 el Coro Municipal. Y el mismo d\u00eda a las 18, tambi\u00e9n en la Feria del Libro Infantil, actuar\u00e1 el Elenco Municipal Danza Teatro. Todo ser\u00e1 en el Centro Cultural C\u00f3rdoba.<\/p>\n<p>La agenda se prolonga en el Teatro Ciudad de las Artes, con la obra \u201cTA TI TE\u201d a cargo del Elenco Municipal de Danza Teatro, en una doble funci\u00f3n, a las 11 y a las 15. Ambas con entrada libre y gratuita (con reserva previa).<\/p>\n<p>A su vez, contin\u00faan los ciclos anuales programados por la Orquesta de Cuerdas y Ensamble Municipal de M\u00fasica Ciudadana, seg\u00fan esta agenda:<\/p>\n<p>\u201cCiclo de Cuerdas\u201d<br \/>Jueves 28 de julio, 20 hs<br \/>Orquesta de Cuerdas<br \/>Auditorio de la UCC<\/p>\n<p>\u201cTango en La Casona\u201d<br \/>Jueves 28 de Julio, 20 hs<br \/>Ensamble Municipal de M\u00fasica Ciudadana<br \/>La Casona Municipal<\/p>\n<p>Finalmente, el Ballet Municipal se presentar\u00e1 en el Teatro Municipal de R\u00edo Cuarto, este domingo 24 de julio.<\/p>\n","protected":false},"excerpt":{"rendered":"<p>Es un ciclo solidario que resume conciertos de los elencos municipales junto a la Cantor\u00eda de la Merced. Las presentaciones ser\u00e1n este mi\u00e9rcoles 20 y el jueves 21 de julio. Adem\u00e1s contin\u00faa la completa programaci\u00f3n para realizar estas vacaciones. Dentro de la agenda cultural para estas vacacionales de invierno, la Secretar\u00eda de Cultura de la [&hellip;]<\/p>\n","protected":false},"author":1,"featured_media":22184,"comment_status":"closed","ping_status":"closed","sticky":false,"template":"","format":"standard","meta":[],"categories":[14],"tags":[],"_links":{"self":[{"href":"http:\/\/nuevacordoba.net\/index.php\/wp-json\/wp\/v2\/posts\/22183"}],"collection":[{"href":"http:\/\/nuevacordoba.net\/index.php\/wp-json\/wp\/v2\/posts"}],"about":[{"href":"http:\/\/nuevacordoba.net\/index.php\/wp-json\/wp\/v2\/types\/post"}],"author":[{"embeddable":true,"href":"http:\/\/nuevacordoba.net\/index.php\/wp-json\/wp\/v2\/users\/1"}],"replies":[{"embeddable":true,"href":"http:\/\/nuevacordoba.net\/index.php\/wp-json\/wp\/v2\/comments?post=22183"}],"version-history":[{"count":0,"href":"http:\/\/nuevacordoba.net\/index.php\/wp-json\/wp\/v2\/posts\/22183\/revisions"}],"wp:featuredmedia":[{"embeddable":true,"href":"http:\/\/nuevacordoba.net\/index.php\/wp-json\/wp\/v2\/media\/22184"}],"wp:attachment":[{"href":"http:\/\/nuevacordoba.net\/index.php\/wp-json\/wp\/v2\/media?parent=22183"}],"wp:term":[{"taxonomy":"category","embeddable":true,"href":"http:\/\/nuevacordoba.net\/index.php\/wp-json\/wp\/v2\/categories?post=22183"},{"taxonomy":"post_tag","embeddable":true,"href":"http:\/\/nuevacordoba.net\/index.php\/wp-json\/wp\/v2\/tags?post=22183"}],"curies":[{"name":"wp","href":"https:\/\/api.w.org\/{rel}","templated":true}]}}