{"id":22185,"date":"2022-07-20T03:35:24","date_gmt":"2022-07-20T03:35:24","guid":{"rendered":"https:\/\/www.bbc.com\/mundo\/noticias-internacional-62156589"},"modified":"2022-07-20T03:35:24","modified_gmt":"2022-07-20T03:35:24","slug":"cuales-son-las-causas-de-la-historica-ola-de-calor-que-esta-sofocando-a-europa","status":"publish","type":"post","link":"http:\/\/nuevacordoba.net\/index.php\/2022\/07\/20\/cuales-son-las-causas-de-la-historica-ola-de-calor-que-esta-sofocando-a-europa\/","title":{"rendered":"Cu\u00e1les son las causas de la hist\u00f3rica ola de calor que est\u00e1 sofocando a Europa"},"content":{"rendered":"<div dir=\"ltr\" class=\"e1j2237y6 bbc-q4ibpr essoxwk0\">\n<div class=\"bbc-1atl7vu e11nzto4\">\n<ul role=\"list\" class=\"bbc-k0l9bd e11nzto2\">\n<li role=\"listitem\" class=\"bbc-1a3w4ok e11nzto1\">Redacci\u00f3n <\/li>\n<li role=\"listitem\" class=\"bbc-1p92jtu e11nzto0\">BBC News Mundo<\/li>\n<\/ul>\n<\/div>\n<\/div>\n<p><time datetime=\"2022-07-19\" class=\"bbc-14xtggo exyigsi0\">4 horas<\/time><\/p>\n<div dir=\"ltr\" class=\"bbc-1ka88fa essoxwk0\">\n<figure class=\"bbc-1qdcvv9 e170cyvj0\">\n<div dir=\"ltr\" class=\"bbc-172p16q essoxwk0\">\n<div dir=\"ltr\" class=\"bbc-189y18v essoxwk0\" readability=\"6.5\">\n<div data-e2e=\"image-placeholder\" class=\"bbc-997y1y ezb2r2b0\" readability=\"8\"><picture class=\"bbc-yfiktt e11uq3261\"><source srcset=\"https:\/\/ichef.bbci.co.uk\/news\/240\/cpsprodpb\/2F4A\/production\/_125960121_heatwave.png.webp 240w, https:\/\/ichef.bbci.co.uk\/news\/320\/cpsprodpb\/2F4A\/production\/_125960121_heatwave.png.webp 320w, https:\/\/ichef.bbci.co.uk\/news\/480\/cpsprodpb\/2F4A\/production\/_125960121_heatwave.png.webp 480w, https:\/\/ichef.bbci.co.uk\/news\/624\/cpsprodpb\/2F4A\/production\/_125960121_heatwave.png.webp 624w, https:\/\/ichef.bbci.co.uk\/news\/800\/cpsprodpb\/2F4A\/production\/_125960121_heatwave.png.webp 800w\" type=\"image\/webp\" sizes=\"(min-width: 1008px) 645px, 100vw\"><source srcset=\"https:\/\/ichef.bbci.co.uk\/news\/240\/cpsprodpb\/2F4A\/production\/_125960121_heatwave.png 240w, https:\/\/ichef.bbci.co.uk\/news\/320\/cpsprodpb\/2F4A\/production\/_125960121_heatwave.png 320w, https:\/\/ichef.bbci.co.uk\/news\/480\/cpsprodpb\/2F4A\/production\/_125960121_heatwave.png 480w, https:\/\/ichef.bbci.co.uk\/news\/624\/cpsprodpb\/2F4A\/production\/_125960121_heatwave.png 624w, https:\/\/ichef.bbci.co.uk\/news\/800\/cpsprodpb\/2F4A\/production\/_125960121_heatwave.png 800w\" type=\"image\/png\" sizes=\"(min-width: 1008px) 645px, 100vw\"><img loading=\"lazy\" src=\"http:\/\/nuevacordoba.net\/wp-content\/uploads\/2022\/07\/cuales-son-las-causas-de-la-historica-ola-de-calor-que-esta-sofocando-a-europa.jpg\" alt=\"temperaturas\" width=\"976\" height=\"549\" class=\"eehpdyc0 bbc-rb7xa0 e11uq3260\"><\/picture>\n<p role=\"text\" class=\"bbc-1s1cxbv eynndk20\"><span class=\"bbc-1gnhmg2 evnljr50\">Fuente de la imagen, <\/span><span lang=\"en-GB\">METDESK<\/span><\/p>\n<\/div>\n<\/div>\n<\/div>\n<\/figure>\n<\/div>\n<div dir=\"ltr\" class=\"bbc-19j92fr essoxwk0\" readability=\"7\">\n<p dir=\"ltr\" class=\"bbc-bm53ic e1cc2ql70\"><b>Una ola de calor sin precedentes afecta gran parte del oeste de Europa.<\/b><\/p>\n<\/div>\n<div dir=\"ltr\" class=\"bbc-19j92fr essoxwk0\" readability=\"13\">\n<p dir=\"ltr\" class=\"bbc-bm53ic e1cc2ql70\">Las temperaturas sofocantes han marcado r\u00e9cord en los \u00faltimos d\u00edas en varias naciones y, solo este martes, Reino Unido rompi\u00f3 tres veces en un mismo d\u00eda sus marcas hist\u00f3ricas y lleg\u00f3 a los <b>40<\/b><b>,<\/b><b>3 \u00b0C<\/b>, una cifra jam\u00e1s registrada all\u00ed. <\/p>\n<\/div>\n<div dir=\"ltr\" class=\"bbc-19j92fr essoxwk0\" readability=\"10\">\n<p dir=\"ltr\" class=\"bbc-bm53ic e1cc2ql70\">Francia emiti\u00f3 advertencias de calor extremo, Pa\u00edses Bajos registr\u00f3 tambi\u00e9n un r\u00e9cord de temperaturas para el mes de julio y en B\u00e9lgica un fuego provocado por el calor destruy\u00f3 varios veh\u00edculos.<\/p>\n<\/div>\n<div dir=\"ltr\" class=\"bbc-19j92fr essoxwk0\" readability=\"13\">\n<p dir=\"ltr\" class=\"bbc-bm53ic e1cc2ql70\">Los <b>incendios forestales en Francia, Portugal, Espa\u00f1a y Grecia<\/b> han obligado a miles de personas a evacuar sus hogares y, aunque todav\u00eda se desconocen las cifras oficiales, se estima que el n\u00famero de muertes es elevado.<\/p>\n<\/div>\n<div dir=\"ltr\" class=\"bbc-19j92fr essoxwk0\" readability=\"11\">\n<p dir=\"ltr\" class=\"bbc-bm53ic e1cc2ql70\">De acuerdo con los pron\u00f3sticos, la ola de calor se dirigir\u00e1 en los pr\u00f3ximos d\u00edas hacia el norte y se espera que la temperatura llegue tambi\u00e9n a los 40 \u00b0C en el extremo sur de B\u00e9lgica, as\u00ed como en el oeste y suroeste de Alemania. <\/p>\n<\/div>\n<div dir=\"ltr\" class=\"bbc-19j92fr essoxwk0\" readability=\"8\">\n<p dir=\"ltr\" class=\"bbc-bm53ic e1cc2ql70\">Los meteor\u00f3logos en Italia advirtieron que la temperatura podr\u00eda estar entre los 40 y 42 \u00b0C entre el mi\u00e9rcoles y el viernes.<\/p>\n<\/div>\n<div dir=\"ltr\" class=\"bbc-19j92fr essoxwk0\" readability=\"9\">\n<p dir=\"ltr\" class=\"bbc-bm53ic e1cc2ql70\">Los expertos han advertido que las olas de calor se est\u00e1n haciendo <b>cada vez m\u00e1s frecuentes, m\u00e1s intensas y m\u00e1s duraderas<\/b> debido al cambio clim\u00e1tico inducido por el hombre. <\/p>\n<\/div>\n<div dir=\"ltr\" class=\"bbc-19j92fr essoxwk0\" readability=\"13\">\n<p dir=\"ltr\" class=\"bbc-bm53ic e1cc2ql70\">Este martes, la ministra de Medio Ambiente de Alemania, <b>Steffi Lemke<\/b>, dijo que la crisis clim\u00e1tica significa que su pa\u00eds y Europa tendr\u00e1n que repensar sus preparativos para el clima muy c\u00e1lido, la sequ\u00eda y las inundaciones.<\/p>\n<\/div>\n<div dir=\"ltr\" class=\"bbc-19j92fr essoxwk0\" readability=\"8\">\n<p dir=\"ltr\" class=\"bbc-bm53ic e1cc2ql70\">Los efectos del cambio clim\u00e1tico en Europa ganaron titulares a inicios de este mes cuando el derretimiento de un glaciar caus\u00f3 una avalancha que mat\u00f3 a 11 personas en Italia.<\/p>\n<\/div>\n<div dir=\"ltr\" class=\"bbc-19j92fr essoxwk0\" readability=\"10\">\n<p dir=\"ltr\" class=\"bbc-bm53ic e1cc2ql70\">Ahora, los expertos han advertido que se est\u00e1n abriendo nuevas grietas en los picos alpinos y que el hielo se est\u00e1 derritiendo incluso en la monta\u00f1a m\u00e1s alta de Europa occidental, el Mont Blanc.<\/p>\n<\/div>\n<div dir=\"ltr\" class=\"bbc-19j92fr essoxwk0\" readability=\"10\">\n<p dir=\"ltr\" class=\"bbc-bm53ic e1cc2ql70\">El mundo ya se ha calentado alrededor de 1,1 \u00b0C desde que comenz\u00f3 la era industrial y las temperaturas seguir\u00e1n aumentando a menos que los gobiernos de todo el mundo hagan recortes dr\u00e1sticos en las emisiones.<\/p>\n<\/div>\n<div dir=\"ltr\" class=\"bbc-19j92fr essoxwk0\" readability=\"10\">\n<p dir=\"ltr\" class=\"bbc-bm53ic e1cc2ql70\">Pero, si bien el calentamiento global es la causa de fondo, \u00bfqu\u00e9 est\u00e1 provocando en particular esta inusual ola de calor en Europa?<\/p>\n<\/div>\n<p><h2 id=\"La-explicaci\u00f3n-\" tabindex=\"-1\" class=\"bbc-l3e97o e1hixjf30\">La explicaci\u00f3n <\/h2>\n<\/p>\n<div dir=\"ltr\" class=\"bbc-19j92fr essoxwk0\" readability=\"10\">\n<p dir=\"ltr\" class=\"bbc-bm53ic e1cc2ql70\">Numerosos acad\u00e9micos, expertos e incluso la <b>Organizaci\u00f3n Meteorol\u00f3gica Mundial<\/b> (OIM) han explicado desde inicios de mes la conjunci\u00f3n de factores en el clima del planeta que ha llevado a la actual situaci\u00f3n. <\/p>\n<\/div>\n<div dir=\"ltr\" class=\"bbc-19j92fr essoxwk0\" readability=\"9\">\n<p dir=\"ltr\" class=\"bbc-bm53ic e1cc2ql70\">En su p\u00e1gina web, la OIM explica que la ola de calor se origin\u00f3 en el norte de \u00c1frica y ha ido subiendo gradualmente hacia el norte. <\/p>\n<\/div>\n<div dir=\"ltr\" class=\"bbc-1ka88fa essoxwk0\">\n<figure class=\"bbc-1qdcvv9 e170cyvj0\">\n<div dir=\"ltr\" class=\"bbc-172p16q essoxwk0\">\n<div dir=\"ltr\" class=\"bbc-189y18v essoxwk0\" readability=\"6.5\">\n<div data-e2e=\"image-placeholder\" class=\"bbc-997y1y ezb2r2b0\" readability=\"8\"><noscript><picture class=\"bbc-yfiktt e11uq3261\"><source srcset=\"http:\/\/nuevacordoba.net\/wp-content\/uploads\/2022\/07\/cuales-son-las-causas-de-la-historica-ola-de-calor-que-esta-sofocando-a-europa.webp 240w, http:\/\/nuevacordoba.net\/wp-content\/uploads\/2022\/07\/cuales-son-las-causas-de-la-historica-ola-de-calor-que-esta-sofocando-a-europa-1.webp 320w, http:\/\/nuevacordoba.net\/wp-content\/uploads\/2022\/07\/cuales-son-las-causas-de-la-historica-ola-de-calor-que-esta-sofocando-a-europa-2.webp 480w, http:\/\/nuevacordoba.net\/wp-content\/uploads\/2022\/07\/cuales-son-las-causas-de-la-historica-ola-de-calor-que-esta-sofocando-a-europa-3.webp 624w, http:\/\/nuevacordoba.net\/wp-content\/uploads\/2022\/07\/cuales-son-las-causas-de-la-historica-ola-de-calor-que-esta-sofocando-a-europa-4.webp 800w\" type=\"image\/webp\" sizes=\"(min-width: 1008px) 645px, 100vw\"><source srcset=\"https:\/\/ichef.bbci.co.uk\/news\/240\/cpsprodpb\/16DFF\/production\/_125959639_netherlandsreuters.jpg.jpg 240w, https:\/\/ichef.bbci.co.uk\/news\/320\/cpsprodpb\/16DFF\/production\/_125959639_netherlandsreuters.jpg.jpg 320w, https:\/\/ichef.bbci.co.uk\/news\/480\/cpsprodpb\/16DFF\/production\/_125959639_netherlandsreuters.jpg.jpg 480w, https:\/\/ichef.bbci.co.uk\/news\/624\/cpsprodpb\/16DFF\/production\/_125959639_netherlandsreuters.jpg.jpg 624w, https:\/\/ichef.bbci.co.uk\/news\/800\/cpsprodpb\/16DFF\/production\/_125959639_netherlandsreuters.jpg.jpg 800w\" type=\"image\/jpeg\" sizes=\"(min-width: 1008px) 645px, 100vw\"><img loading=\"lazy\" src=\"http:\/\/nuevacordoba.net\/wp-content\/uploads\/2022\/07\/cuales-son-las-causas-de-la-historica-ola-de-calor-que-esta-sofocando-a-europa-1.jpg\" alt=\"calor\" width=\"976\" height=\"549\" class=\"eehpdyc0 bbc-rb7xa0 e11uq3260\"><\/picture><\/noscript><\/p>\n<p role=\"text\" class=\"bbc-1s1cxbv eynndk20\"><span class=\"bbc-1gnhmg2 evnljr50\">Fuente de la imagen, <\/span><span lang=\"en-GB\">Reuters<\/span><\/p>\n<\/div>\n<\/div>\n<\/div>\n<\/figure>\n<\/div>\n<div dir=\"ltr\" class=\"bbc-19j92fr essoxwk0\" readability=\"10\">\n<p dir=\"ltr\" class=\"bbc-bm53ic e1cc2ql70\">El meteor\u00f3logo Scott Duncan explic\u00f3 en el programa <i class=\"bbc-h1y5j7 ewc4zcb0\"><b>Newsnight<\/b><\/i><b> <\/b>de la BBC que la ola es un resultado de un calentamiento provocado por las temperaturas del verano boreal en el desierto de Sahara, que coincidi\u00f3 con un sistema atl\u00e1ntico de baja presi\u00f3n entre las islas Azores y Madeira.<\/p>\n<\/div>\n<div dir=\"ltr\" class=\"bbc-19j92fr essoxwk0\" readability=\"10\">\n<p dir=\"ltr\" class=\"bbc-bm53ic e1cc2ql70\">Seg\u00fan dijo, este sistema alimenta el frente c\u00e1lido, lo que lo ha empujado hacia Europa occidental.<\/p>\n<\/div>\n<div dir=\"ltr\" class=\"bbc-19j92fr essoxwk0\" readability=\"9\">\n<p dir=\"ltr\" class=\"bbc-bm53ic e1cc2ql70\">\u00abEl eje de baja presi\u00f3n cerca de Portugal act\u00faa como un motor para elevar el calor hacia el norte\u00bb, explica.<\/p>\n<\/div>\n<p><h2 id=\"Las-corrientes-de-chorro\" tabindex=\"-1\" class=\"bbc-l3e97o e1hixjf30\">Las corrientes de chorro<\/h2>\n<\/p>\n<div dir=\"ltr\" class=\"bbc-19j92fr essoxwk0\" readability=\"8\">\n<p dir=\"ltr\" class=\"bbc-bm53ic e1cc2ql70\">Pero detr\u00e1s de este comportamiento est\u00e1 otro fen\u00f3meno atmosf\u00e9rico que ha hecho que las corrientes de calor suban tan dr\u00e1sticamente hacia Europa.<\/p>\n<\/div>\n<div dir=\"ltr\" class=\"bbc-19j92fr essoxwk0\" readability=\"11\">\n<p dir=\"ltr\" class=\"bbc-bm53ic e1cc2ql70\">Seg\u00fan explica el sitio especializado AccuWeather, est\u00e1 relacionado con el comportamiento que ha tenido \u00faltimamente la corriente de chorro, una especie de \u00abr\u00edo de aire\u00bb que fluye r\u00e1pidamente de este a oeste a gran altura en el hemisferio norte.<\/p>\n<\/div>\n<div dir=\"ltr\" class=\"bbc-19j92fr essoxwk0\" readability=\"13\">\n<p dir=\"ltr\" class=\"bbc-bm53ic e1cc2ql70\">El meteor\u00f3logo de la BBC, Nick Miller, comenta que durante la semana pasada, la corriente de chorro en Europa y Am\u00e9rica del Norte estuvo dominada por fuertes crestas de alta presi\u00f3n, tambi\u00e9n conocidas como c\u00fapulas de calor.<\/p>\n<\/div>\n<div dir=\"ltr\" class=\"bbc-1ka88fa essoxwk0\">\n<figure class=\"bbc-1qdcvv9 e170cyvj0\">\n<div dir=\"ltr\" class=\"bbc-172p16q essoxwk0\">\n<div dir=\"ltr\" class=\"bbc-189y18v essoxwk0\">\n<div data-e2e=\"image-placeholder\" class=\"bbc-997y1y ezb2r2b0\"><noscript><picture class=\"bbc-yfiktt e11uq3261\"><source srcset=\"http:\/\/nuevacordoba.net\/wp-content\/uploads\/2022\/07\/cuales-son-las-causas-de-la-historica-ola-de-calor-que-esta-sofocando-a-europa-5.webp 240w, http:\/\/nuevacordoba.net\/wp-content\/uploads\/2022\/07\/cuales-son-las-causas-de-la-historica-ola-de-calor-que-esta-sofocando-a-europa-6.webp 320w, http:\/\/nuevacordoba.net\/wp-content\/uploads\/2022\/07\/cuales-son-las-causas-de-la-historica-ola-de-calor-que-esta-sofocando-a-europa-7.webp 480w, http:\/\/nuevacordoba.net\/wp-content\/uploads\/2022\/07\/cuales-son-las-causas-de-la-historica-ola-de-calor-que-esta-sofocando-a-europa-8.webp 624w\" type=\"image\/webp\" sizes=\"(min-width: 1008px) 645px, 100vw\"><source srcset=\"https:\/\/ichef.bbci.co.uk\/news\/240\/cpsprodpb\/16055\/production\/_125979109_hipressure-002.jpg 240w, https:\/\/ichef.bbci.co.uk\/news\/320\/cpsprodpb\/16055\/production\/_125979109_hipressure-002.jpg 320w, https:\/\/ichef.bbci.co.uk\/news\/480\/cpsprodpb\/16055\/production\/_125979109_hipressure-002.jpg 480w, https:\/\/ichef.bbci.co.uk\/news\/624\/cpsprodpb\/16055\/production\/_125979109_hipressure-002.jpg 624w\" type=\"image\/jpeg\" sizes=\"(min-width: 1008px) 645px, 100vw\"><img loading=\"lazy\" src=\"http:\/\/nuevacordoba.net\/wp-content\/uploads\/2022\/07\/cuales-son-las-causas-de-la-historica-ola-de-calor-que-esta-sofocando-a-europa-2.jpg\" alt=\"mapa\" width=\"624\" height=\"351\" class=\"eehpdyc0 bbc-rb7xa0 e11uq3260\"><\/picture><\/noscript><\/div>\n<\/div>\n<\/div>\n<\/figure>\n<\/div>\n<div dir=\"ltr\" class=\"bbc-19j92fr essoxwk0\" readability=\"10\">\n<p dir=\"ltr\" class=\"bbc-bm53ic e1cc2ql70\">Estas oscilaciones conectan las dos olas de calor continentales (la europea y la norteamericana) a trav\u00e9s de un patr\u00f3n de ondas atmosf\u00e9ricas, lo que ha hecho que la incidencia sobre partes de Europa sea mucho mayor.<\/p>\n<\/div>\n<div dir=\"ltr\" class=\"bbc-19j92fr essoxwk0\" readability=\"8\">\n<p dir=\"ltr\" class=\"bbc-bm53ic e1cc2ql70\">Esto se debe a que las fuertes corrientes de aire del Atl\u00e1ntico tambi\u00e9n intensifican la alta presi\u00f3n en el continente.<\/p>\n<\/div>\n<p><h2 id=\"Un-futuro-preocupante\" tabindex=\"-1\" class=\"bbc-l3e97o e1hixjf30\">Un futuro preocupante<\/h2>\n<\/p>\n<div dir=\"ltr\" class=\"bbc-19j92fr essoxwk0\" readability=\"8\">\n<p dir=\"ltr\" class=\"bbc-bm53ic e1cc2ql70\">Duncan explica que las olas de calor no son nada nuevo: han existido incluso antes de que apareciera el hombre.<\/p>\n<\/div>\n<div dir=\"ltr\" class=\"bbc-19j92fr essoxwk0\" readability=\"11\">\n<p dir=\"ltr\" class=\"bbc-bm53ic e1cc2ql70\">En la naturaleza tienen incluso un efecto \u00abbeneficioso\u00bb, ya que ayudan a trasladar el calor -y, por tanto, la energ\u00eda- desde el ecuador hacia los polos. <\/p>\n<\/div>\n<div dir=\"ltr\" class=\"bbc-19j92fr essoxwk0\" readability=\"11\">\n<p dir=\"ltr\" class=\"bbc-bm53ic e1cc2ql70\">Sin embargo, <b>el problema radica en que la acci\u00f3n humana sobre el planeta las est\u00e1 haciendo cada vez m\u00e1s frecuentes<\/b> y muchas naciones, como las europeas, no est\u00e1n preparadas para ello. <\/p>\n<\/div>\n<div dir=\"ltr\" class=\"bbc-1ka88fa essoxwk0\">\n<figure class=\"bbc-1qdcvv9 e170cyvj0\">\n<div dir=\"ltr\" class=\"bbc-172p16q essoxwk0\">\n<div dir=\"ltr\" class=\"bbc-189y18v essoxwk0\" readability=\"6.5\">\n<div data-e2e=\"image-placeholder\" class=\"bbc-997y1y ezb2r2b0\" readability=\"8\"><noscript><picture class=\"bbc-yfiktt e11uq3261\"><source srcset=\"http:\/\/nuevacordoba.net\/wp-content\/uploads\/2022\/07\/cuales-son-las-causas-de-la-historica-ola-de-calor-que-esta-sofocando-a-europa-9.webp 240w, http:\/\/nuevacordoba.net\/wp-content\/uploads\/2022\/07\/cuales-son-las-causas-de-la-historica-ola-de-calor-que-esta-sofocando-a-europa-10.webp 320w, http:\/\/nuevacordoba.net\/wp-content\/uploads\/2022\/07\/cuales-son-las-causas-de-la-historica-ola-de-calor-que-esta-sofocando-a-europa-11.webp 480w, http:\/\/nuevacordoba.net\/wp-content\/uploads\/2022\/07\/cuales-son-las-causas-de-la-historica-ola-de-calor-que-esta-sofocando-a-europa-12.webp 624w, http:\/\/nuevacordoba.net\/wp-content\/uploads\/2022\/07\/cuales-son-las-causas-de-la-historica-ola-de-calor-que-esta-sofocando-a-europa-13.webp 800w\" type=\"image\/webp\" sizes=\"(min-width: 1008px) 645px, 100vw\"><source srcset=\"https:\/\/ichef.bbci.co.uk\/news\/240\/cpsprodpb\/839F\/production\/_125959633_firereuters.jpg 240w, https:\/\/ichef.bbci.co.uk\/news\/320\/cpsprodpb\/839F\/production\/_125959633_firereuters.jpg 320w, https:\/\/ichef.bbci.co.uk\/news\/480\/cpsprodpb\/839F\/production\/_125959633_firereuters.jpg 480w, https:\/\/ichef.bbci.co.uk\/news\/624\/cpsprodpb\/839F\/production\/_125959633_firereuters.jpg 624w, https:\/\/ichef.bbci.co.uk\/news\/800\/cpsprodpb\/839F\/production\/_125959633_firereuters.jpg 800w\" type=\"image\/jpeg\" sizes=\"(min-width: 1008px) 645px, 100vw\"><img loading=\"lazy\" src=\"http:\/\/nuevacordoba.net\/wp-content\/uploads\/2022\/07\/cuales-son-las-causas-de-la-historica-ola-de-calor-que-esta-sofocando-a-europa-3.jpg\" alt=\"fuego\" width=\"976\" height=\"549\" class=\"eehpdyc0 bbc-rb7xa0 e11uq3260\"><\/picture><\/noscript><\/p>\n<p role=\"text\" class=\"bbc-1s1cxbv eynndk20\"><span class=\"bbc-1gnhmg2 evnljr50\">Fuente de la imagen, <\/span><span lang=\"en-GB\">Reuters<\/span><\/p>\n<\/div>\n<\/div>\n<\/div>\n<\/figure>\n<\/div>\n<div dir=\"ltr\" class=\"bbc-19j92fr essoxwk0\" readability=\"10\">\n<p dir=\"ltr\" class=\"bbc-bm53ic e1cc2ql70\">\u00abEl problema es que las hemos visto intensificarse durante las \u00faltimas d\u00e9cadas y no estamos preparados para esto. La huella del cambio clim\u00e1tico est\u00e1 detr\u00e1s de todo esto y es previsible que en el futuro tengamos olas incluso m\u00e1s intensas\u00bb, le dijo a <i class=\"bbc-h1y5j7 ewc4zcb0\">Newsnight<\/i>.<\/p>\n<\/div>\n<div dir=\"ltr\" class=\"bbc-19j92fr essoxwk0\" readability=\"10\">\n<p dir=\"ltr\" class=\"bbc-bm53ic e1cc2ql70\">El meteor\u00f3logo a\u00f1adi\u00f3 que si bien la ola afecta ahora partes de Europa, el aumento de las temperaturas es una cuesti\u00f3n global, por lo que todo el mundo puede verse afectado en fechas venideras. <\/p>\n<\/div>\n<div dir=\"ltr\" class=\"bbc-19j92fr essoxwk0\" readability=\"9\">\n<p dir=\"ltr\" class=\"bbc-bm53ic e1cc2ql70\">\u00abEstaremos viendo r\u00e9cords de calor que se rompen continuamente en todo el mundo a medida que aumenta la temperatura promedio global\u00bb, afirm\u00f3.<\/p>\n<\/div>\n<div dir=\"ltr\" class=\"bbc-1ka88fa essoxwk0\">\n<figure class=\"bbc-1qdcvv9 e170cyvj0\">\n<div dir=\"ltr\" class=\"bbc-172p16q essoxwk0\">\n<div dir=\"ltr\" class=\"bbc-189y18v essoxwk0\">\n<div data-e2e=\"image-placeholder\" class=\"bbc-997y1y ezb2r2b0\"><noscript><picture class=\"bbc-yfiktt e11uq3261\"><source srcset=\"http:\/\/nuevacordoba.net\/wp-content\/uploads\/2022\/07\/cuales-son-las-causas-de-la-historica-ola-de-calor-que-esta-sofocando-a-europa-14.webp 240w, http:\/\/nuevacordoba.net\/wp-content\/uploads\/2022\/07\/cuales-son-las-causas-de-la-historica-ola-de-calor-que-esta-sofocando-a-europa-15.webp 320w, http:\/\/nuevacordoba.net\/wp-content\/uploads\/2022\/07\/cuales-son-las-causas-de-la-historica-ola-de-calor-que-esta-sofocando-a-europa-16.webp 464w\" type=\"image\/webp\" sizes=\"(min-width: 1008px) 645px, 100vw\"><source srcset=\"https:\/\/ichef.bbci.co.uk\/news\/240\/cpsprodpb\/AD77\/production\/_106170444_line976.jpg 240w, https:\/\/ichef.bbci.co.uk\/news\/320\/cpsprodpb\/AD77\/production\/_106170444_line976.jpg 320w, https:\/\/ichef.bbci.co.uk\/news\/464\/cpsprodpb\/AD77\/production\/_106170444_line976.jpg 464w\" type=\"image\/jpeg\" sizes=\"(min-width: 1008px) 645px, 100vw\"><img loading=\"lazy\" src=\"http:\/\/nuevacordoba.net\/wp-content\/uploads\/2022\/07\/cuales-son-las-causas-de-la-historica-ola-de-calor-que-esta-sofocando-a-europa-4.jpg\" alt=\"line\" width=\"464\" height=\"2\" class=\"eehpdyc0 bbc-rb7xa0 e11uq3260\"><\/picture><\/noscript><\/div>\n<\/div>\n<\/div>\n<\/figure>\n<\/div>\n<div dir=\"ltr\" class=\"bbc-19j92fr essoxwk0\" readability=\"8\">\n<p dir=\"ltr\" class=\"bbc-bm53ic e1cc2ql70\"><i class=\"bbc-h1y5j7 ewc4zcb0\">Ahora puedes recibir notificaciones de BBC Mundo. Descarga la nueva versi\u00f3n de nuestra app y act\u00edvalas para no perderte nuestro mejor contenido.<\/i><\/p>\n<\/div>\n","protected":false},"excerpt":{"rendered":"<p>Redacci\u00f3n BBC News Mundo 4 horas Fuente de la imagen, METDESK Una ola de calor sin precedentes afecta gran parte del oeste de Europa. Las temperaturas sofocantes han marcado r\u00e9cord en los \u00faltimos d\u00edas en varias naciones y, solo este martes, Reino Unido rompi\u00f3 tres veces en un mismo d\u00eda sus marcas hist\u00f3ricas y lleg\u00f3 [&hellip;]<\/p>\n","protected":false},"author":1,"featured_media":22186,"comment_status":"closed","ping_status":"closed","sticky":false,"template":"","format":"standard","meta":[],"categories":[13],"tags":[],"_links":{"self":[{"href":"http:\/\/nuevacordoba.net\/index.php\/wp-json\/wp\/v2\/posts\/22185"}],"collection":[{"href":"http:\/\/nuevacordoba.net\/index.php\/wp-json\/wp\/v2\/posts"}],"about":[{"href":"http:\/\/nuevacordoba.net\/index.php\/wp-json\/wp\/v2\/types\/post"}],"author":[{"embeddable":true,"href":"http:\/\/nuevacordoba.net\/index.php\/wp-json\/wp\/v2\/users\/1"}],"replies":[{"embeddable":true,"href":"http:\/\/nuevacordoba.net\/index.php\/wp-json\/wp\/v2\/comments?post=22185"}],"version-history":[{"count":0,"href":"http:\/\/nuevacordoba.net\/index.php\/wp-json\/wp\/v2\/posts\/22185\/revisions"}],"wp:featuredmedia":[{"embeddable":true,"href":"http:\/\/nuevacordoba.net\/index.php\/wp-json\/wp\/v2\/media\/22186"}],"wp:attachment":[{"href":"http:\/\/nuevacordoba.net\/index.php\/wp-json\/wp\/v2\/media?parent=22185"}],"wp:term":[{"taxonomy":"category","embeddable":true,"href":"http:\/\/nuevacordoba.net\/index.php\/wp-json\/wp\/v2\/categories?post=22185"},{"taxonomy":"post_tag","embeddable":true,"href":"http:\/\/nuevacordoba.net\/index.php\/wp-json\/wp\/v2\/tags?post=22185"}],"curies":[{"name":"wp","href":"https:\/\/api.w.org\/{rel}","templated":true}]}}