{"id":22193,"date":"2022-07-19T22:10:37","date_gmt":"2022-07-19T22:10:37","guid":{"rendered":"https:\/\/es.digitaltrends.com\/?p=954018"},"modified":"2022-07-19T22:10:37","modified_gmt":"2022-07-19T22:10:37","slug":"san-diego-comic-con-2022-lo-que-necesita-saber-sobre-cada-panel-importante","status":"publish","type":"post","link":"http:\/\/nuevacordoba.net\/index.php\/2022\/07\/19\/san-diego-comic-con-2022-lo-que-necesita-saber-sobre-cada-panel-importante\/","title":{"rendered":"San Diego Comic-Con 2022: lo que necesita saber sobre cada panel importante"},"content":{"rendered":"<div><img src=\"http:\/\/nuevacordoba.net\/wp-content\/uploads\/2022\/07\/san-diego-comic-con-2022-lo-que-necesita-saber-sobre-cada-panel-importante.jpg\" class=\"ff-og-image-inserted\"><\/div>\n<p>El principal evento de fans de San Diego&nbsp;est\u00e1 de vuelta por un a\u00f1o m\u00e1s, y se espera que&nbsp;la&nbsp;<a href=\"https:\/\/es.digitaltrends.com\/entretenimiento\/black-adam-la-roca\/\"><strong>Comic-Con<\/strong><\/a> de este a\u00f1o&nbsp;d\u00e9 algunas noticias importantes. Entre los paneles m\u00e1s grandes del festival se encuentran los avances de dos de los proyectos de fantas\u00eda m\u00e1s grandes del a\u00f1o: la adaptaci\u00f3n de Prime Video de&nbsp;<em>El Se\u00f1or de los Anillos y la&nbsp;<\/em>precuela&nbsp;<em>de Game of Thrones&nbsp;<\/em><em>de HBO <a href=\"https:\/\/es.digitaltrends.com\/entretenimiento\/house-of-dragon-guerra-civil-targaryen-hbo\/\">House of the Dragon<\/a><\/em>.<\/p>\n<p>Sin embargo, es probable que el evento m\u00e1s grande del fin de semana de paneles sea el regreso de Marvel al Hall H, donde el presidente de la compa\u00f1\u00eda, Kevin Feige, ofrecer\u00e1 nuevos detalles sobre proyectos previamente anunciados y tambi\u00e9n puede revelar una lista ampliada de proyectos que les d\u00e9 a los fan\u00e1ticos una idea de c\u00f3mo ser\u00e1 el futuro de Marvel.<\/p>\n<h2><strong>Jueves, 21 de julio<\/strong><\/h2>\n<h3>Teen Wolf: The Movie (1:30 p.m. a 2:30 p.m., Hall H)<\/h3>\n<p>La pr\u00f3xima adaptaci\u00f3n de largometraje de Paramount + se presentar\u00e1 durante el panel, que contar\u00e1 con el creador de la serie Jeff Davis, as\u00ed como Tyler Hoechlin y Tyler Posey, quienes coprotagonizaron el programa.<\/p>\n<h3>Moon Girl y Devil Dinosaur (2:15 p.m. a 3:15 p.m., Sala 6BCF)<\/h3>\n<p>La lista animada de Marvel todav\u00eda se est\u00e1 expandiendo, y nuestro primer vistazo a&nbsp;<em>Moon Girl y Devil Dinosaur&nbsp;<\/em>iniciar\u00e1 un fin de semana lleno de noticias de Marvel. La pr\u00f3xima&nbsp;serie de Disney +&nbsp;estar\u00e1 protagonizada por Diamond White y Fred Tatasciore, quienes se espera que asistan al panel junto con miembros del equipo creativo del programa.<\/p>\n<h3>Abbott Elementary (1:30 p.m. a 2:30 p.m., Indigo Ballroom)<\/h3>\n<p>El \u00e9xito de ABC se har\u00e1 cargo del Indigo Ballroom, con apariciones de la estrella y creadora Quinta Brunson, as\u00ed como de los miembros del elenco Tyler James Williams, Janelle James, Chris Perfetti, William Stanford Davis, Sheryl Lee Ralph y Lisa Ann Walter y los productores ejecutivos del programa. Se espera que el panel discuta la realizaci\u00f3n de la primera temporada, pero podemos esperar que tambi\u00e9n ofrezcan algunas pistas sobre lo que la temporada 2 tendr\u00e1 reservado.<\/p>\n<h3>Indemnizaci\u00f3n (3:30 p.m. a 4:30 p.m., Sal\u00f3n de baile 20)<\/h3>\n<p>El creador Dan Erickson se unir\u00e1 a los miembros del elenco Adam. Scott, Britt Lower, Jen Tullock, Tramell Tillman y Dichen Lachman hablar\u00e1n sobre la primera temporada de la serie apple TV+, ese&nbsp;memorable final de temporada&nbsp;y, posiblemente, su segunda temporada tras la noticia de su renovaci\u00f3n.<\/p>\n<h2><strong>Viernes, 22 de julio<\/strong><\/h2>\n<h3>El Se\u00f1or de los Anillos: Los Anillos de Poder (10:30 a.m. a 12 p.m., Hall H)<\/h3>\n<p>Se espera que el elenco de uno de los programas m\u00e1s esperados que a\u00fan no se estrenar\u00e1 en 2022 descienda al Hall H junto a los showrunners Patrick McKay y J.D. Payne. Una vez reunidos, el elenco probablemente derramar\u00e1 algo de informaci\u00f3n adicional sobre su viaje a la segunda edad de la Tierra Media.<\/p>\n<h3>Marvel Animation (11:45 a.m. a 1:15 p.m., Hall H)<\/h3>\n<p>Antes de que aprendamos m\u00e1s sobre la pr\u00f3xima lista teatral de Marvel, el estudio planea proporcionar una actualizaci\u00f3n sobre sus programas animados despu\u00e9s de&nbsp;<em>What If\u2026?<\/em>&nbsp;Ya sabemos sobre la segunda temporada de&nbsp;<em>What If\u2026? y<\/em>&nbsp;nuevos programas como&nbsp;<em>X-Men \u201997&nbsp;<\/em>y&nbsp;<em>Marvel Zombies<\/em>, pero el jefe de departamento Brad Winderbaum puede proporcionar algunos detalles sobre las pr\u00f3ximas series.<\/p>\n<h3>The Walking Dead (1:30 p.m. a 2:30 p.m., Hall H)<\/h3>\n<p>El&nbsp;mundo de The Walking Dead<em>&nbsp;<\/em>contin\u00faa creciendo, y con solo ocho episodios restantes en la serie principal, puede esperar que este panel cubra lo que deber\u00edamos esperar de ese conjunto final de episodios, incluidas las posibles im\u00e1genes, as\u00ed como un panel que presenta a los miembros del elenco que han logrado sobrevivir a las espeluznantes m\u00e1s de 10 temporadas que ya se han emitido.<\/p>\n<h3>Paper Girls (1:30 p.m. a 2:30 p.m., Sal\u00f3n de baile 20)<\/h3>\n<div class=\"dtvideos-container\" data-provider=\"youtube\">\n<div>\n<p>Uno de los proyectos m\u00e1s bajo el radar que pueden entusiasmar a los fan\u00e1ticos,&nbsp;<em>Paper Girls<\/em>&nbsp;es una adaptaci\u00f3n de una novela gr\u00e1fica centrada en los viajes en el tiempo. Durante el panel, el cocreador de la serie Brian K. Vaughan y Cliff Chiang discutir\u00e1n su adaptaci\u00f3n. Los fan\u00e1ticos dedicados de la novela tambi\u00e9n pueden ver una proyecci\u00f3n a las 7 p.m. en el Rooftop Cinema Club Embarcadero, Manchester Grand Hyatt antes de que la serie se estrene oficialmente en Prime Video el 29 de julio.<\/p>\n<h3>BRZRKR (3 p.m. a 4 p.m., Hall H)<\/h3>\n<p>Se espera que los cocreadores Keanu Reeves y Matt Kindt asistan a este panel&nbsp;<em>de BRZRKR&nbsp;<\/em>sobre el futuro del c\u00f3mic, as\u00ed como a una pr\u00f3xima adaptaci\u00f3n de largometrajes que aparentemente est\u00e1 en proceso.<\/p>\n<h2><strong>S\u00e1bado, 23 de julio<\/strong><\/h2>\n<h3>Exhibici\u00f3n teatral de Warner Bros. (10:15 a.m. a 11:45 a.m., Hall H)<\/h3>\n<p>El s\u00e1bado es, sin duda, el d\u00eda m\u00e1s importante de la Comic-Con de este a\u00f1o, y comienza con un avance de las&nbsp;<a href=\"https:\/\/www.digitaltrends.com\/movies\/how-to-watch-dc-movies-in-order\/\">pel\u00edculas del DCEU<\/a>&nbsp;<em>Black Adam.&nbsp;<\/em>y&nbsp;<em>Shazam.! Fury of the Gods<\/em>&nbsp;con las estrellas de esas dos pel\u00edculas, Dwayne Johnson y Zachary Levi respectivamente. Tambi\u00e9n se espera que aparezcan varios invitados sorpresa, y tambi\u00e9n es posible que veamos im\u00e1genes de la pr\u00f3xima secuela de&nbsp;<em>Aquaman&nbsp;<\/em>y&nbsp;<em>The Flash<\/em>, a pesar de que los paneles con las estrellas de ambas pel\u00edculas fueron cancelados.<\/p>\n<h3>House of the Dragon (11:30 a.m. a 12:30 p.m., Hall H)<\/h3>\n<\/p><\/div>\n<\/div>\n<div>La muy esperada precuela&nbsp;<em>de Game of Thrones de&nbsp;<\/em>HBO finalmente est\u00e1 a nuestras puertas, y George R.R. Martin aparecer\u00e1 en este panel junto con la gran mayor\u00eda del elenco y el equipo creativo de la serie. Se espera que el equipo discuta la pr\u00f3xima serie, que se centrar\u00e1 en una guerra dentro de la familia Targaryen en el apogeo de su reinado sobre el reino de Westeros.<\/div>\n<div>\n<h3>Universo Star Trek (12:45 p.m. a 2:15 p.m., Hall H)<\/h3>\n<div class=\"dtvideos-container\" data-provider=\"youtube\">\n<div>Los proyectos teatrales de Star Trek parecen ser en gran medida inexistentes, al menos por el momento, por lo que se espera que este panel toque los programas de televisi\u00f3n que tienen lugar dentro del universo en este momento, que incluyen&nbsp;<em>Star Trek: Picard<\/em>,&nbsp;<em>Star Trek: Strange New Worlds<\/em>&nbsp;y&nbsp;<em>Star Trek: Lower Decks<\/em>. Se espera que las estrellas y los ejecutivos detr\u00e1s de los tres programas se re\u00fanan para el panel, que se centrar\u00e1 en el desarrollo de sus espect\u00e1culos y lo que viene a continuaci\u00f3n para el universo.<\/div>\n<\/div>\n<\/div>\n<div>\n<h3>The Sandman (2:30 p.m. a 3:30 p.m., Hall H)<\/h3>\n<div class=\"dtvideos-container\" data-provider=\"youtube\">\n<div>\n<p><em>The Sandman&nbsp;<\/em>de Neil Gaiman finalmente est\u00e1 llegando a nuestras pantallas, y hay mucha emoci\u00f3n por la serie. En este panel, se espera que las estrellas de la serie aparezcan junto al equipo creativo del programa para discutir la adaptaci\u00f3n, que se estrenar\u00e1 en Netflix en agosto.<\/p>\n<h3>Exhibici\u00f3n teatral de Marvel (5 p.m. a 6 p.m., Hall H)<\/h3>\n<p>Marvel&nbsp;no ha asistido a una Comic-Con desde 2019, y el regreso del jefe de Marvel, Kevin Feige, al Hall H es probablemente el panel m\u00e1s esperado de todo el evento. Se espera que Feige comparta detalles sobre m\u00faltiples proyectos pr\u00f3ximos, incluidos&nbsp;<em>Black Panther: Wakanda Forever<\/em>,&nbsp;<em>Ant-Man and the Wasp: Quantumania<\/em>,&nbsp;<em>Guardians of the Galaxy Vol. 3<\/em>&nbsp;y&nbsp;<em>The Marvels<\/em>. Feige tambi\u00e9n puede anunciar algunos nuevos proyectos que pueden dar forma a la quinta fase de los estudios y m\u00e1s all\u00e1. Est\u00e9 atento a las im\u00e1genes de&nbsp;<em>Black Panther<\/em>, que se estrenar\u00e1 en noviembre.<\/p>\n<h2><strong>Domingo, 24 de julio<\/strong><\/h2>\n<h3>Lo que hacemos en las sombras (1:15 p.m. a 2:15 p.m., Hall H)<\/h3>\n<p><em>What We Do in the Shadows&nbsp;<\/em>acaba de estrenar su cuarta temporada, y la serie sigue disparando en todos los cilindros. Como el \u00fanico panel importante que se llevar\u00e1 a cabo el domingo, se espera que el elenco y los creativos detr\u00e1s del espect\u00e1culo den a los asistentes un final extravagante para una Comic-Con que estar\u00e1 repleta de paneles de noticias a principios del fin de semana.<\/p>\n<\/div>\n<\/div>\n<\/div>\n<h4 class=\"b-editors-recs-title h-editors-recs-title\"> Recomendaciones del editor\t<\/h4>\n<p> <span id=\"publisher-md\" itemprop=\"publisher\" itemscope itemtype=\"https:\/\/schema.org\/Organization\"> <span itemprop=\"url\" itemtype=\"https:\/\/schema.org\/Url\" content=\"https:\/\/es.digitaltrends.com\"> <span itemprop=\"logo\" itemscope itemtype=\"https:\/\/schema.org\/ImageObject\"> <meta itemprop=\"url\" content=\"https:\/\/cdn.dtcn.com\/dt\/dt-logo-small.png\"> <meta itemprop=\"width\" content=\"0\"> <meta itemprop=\"height\" content=\"0\"> <\/span> <meta itemprop=\"name\" content=\"Digital Trends Espa\u00f1ol\"> <\/span> <span itemprop=\"image\" itemscope itemtype=\"https:\/\/schema.org\/ImageObject\"> <meta itemprop=\"url\" content=\"http:\/\/nuevacordoba.net\/wp-content\/uploads\/2022\/07\/san-diego-comic-con-2022-lo-que-necesita-saber-sobre-cada-panel-importante.jpg\"> <\/span> <\/span><\/p>\n","protected":false},"excerpt":{"rendered":"<p>El principal evento de fans de San Diego&nbsp;est\u00e1 de vuelta por un a\u00f1o m\u00e1s, y se espera que&nbsp;la&nbsp;Comic-Con de este a\u00f1o&nbsp;d\u00e9 algunas noticias importantes. Entre los paneles m\u00e1s grandes del festival se encuentran los avances de dos de los proyectos de fantas\u00eda m\u00e1s grandes del a\u00f1o: la adaptaci\u00f3n de Prime Video de&nbsp;El Se\u00f1or de los [&hellip;]<\/p>\n","protected":false},"author":1,"featured_media":22194,"comment_status":"open","ping_status":"closed","sticky":false,"template":"","format":"standard","meta":[],"categories":[7],"tags":[],"_links":{"self":[{"href":"http:\/\/nuevacordoba.net\/index.php\/wp-json\/wp\/v2\/posts\/22193"}],"collection":[{"href":"http:\/\/nuevacordoba.net\/index.php\/wp-json\/wp\/v2\/posts"}],"about":[{"href":"http:\/\/nuevacordoba.net\/index.php\/wp-json\/wp\/v2\/types\/post"}],"author":[{"embeddable":true,"href":"http:\/\/nuevacordoba.net\/index.php\/wp-json\/wp\/v2\/users\/1"}],"replies":[{"embeddable":true,"href":"http:\/\/nuevacordoba.net\/index.php\/wp-json\/wp\/v2\/comments?post=22193"}],"version-history":[{"count":0,"href":"http:\/\/nuevacordoba.net\/index.php\/wp-json\/wp\/v2\/posts\/22193\/revisions"}],"wp:featuredmedia":[{"embeddable":true,"href":"http:\/\/nuevacordoba.net\/index.php\/wp-json\/wp\/v2\/media\/22194"}],"wp:attachment":[{"href":"http:\/\/nuevacordoba.net\/index.php\/wp-json\/wp\/v2\/media?parent=22193"}],"wp:term":[{"taxonomy":"category","embeddable":true,"href":"http:\/\/nuevacordoba.net\/index.php\/wp-json\/wp\/v2\/categories?post=22193"},{"taxonomy":"post_tag","embeddable":true,"href":"http:\/\/nuevacordoba.net\/index.php\/wp-json\/wp\/v2\/tags?post=22193"}],"curies":[{"name":"wp","href":"https:\/\/api.w.org\/{rel}","templated":true}]}}