{"id":22208,"date":"2022-07-20T11:35:01","date_gmt":"2022-07-20T11:35:01","guid":{"rendered":"http:\/\/nuevacordoba.net\/index.php\/2022\/07\/20\/cumple-75-anos-carlos-santana-el-latino-que-en-pleno-verano-del-amor-atraveso-al-rock\/"},"modified":"2022-07-20T11:35:01","modified_gmt":"2022-07-20T11:35:01","slug":"cumple-75-anos-carlos-santana-el-latino-que-en-pleno-verano-del-amor-atraveso-al-rock","status":"publish","type":"post","link":"http:\/\/nuevacordoba.net\/index.php\/2022\/07\/20\/cumple-75-anos-carlos-santana-el-latino-que-en-pleno-verano-del-amor-atraveso-al-rock\/","title":{"rendered":"Cumple 75 a\u00f1os Carlos Santana, el latino que en pleno \u00abverano del amor\u00bb atraves\u00f3 al rock"},"content":{"rendered":"<figure class=\"mb-3\"><img loading=\"lazy\" src=\"http:\/\/nuevacordoba.net\/wp-content\/uploads\/2022\/07\/cumple-75-anos-carlos-santana-el-latino-que-en-pleno-verano-del-amor-atraveso-al-rock.jpg\" width=\"100%\" height=\"100%\" alt=\"La gran explosin comercial de Carlos Santana llegara en 1999 con Supernatural Foto AFP\"><figcaption> La gran explosi\u00f3n comercial de Carlos Santana llegar\u00eda en 1999 con \u00abSupernatural\u00bb. Foto: AFP. <\/figcaption><\/figure>\n<p>Mientras se recupera de un desmayo por deshidrataci\u00f3n sufrido d\u00edas atr\u00e1s que lo retir\u00f3 de un escenario en medio de una actuaci\u00f3n en Michigan, este mi\u00e9rcoles <strong>cumple 75 a\u00f1os Carlos Santana<\/strong>, el endiablado guitarrista que sorprendi\u00f3 con su fuego latino en el famoso Festival de Woodstock en 1969, al ofrecer una nueva variante al rock, tanto desde el personal sonido de su instrumento como desde el aspecto r\u00edtmico.<\/p>\n<p>Toda una generaci\u00f3n a nivel mundial qued\u00f3 hipnotizada cuando, desde las pantallas de los cines que proyectaban el documental registrado en los hist\u00f3ricos \u00abtres d\u00edas de paz y amor\u00bb, surg\u00eda la imagen de este <strong>mexicano<\/strong>, nacionalizado <strong>estadounidense<\/strong>, que gesticulaba y se mov\u00eda como un pose\u00eddo, como intentando domar el m\u00e1stil de su guitarra, mientras desgranaba las notas de \u00abSoul Sacrifice\u00bb y una irresistible secci\u00f3n r\u00edtmica alimentaba el trance.<\/p>\n<p>Hace pocos a\u00f1os, el m\u00fasico revel\u00f3 que sus colegas de Greatful Dead le hab\u00edan convidado un \u00e1cido entre bambalinas y \u00e9l acept\u00f3 creyendo que para la hora de su actuaci\u00f3n se le habr\u00eda pasado el efecto; sin embargo los organizadores anticiparon su set y tuvo que \u00abluchar\u00bb contra la serpiente imaginaria en que hab\u00eda devenido el m\u00e1stil de su guitarra, efecto de su estado lis\u00e9rgico.<\/p>\n<p>M\u00e1s impactante a\u00fan fue para el p\u00fablico argentino que, durante varios a\u00f1os en funciones de trasnoche, pudo asistir a un espect\u00e1culo revelador, en a\u00f1os en que todo lo relacionado a la cultura rock era nuevo y, en la mayor\u00eda de los casos, lejano.<\/p>\n<p>El idilio se consum\u00f3 definitivamente cuando <strong>Santana visit\u00f3 la Argentina en octubre de 1973<\/strong>, en los d\u00edas en que Juan Domingo Per\u00f3n asum\u00eda su tercera presidencia, y en tiempos en que era impensable un show internacional en nuestro pa\u00eds.<\/p>\n<p>Fueron tres conciertos memorables, en el Luna Park, el Teatro Metro y el Viejo Gas\u00f3metro, que confirmaron que el guitarrista entraba en un estado de gracia sobre el escenario, acaso contagiado por el calor de la percusi\u00f3n.<\/p>\n<p>Pero este sonido tan novedoso era en realidad producto de la propia historia de vida de Carlos Santana, nacido en Jalisco, con un padre violinista que integraba un grupo de mariachis; pero que en su adolescencia emigr\u00f3 a San Francisco.<\/p>\n<p>Los sonidos latinos de su infancia, el primitivo rock and roll que escuchaba en las radios y la escena vanguardista de San Francisco fueron creando en el joven m\u00fasico un cocktail sonoro que iba a hacer explosi\u00f3n en los \u00faltimos a\u00f1os de los `60, cuando conform\u00f3 un grupo al que bautiz\u00f3 con su apellido.<\/p>\n<p>M\u00e1s all\u00e1 de distintos cambios que fue haciendo en su banda, Santana fue hilvanando una serie de discos entre 1969 y la primera mitad de 1975 que lo consolidaron como un referente en la cruza del rock y g\u00e9neros latinos, como la salsa, el chachacha, el bolero o el samba.<\/p>\n<p>As\u00ed destacan su hom\u00f3nimo debut de 1969, \u00abAbraxas\u00bb de 1970 y \u00abCaravanserai\u00bb de 1972; y temas cl\u00e1sicos como \u00abOye c\u00f3mo va\u00bb, de Tito Puente; \u00abBlack Magic Woman\u00bb, de Peter Green; o \u00abEvil\u00b4s Ways\u00bb, de Willie Bobo, entre otros.<\/p>\n<p>Su <strong>amor por el jazz<\/strong>, en especial por John Coltrane, lo acerc\u00f3 a varias figuras del g\u00e9nero, y la b\u00fasqueda espiritual lo condujo a John McLaughin y su Mahavishnu Orchestra, con quien grab\u00f3 un disco y conoci\u00f3 a un gur\u00fa al que iba a estar ligado a lo largo de los `70.<\/p>\n<p>Fueron a\u00f1os en donde continuaron las grandes creaciones, con m\u00e1s cl\u00e1sicos como \u00abSamba pa\u00b4ti\u00bb y \u00abEuropa\u00bb; pero tambi\u00e9n de grandes conflictos por la intromisi\u00f3n del gur\u00fa en su carrera y sus finanzas, con quien finalmente iba a romper sobre el final de la d\u00e9cada.<\/p>\n<p>Aunque mantuvo su reputaci\u00f3n como m\u00fasico, los a\u00f1os \u00b480 lo vieron alejado de los primeros planos, hasta que en la primera mitad de los `90 tuvo un resurgimiento con discos como \u00abSpirit Dancing In the Flesh\u00bb de 1990 y \u00abMilagro\u00bb de 1992 que lo mantuvo en una larga gira que tuvo una parada en mayo de 1993 en la cancha de Velez.<\/p>\n<p>Pero la gran explosi\u00f3n comercial llegar\u00eda en 1999 con \u00abSupernatural\u00bb, un trabajo en el que puso el sello de su guitarra en canciones interpretadas por grandes figuras de la m\u00fasica, como Man\u00e1, Rob Thomas, Eric Clapton y Wyclef Jean, entre tantos. De all\u00ed salieron hits como \u00abCoraz\u00f3n espinado\u00bb y \u00abSmooth\u00bb.<\/p>\n<div class=\"video_repositive\"> <a class=\"video_sticky\" href=\"javascript:void();\" onclick=\"removeStuckVideo(true);\"><i class=\"far fa-window-close\"><\/i><\/a> <\/p>\n<div id=\"6Whgn_iE5uc\" class=\"video_telam\" readability=\"6\">\n<div class=\"feature_article_inner\" readability=\"32\">\n<p><h2 class=\"text-center\">Santana &#8211; Smooth ft. Rob Thomas (Official Video)<\/h2>\n<\/p><\/div>\n<p>VER VIDEO <i class=\"fas fa-play\"><\/i><\/p>\n<\/p><\/div><\/div>\n<p>Sin embargo, ese gran \u00e9xito comercial tambi\u00e9n iba a mostrar un Santana con un sonido y f\u00f3rmulas repetitivas, casi como un clish\u00e9 de s\u00ed mismo, y asociado a nombres con m\u00e1s \u00abcocardas\u00bb comerciales que art\u00edsticas.<\/p>\n<p>As\u00ed como toda una generaci\u00f3n hab\u00eda quedado con la imagen congelada de un Santana prendido fuego en Woodstock, ahora hab\u00eda toda una nueva camada de oyentes que lo consideraban un mero producto comercial algo pasado de moda. Por supuesto que tambi\u00e9n hab\u00eda una antigua ola de seguidores que sent\u00eda que el guitarrista \u00abse hab\u00eda vendido al mejor postor\u00bb.<\/p>\n<p>Acaso la peor imagen de Santana se haya visto cuando en la ceremonia de 2005 de los Premios Oscar literalmente aturdi\u00f3 con el sonido de su guitarra en la insoportable versi\u00f3n junto a Antonio Banderas de la bella canci\u00f3n ganadora de la estatuilla \u00abAl otro lado del r\u00edo\u00bb, del uruguayo Jorge Drexler.<\/p>\n<p>Si bien nunca perdi\u00f3 su halo de gran artista que realiz\u00f3 un gran aporte al rock, la estrella de Santana parec\u00eda haberse apagado en alg\u00fan momento de los \u00b490, hasta que en 2016 decidi\u00f3 retomar la historia interrumpida en los tempranos `70 y volvi\u00f3 a reunir a su hist\u00f3rica banda de la \u00e9poca de Woodstock para registrar \u00abSantana IV\u00bb, un glorioso regreso a las fuentes.<\/p>\n<p>Desde entonces, el guitarrista recuper\u00f3 la credibilidad de aquellos que comenzaron a mirarlo con recelo ante el gran \u00e9xito comercial, a la vez que ratific\u00f3 su genialidad para los que nunca dejaron de considerarlo uno de los m\u00e1s grandes de todos los tiempos en su instrumento.<\/p>\n<p>Tal vez por eso en estos d\u00edas las redes se llenaron de saludos de los colegas deseando una pronta mejor\u00eda al artista que a los 75 a\u00f1os todav\u00eda est\u00e1 en condiciones de escribir algunas p\u00e1ginas gloriosas. <\/p>\n","protected":false},"excerpt":{"rendered":"<p>La gran explosi\u00f3n comercial de Carlos Santana llegar\u00eda en 1999 con \u00abSupernatural\u00bb. Foto: AFP. Mientras se recupera de un desmayo por deshidrataci\u00f3n sufrido d\u00edas atr\u00e1s que lo retir\u00f3 de un escenario en medio de una actuaci\u00f3n en Michigan, este mi\u00e9rcoles cumple 75 a\u00f1os Carlos Santana, el endiablado guitarrista que sorprendi\u00f3 con su fuego latino en [&hellip;]<\/p>\n","protected":false},"author":1,"featured_media":22209,"comment_status":"closed","ping_status":"closed","sticky":false,"template":"","format":"standard","meta":[],"categories":[9],"tags":[],"_links":{"self":[{"href":"http:\/\/nuevacordoba.net\/index.php\/wp-json\/wp\/v2\/posts\/22208"}],"collection":[{"href":"http:\/\/nuevacordoba.net\/index.php\/wp-json\/wp\/v2\/posts"}],"about":[{"href":"http:\/\/nuevacordoba.net\/index.php\/wp-json\/wp\/v2\/types\/post"}],"author":[{"embeddable":true,"href":"http:\/\/nuevacordoba.net\/index.php\/wp-json\/wp\/v2\/users\/1"}],"replies":[{"embeddable":true,"href":"http:\/\/nuevacordoba.net\/index.php\/wp-json\/wp\/v2\/comments?post=22208"}],"version-history":[{"count":0,"href":"http:\/\/nuevacordoba.net\/index.php\/wp-json\/wp\/v2\/posts\/22208\/revisions"}],"wp:featuredmedia":[{"embeddable":true,"href":"http:\/\/nuevacordoba.net\/index.php\/wp-json\/wp\/v2\/media\/22209"}],"wp:attachment":[{"href":"http:\/\/nuevacordoba.net\/index.php\/wp-json\/wp\/v2\/media?parent=22208"}],"wp:term":[{"taxonomy":"category","embeddable":true,"href":"http:\/\/nuevacordoba.net\/index.php\/wp-json\/wp\/v2\/categories?post=22208"},{"taxonomy":"post_tag","embeddable":true,"href":"http:\/\/nuevacordoba.net\/index.php\/wp-json\/wp\/v2\/tags?post=22208"}],"curies":[{"name":"wp","href":"https:\/\/api.w.org\/{rel}","templated":true}]}}