{"id":22210,"date":"2022-07-20T12:04:57","date_gmt":"2022-07-20T12:04:57","guid":{"rendered":"http:\/\/nuevacordoba.net\/index.php\/2022\/07\/20\/el-fuego-amenaza-los-suburbios-de-atenas\/"},"modified":"2022-07-20T12:04:57","modified_gmt":"2022-07-20T12:04:57","slug":"el-fuego-amenaza-los-suburbios-de-atenas","status":"publish","type":"post","link":"http:\/\/nuevacordoba.net\/index.php\/2022\/07\/20\/el-fuego-amenaza-los-suburbios-de-atenas\/","title":{"rendered":"El fuego amenaza los suburbios de Atenas"},"content":{"rendered":"<figure class=\"mb-3\"><img loading=\"lazy\" src=\"http:\/\/nuevacordoba.net\/wp-content\/uploads\/2022\/07\/el-fuego-amenaza-los-suburbios-de-atenas.jpg\" width=\"100%\" height=\"100%\" alt=\"Foto AFP\"><figcaption> Foto AFP <\/figcaption><\/figure>\n<p>Las autoridades griegas volvieron a desplegar medios a\u00e9reos en la madrugada de este mi\u00e9rcoles para combatir un incendio que se extiende a los pies del monte Pent\u00e9lico, al norte de Atenas, y amenaza avanzar sobre una zona de viviendas, se inform\u00f3 oficialmente.<\/p>\n<p>Unos 485 bomberos, 120 veh\u00edculos, tres aviones y cuatro helic\u00f3pteros fueron movilizados desde la salida del sol para intentar controlar el incendio que se extendi\u00f3 durante la noche a suburbios densamente poblados del norte de Atenas, como Gerakas, donde viven unas 29.000 personas, seg\u00fan report\u00f3 la agencia de noticias AFP.<\/p>\n<p><strong>\u00abDebido a la intensidad y la velocidad de los vientos, el fuego ha cambiado constantemente de direcci\u00f3n a lo largo de la noche, dificultando nuestra lucha por extinguirlo\u00bb<\/strong>, se\u00f1al\u00f3 un portavoz de los bomberos.<\/p>\n<p>Varios sitios fueron evacuados y la polic\u00eda griega retir\u00f3 a casi 600 personas de las \u00e1reas peligrosas, seg\u00fan un comunicado.<\/p>\n<p>Varias casas quedaron calcinadas y que se iniciar\u00e1 un estudio de los da\u00f1os una vez que est\u00e9 controlado el fuego.<\/p>\n<p>Los bomberos griegos atendieron 117 incendios en el pa\u00eds.<\/p>\n<p>El a\u00f1o pasado, <a href=\"https:\/\/www.telam.com.ar\/notas\/202108\/564880-grecia-incendios.html\" target=\"_blank\" rel=\"noopener\">Grecia sufri\u00f3 altas temperaturas y violentos incendios forestales<\/a>, que destruyeron 103.000 hect\u00e1reas y dejaron tres muertos.<\/p>\n<p>Antes del inicio de la temporada de verano, el Gobierno griego solicit\u00f3 a sus socios europeos el env\u00edo preventivo de bomberos de varios estados miembros, en el marco del Mecanismo Europeo de Protecci\u00f3n Civil.<\/p>\n<p>Por este motivo, desde el 1 de julio, 250 bomberos rumanos, franceses, alemanes, b\u00falgaros, finlandeses y noruegos est\u00e1n desplegados en tierras hel\u00e9nicas. <\/p>\n","protected":false},"excerpt":{"rendered":"<p>Foto AFP Las autoridades griegas volvieron a desplegar medios a\u00e9reos en la madrugada de este mi\u00e9rcoles para combatir un incendio que se extiende a los pies del monte Pent\u00e9lico, al norte de Atenas, y amenaza avanzar sobre una zona de viviendas, se inform\u00f3 oficialmente. Unos 485 bomberos, 120 veh\u00edculos, tres aviones y cuatro helic\u00f3pteros fueron [&hellip;]<\/p>\n","protected":false},"author":1,"featured_media":22211,"comment_status":"closed","ping_status":"closed","sticky":false,"template":"","format":"standard","meta":[],"categories":[13],"tags":[],"_links":{"self":[{"href":"http:\/\/nuevacordoba.net\/index.php\/wp-json\/wp\/v2\/posts\/22210"}],"collection":[{"href":"http:\/\/nuevacordoba.net\/index.php\/wp-json\/wp\/v2\/posts"}],"about":[{"href":"http:\/\/nuevacordoba.net\/index.php\/wp-json\/wp\/v2\/types\/post"}],"author":[{"embeddable":true,"href":"http:\/\/nuevacordoba.net\/index.php\/wp-json\/wp\/v2\/users\/1"}],"replies":[{"embeddable":true,"href":"http:\/\/nuevacordoba.net\/index.php\/wp-json\/wp\/v2\/comments?post=22210"}],"version-history":[{"count":0,"href":"http:\/\/nuevacordoba.net\/index.php\/wp-json\/wp\/v2\/posts\/22210\/revisions"}],"wp:featuredmedia":[{"embeddable":true,"href":"http:\/\/nuevacordoba.net\/index.php\/wp-json\/wp\/v2\/media\/22211"}],"wp:attachment":[{"href":"http:\/\/nuevacordoba.net\/index.php\/wp-json\/wp\/v2\/media?parent=22210"}],"wp:term":[{"taxonomy":"category","embeddable":true,"href":"http:\/\/nuevacordoba.net\/index.php\/wp-json\/wp\/v2\/categories?post=22210"},{"taxonomy":"post_tag","embeddable":true,"href":"http:\/\/nuevacordoba.net\/index.php\/wp-json\/wp\/v2\/tags?post=22210"}],"curies":[{"name":"wp","href":"https:\/\/api.w.org\/{rel}","templated":true}]}}