{"id":22214,"date":"2022-07-19T23:59:45","date_gmt":"2022-07-19T23:59:45","guid":{"rendered":"https:\/\/www.ole.com.ar\/futbol-ascenso\/ascenso-primera-nacional-seleccion-_0_1D12FJH8Ga.html"},"modified":"2022-07-19T23:59:45","modified_gmt":"2022-07-19T23:59:45","slug":"la-citacion-de-mascherano-a-roman","status":"publish","type":"post","link":"http:\/\/nuevacordoba.net\/index.php\/2022\/07\/19\/la-citacion-de-mascherano-a-roman\/","title":{"rendered":"La citaci\u00f3n de Mascherano a Rom\u00e1n"},"content":{"rendered":"<p><strong>Lucas Rom\u00e1n<\/strong>, el joven delantero de 18 a\u00f1os que es figura de <strong><a data-cke-saved-href=\"https:\/\/www.ole.com.ar\/futbol-ascenso\/ascenso-ferro-primera-nacional_0_Ij6jaQ8tbS.html\" target=\"_blank\" href=\"https:\/\/www.ole.com.ar\/futbol-ascenso\/ascenso-ferro-primera-nacional_0_Ij6jaQ8tbS.html\" rel=\"noopener\">Ferro<\/a><\/strong>, va a participar del torneo de <strong>LAlc\u00fadia <\/strong>en <strong>Espa\u00f1a<\/strong> con la <a data-cke-saved-href=\"https:\/\/www.ole.com.ar\/seleccion\/\" target=\"_blank\" href=\"https:\/\/www.ole.com.ar\/seleccion\/\" rel=\"noopener\"><strong>Selecci\u00f3n Argentina<\/strong><\/a> Sub 20 que dirige<a data-cke-saved-href=\"https:\/\/www.ole.com.ar\/tema\/javier-mascherano.html\" target=\"_blank\" href=\"https:\/\/www.ole.com.ar\/tema\/javier-mascherano.html\" rel=\"noopener\"><strong> Javier Mascherano<\/strong><\/a>. La&nbsp;promesa de la<strong> <a data-cke-saved-href=\"https:\/\/www.ole.com.ar\/futbol-ascenso\/b-nacional\/\" target=\"_blank\" href=\"https:\/\/www.ole.com.ar\/futbol-ascenso\/b-nacional\/\" rel=\"noopener\">Primera Nacional <\/a><\/strong>forma parte de los convocados de la albiceleste desde hace un tiempo y esta ser\u00e1 la primera vez que representar\u00e1 la camiseta del Seleccionado Nacional en un torneo.<\/p>\n<div class=\"sp__Normal\">\n<div class=\"image-embeb image-trigger\" readability=\"6\">\n<picture><source media=\"(min-width: 720px)\" srcset=\"http:\/\/nuevacordoba.net\/wp-content\/uploads\/2022\/07\/la-citacion-de-mascherano-a-roman.jpg\"><img itemprop=\"image\" src=\"http:\/\/nuevacordoba.net\/wp-content\/uploads\/2022\/07\/la-citacion-de-mascherano-a-roman.jpg\" loading=\"lazy\" alt=\"Lucas Rom\u00e1n renueva con Ferro (Foto @FerroOficial)\">\n<\/picture><figcaption readability=\"2\">\n<p>Lucas Rom\u00e1n renueva con Ferro (Foto @FerroOficial)\n<\/p>\n<\/figcaption><\/div>\n<\/div>\n<p>El Pocho, como lo apodan sus compa\u00f1eros, debut\u00f3 en el Verdolaga el 28 de febrero del 2022 frente a <strong>Quilmes,<\/strong> tiempo despu\u00e9s se encuentra entre los citados a la <strong>Selecci\u00f3n<\/strong> por el Jefecito. A principios de este mes, renov\u00f3 su contrato hasta diciembre de 2023. Varios clubes de<a target=\"_blank\" href=\"https:\/\/www.ole.com.ar\/futbol-primera\/\" rel=\"noopener\"> <strong>Primera Divisi\u00f3n<\/strong><\/a>, y del exterior, ya preguntaron condiciones por \u00e9l. Cuenta con 20 partidos y tres goles en su andar.&nbsp;<\/p>\n<div class=\"sp__Normal\">\n<div class=\"image-embeb image-trigger\" readability=\"6\">\n<picture><source media=\"(min-width: 720px)\" srcset=\"http:\/\/nuevacordoba.net\/wp-content\/uploads\/2022\/07\/la-citacion-de-mascherano-a-roman-1.jpg\"><img itemprop=\"image\" src=\"http:\/\/nuevacordoba.net\/wp-content\/uploads\/2022\/07\/la-citacion-de-mascherano-a-roman-1.jpg\" loading=\"lazy\" alt=\"El grito de gol de Lucas Rom\u00e1n (@FerroOficial)\">\n<\/picture><figcaption readability=\"2\">\n<p>El grito de gol de Lucas Rom\u00e1n (@FerroOficial)\n<\/p>\n<\/figcaption><\/div>\n<\/div>\n<p>Rom\u00e1n deber\u00e1 presentarse en el predio de <strong>AFA <\/strong>en Ezeiza a partir del lunes 25 de julio. All\u00ed comenzaron los entrenamientos previos al torneo que se va llevar a cabo en L&#8217; Alc\u00fadia desde el 28 de julio hasta el 7 de agosto. <strong>Argentina <\/strong>en la fase de grupos enfrentar\u00e1 a <strong>Rukh Vynnyki<\/strong>, <strong>Valencia<\/strong> y <strong>Alzira.<\/strong><\/p>\n<h2><u><strong>AS\u00cd JUEGA EL CRACK:&nbsp;<\/strong><\/u><\/h2>\n<div class=\"entry-tags\">\n<h2>TEMAS QUE APARECEN EN ESTA NOTA<\/h2>\n<\/p><\/div>\n","protected":false},"excerpt":{"rendered":"<p>Lucas Rom\u00e1n, el joven delantero de 18 a\u00f1os que es figura de Ferro, va a participar del torneo de LAlc\u00fadia en Espa\u00f1a con la Selecci\u00f3n Argentina Sub 20 que dirige Javier Mascherano. La&nbsp;promesa de la Primera Nacional forma parte de los convocados de la albiceleste desde hace un tiempo y esta ser\u00e1 la primera vez [&hellip;]<\/p>\n","protected":false},"author":1,"featured_media":22215,"comment_status":"closed","ping_status":"closed","sticky":false,"template":"","format":"standard","meta":[],"categories":[10],"tags":[],"_links":{"self":[{"href":"http:\/\/nuevacordoba.net\/index.php\/wp-json\/wp\/v2\/posts\/22214"}],"collection":[{"href":"http:\/\/nuevacordoba.net\/index.php\/wp-json\/wp\/v2\/posts"}],"about":[{"href":"http:\/\/nuevacordoba.net\/index.php\/wp-json\/wp\/v2\/types\/post"}],"author":[{"embeddable":true,"href":"http:\/\/nuevacordoba.net\/index.php\/wp-json\/wp\/v2\/users\/1"}],"replies":[{"embeddable":true,"href":"http:\/\/nuevacordoba.net\/index.php\/wp-json\/wp\/v2\/comments?post=22214"}],"version-history":[{"count":0,"href":"http:\/\/nuevacordoba.net\/index.php\/wp-json\/wp\/v2\/posts\/22214\/revisions"}],"wp:featuredmedia":[{"embeddable":true,"href":"http:\/\/nuevacordoba.net\/index.php\/wp-json\/wp\/v2\/media\/22215"}],"wp:attachment":[{"href":"http:\/\/nuevacordoba.net\/index.php\/wp-json\/wp\/v2\/media?parent=22214"}],"wp:term":[{"taxonomy":"category","embeddable":true,"href":"http:\/\/nuevacordoba.net\/index.php\/wp-json\/wp\/v2\/categories?post=22214"},{"taxonomy":"post_tag","embeddable":true,"href":"http:\/\/nuevacordoba.net\/index.php\/wp-json\/wp\/v2\/tags?post=22214"}],"curies":[{"name":"wp","href":"https:\/\/api.w.org\/{rel}","templated":true}]}}