{"id":22216,"date":"2022-07-20T12:44:59","date_gmt":"2022-07-20T12:44:59","guid":{"rendered":"http:\/\/cordobanewsnet.wordpress.com\/?p=7101"},"modified":"2022-07-20T12:44:59","modified_gmt":"2022-07-20T12:44:59","slug":"movimientos-sociales-marchan-por-el-salario-minimo-universal","status":"publish","type":"post","link":"http:\/\/nuevacordoba.net\/index.php\/2022\/07\/20\/movimientos-sociales-marchan-por-el-salario-minimo-universal\/","title":{"rendered":"Movimientos sociales marchan por el salario m\u00ednimo universal"},"content":{"rendered":"<div><img src=\"http:\/\/nuevacordoba.net\/wp-content\/uploads\/2022\/07\/movimientos-sociales-marchan-por-el-salario-minimo-universal.jpg\" class=\"ff-og-image-inserted\"><\/div>\n<p>La Central de Trabajadores de la Argentina Aut\u00f3noma (CTAA), la Uni\u00f3n de Trabajadores de la Econom\u00eda Popular (UTEP) y otras organizaciones sociales se movilizar\u00e1n hoy en Buenos Aires y otras ciudades del pa\u00eds en reclamo de un salario b\u00e1sico universal.<\/p>\n<p>Las marchas y concentraciones tendr\u00e1n epicentro desde las 10 en el Obelisco porte\u00f1o, los principales accesos a la ciudad de Buenos Aires y rutas, por lo que se espera otra jornada con importantes inconvenientes para el tr\u00e1nsito vehicular.<\/p>\n<p>En ese marco, tambi\u00e9n habr\u00e1 cortes en el Puente Pueyrred\u00f3n (que conecta con el sur bonaerense), en el Cruce de Varela (Florencio Varela y Berazategui) y en Puente La Noria (Lomas de Zamora).<\/p>\n<p>Las entidades convocantes de la protesta son la CTA Aut\u00f3noma, La Poderosa, Organizaci\u00f3n Los Pibes (OLP), Movimiento de Trabajadores Excluidos (MTE), Frente Popular Dar\u00edo Santill\u00e1n, la UTEP, Nuestra Am\u00e9rica y el Partido Piquetero, entre otras.<\/p>\n<p>Por otra parte, el Polo Obrero realizar\u00e1 desde las 10 una jornada frente al Obelisco en rechazo al \u00abajuste del Gobierno y del Fondo Monetario Internacional (FMI)\u00bb.<\/p>\n<div id=\"jp-post-flair\" class=\"sharedaddy sd-like-enabled sd-sharing-enabled\">\n<div class=\"sharedaddy sd-sharing-enabled\">\n<div class=\"robots-nocontent sd-block sd-social sd-social-icon-text sd-sharing\">\n<h3 class=\"sd-title\">Share this:<\/h3>\n<\/div>\n<\/div>\n<div class=\"sharedaddy sd-block sd-like jetpack-likes-widget-wrapper jetpack-likes-widget-unloaded\" id=\"like-post-wrapper-143108178-7101-62d8338c50581\" data-src=\"\/\/widgets.wp.com\/likes\/index.html?ver=20220105#blog_id=143108178&amp;post_id=7101&amp;origin=cordobanewsnet.wordpress.com&amp;obj_id=143108178-7101-62d8338c50581\" data-name=\"like-post-frame-143108178-7101-62d8338c50581\" data-title=\"Me gusta o Compartir\">\n<h3 class=\"sd-title\">Me gusta esto:<\/h3>\n<p><span class=\"button\"><span>Me gusta<\/span><\/span> <span class=\"loading\">Cargando&#8230;<\/span><\/p>\n<p><span class=\"sd-text-color\"><\/span><\/div>\n<p><h3 class=\"jp-relatedposts-headline\"><em>Relacionado<\/em><\/h3>\n<\/p>\n<\/div>\n","protected":false},"excerpt":{"rendered":"<p>La Central de Trabajadores de la Argentina Aut\u00f3noma (CTAA), la Uni\u00f3n de Trabajadores de la Econom\u00eda Popular (UTEP) y otras organizaciones sociales se movilizar\u00e1n hoy en Buenos Aires y otras ciudades del pa\u00eds en reclamo de un salario b\u00e1sico universal. Las marchas y concentraciones tendr\u00e1n epicentro desde las 10 en el Obelisco porte\u00f1o, los principales [&hellip;]<\/p>\n","protected":false},"author":1,"featured_media":22217,"comment_status":"closed","ping_status":"closed","sticky":false,"template":"","format":"standard","meta":[],"categories":[14],"tags":[],"_links":{"self":[{"href":"http:\/\/nuevacordoba.net\/index.php\/wp-json\/wp\/v2\/posts\/22216"}],"collection":[{"href":"http:\/\/nuevacordoba.net\/index.php\/wp-json\/wp\/v2\/posts"}],"about":[{"href":"http:\/\/nuevacordoba.net\/index.php\/wp-json\/wp\/v2\/types\/post"}],"author":[{"embeddable":true,"href":"http:\/\/nuevacordoba.net\/index.php\/wp-json\/wp\/v2\/users\/1"}],"replies":[{"embeddable":true,"href":"http:\/\/nuevacordoba.net\/index.php\/wp-json\/wp\/v2\/comments?post=22216"}],"version-history":[{"count":0,"href":"http:\/\/nuevacordoba.net\/index.php\/wp-json\/wp\/v2\/posts\/22216\/revisions"}],"wp:featuredmedia":[{"embeddable":true,"href":"http:\/\/nuevacordoba.net\/index.php\/wp-json\/wp\/v2\/media\/22217"}],"wp:attachment":[{"href":"http:\/\/nuevacordoba.net\/index.php\/wp-json\/wp\/v2\/media?parent=22216"}],"wp:term":[{"taxonomy":"category","embeddable":true,"href":"http:\/\/nuevacordoba.net\/index.php\/wp-json\/wp\/v2\/categories?post=22216"},{"taxonomy":"post_tag","embeddable":true,"href":"http:\/\/nuevacordoba.net\/index.php\/wp-json\/wp\/v2\/tags?post=22216"}],"curies":[{"name":"wp","href":"https:\/\/api.w.org\/{rel}","templated":true}]}}