{"id":22224,"date":"2022-07-20T17:09:41","date_gmt":"2022-07-20T17:09:41","guid":{"rendered":"https:\/\/puntoapunto.com.ar\/?p=335867"},"modified":"2022-07-20T17:09:41","modified_gmt":"2022-07-20T17:09:41","slug":"se-realizara-el-seminario-el-comercio-y-el-contexto-politico-economico-2022","status":"publish","type":"post","link":"http:\/\/nuevacordoba.net\/index.php\/2022\/07\/20\/se-realizara-el-seminario-el-comercio-y-el-contexto-politico-economico-2022\/","title":{"rendered":"Se realizar\u00e1 el seminario \u201cEl Comercio y el Contexto Pol\u00edtico-Econ\u00f3mico 2022\u201d"},"content":{"rendered":"<div><img src=\"http:\/\/nuevacordoba.net\/wp-content\/uploads\/2022\/07\/se-realizara-el-seminario-el-comercio-y-el-contexto-politico-economico-2022.jpg\" class=\"ff-og-image-inserted\"><\/div>\n<p>La <strong>C\u00e1mara de Comercio de C\u00f3rdoba<\/strong> junto a la <strong>C\u00e1mara Argentina de Comercio y Servicios<\/strong>, anticipan una nueva edici\u00f3n del Seminario <strong>\u00a8El Comercio y el Contexto Pol\u00edtico-Econ\u00f3mico\u00a8<\/strong>, el cual tendr\u00e1 lugar el <strong>pr\u00f3ximo mi\u00e9rcoles 10 de agosto a las 14.30 hs<\/strong> en Sala de las Am\u00e9ricas del Pabell\u00f3n Argentina, UNC.<\/p>\n<p>Como todos los a\u00f1os, el evento tendr\u00e1 como objetivo compartir informaci\u00f3n pol\u00edtica, econ\u00f3mica, tendencias de consumo e innovaci\u00f3n de la mano de especialistas de reconocida trayectoria. En este contexto, nos acompa\u00f1ar\u00e1n los se\u00f1ores <strong>Guillermo Oliveto<\/strong>, presidente Consultora W, <strong>Dante Sica<\/strong>, ex ministro de Producci\u00f3n y Trabajo de la Naci\u00f3n y socio fundador de la Consultora ABECEB y <strong>Natalio Mario Grinman<\/strong>, presidente de CAC; quienes abordar\u00e1n, entre otras visiones, la crisis pol\u00edtica argentina, el escenario de incertidumbre en el sector productivo, las tendencias en consumo y el humor social.<\/p>\n<p>Asimismo, <strong>Jos\u00e9 Viale<\/strong>, presidente de la CCC, ser\u00e1 el responsable de dar apertura al encuentro.<\/p>\n<p>El seminario es de<strong> participaci\u00f3n gratuita<\/strong>, con cupos limitados e inscripci\u00f3n previa requerida: <a href=\"https:\/\/puntoapunto.com.ar\/cdn-cgi\/l\/email-protection\" class=\"__cf_email__\" data-cfemail=\"3e4d5b5357505f4c57517e5d5f535d51535d5c5f105d5153105f4c\">[email&nbsp;protected]<\/a><\/p>\n","protected":false},"excerpt":{"rendered":"<p>La C\u00e1mara de Comercio de C\u00f3rdoba junto a la C\u00e1mara Argentina de Comercio y Servicios, anticipan una nueva edici\u00f3n del Seminario \u00a8El Comercio y el Contexto Pol\u00edtico-Econ\u00f3mico\u00a8, el cual tendr\u00e1 lugar el pr\u00f3ximo mi\u00e9rcoles 10 de agosto a las 14.30 hs en Sala de las Am\u00e9ricas del Pabell\u00f3n Argentina, UNC. Como todos los a\u00f1os, el [&hellip;]<\/p>\n","protected":false},"author":1,"featured_media":22225,"comment_status":"open","ping_status":"closed","sticky":false,"template":"","format":"standard","meta":[],"categories":[12,14],"tags":[],"_links":{"self":[{"href":"http:\/\/nuevacordoba.net\/index.php\/wp-json\/wp\/v2\/posts\/22224"}],"collection":[{"href":"http:\/\/nuevacordoba.net\/index.php\/wp-json\/wp\/v2\/posts"}],"about":[{"href":"http:\/\/nuevacordoba.net\/index.php\/wp-json\/wp\/v2\/types\/post"}],"author":[{"embeddable":true,"href":"http:\/\/nuevacordoba.net\/index.php\/wp-json\/wp\/v2\/users\/1"}],"replies":[{"embeddable":true,"href":"http:\/\/nuevacordoba.net\/index.php\/wp-json\/wp\/v2\/comments?post=22224"}],"version-history":[{"count":0,"href":"http:\/\/nuevacordoba.net\/index.php\/wp-json\/wp\/v2\/posts\/22224\/revisions"}],"wp:featuredmedia":[{"embeddable":true,"href":"http:\/\/nuevacordoba.net\/index.php\/wp-json\/wp\/v2\/media\/22225"}],"wp:attachment":[{"href":"http:\/\/nuevacordoba.net\/index.php\/wp-json\/wp\/v2\/media?parent=22224"}],"wp:term":[{"taxonomy":"category","embeddable":true,"href":"http:\/\/nuevacordoba.net\/index.php\/wp-json\/wp\/v2\/categories?post=22224"},{"taxonomy":"post_tag","embeddable":true,"href":"http:\/\/nuevacordoba.net\/index.php\/wp-json\/wp\/v2\/tags?post=22224"}],"curies":[{"name":"wp","href":"https:\/\/api.w.org\/{rel}","templated":true}]}}