{"id":2246,"date":"2021-03-20T00:09:43","date_gmt":"2021-03-20T00:09:43","guid":{"rendered":"http:\/\/nuevacordoba.net\/index.php\/2021\/03\/20\/cristina-pone-la-lupa-en-las-listas-de-senadores\/"},"modified":"2021-03-20T00:09:43","modified_gmt":"2021-03-20T00:09:43","slug":"cristina-pone-la-lupa-en-las-listas-de-senadores","status":"publish","type":"post","link":"http:\/\/nuevacordoba.net\/index.php\/2021\/03\/20\/cristina-pone-la-lupa-en-las-listas-de-senadores\/","title":{"rendered":"Cristina pone la lupa en las listas de senadores"},"content":{"rendered":"<div><img src=\"http:\/\/nuevacordoba.net\/wp-content\/uploads\/2021\/03\/cristina-pone-la-lupa-en-las-listas-de-senadores.jpg\" class=\"ff-og-image-inserted\"><\/div>\n<p>El amplio despacho de la presidencia del Senado, al cual acceden muy pocos, es el \u00e1mbito donde la influyente Cristina Fern\u00e1ndez pasa varias horas cada d\u00eda.<\/p>\n<p>Los privilegiados que pudieron ingresar a ese espacio aseguran que sobre su escritorio suele haber un mapa del pa\u00eds. Pintadas de amarillo, sobresalen las ocho provincias donde en octubre se elegir\u00e1 a 24 senadores nacionales.<\/p>\n<p>C\u00f3rdoba es uno de esos distritos. Adem\u00e1s de renovar nueve bancas en la C\u00e1mara de Diputados, se elegir\u00e1n tres senadores: dos para la fuerza que m\u00e1s votos consiga y uno para la que se ubique segunda.<\/p>\n<p>Aun con la incertidumbre sobre si habr\u00e1 Paso y, en su caso, cu\u00e1ndo se realizar\u00e1n, hasta los funcionarios m\u00e1s cercanos al presidente Alberto Fern\u00e1ndez admiten que la opini\u00f3n de la vicepresidenta de la Naci\u00f3n ser\u00e1 clave en aquellos lugares donde se elegir\u00e1n senadores.<\/p>\n<div class=\"block-ad-node\">\n<div>\n<p> <span>Publicidad<\/span> <\/p>\n<\/div>\n<\/div>\n<p class=\"TextoDestacado\">Si bien por ahora nadie se anima a dar por ca\u00edda una negociaci\u00f3n con el gobernador Juan Schiaretti por un eventual acuerdo electoral con el PJ cordob\u00e9s, el escenario para una alianza aparece como muy complejo.<\/p>\n<p>Se sabe que el titular del Centro C\u00edvico no oculta su intenci\u00f3n de impulsar a Alejandra Vigo para encabezar la boleta de senadores, algo que la vicepresidenta rechaza, seg\u00fan se\u00f1alan los cristinistas paladar negro.<\/p>\n<p>\u201cNo se puede descartar un acuerdo, porque esto es pol\u00edtica. Pero lo que te puedo asegurar es que la \u00fanica posibilidad de acuerdo es que &#8216;el Gringo&#8217; (Schiaretti) acepte que sus candidatos integren las boletas del Frente de Todos. La cabeza de la lista a senadores la impondr\u00e1 Cristina. Eso no se negocia\u201d, asegur\u00f3 un funcionario nacional de segunda l\u00ednea, que tiene llegada tanto a la Casa Rosada como a la presidenta del Senado.<\/p>\n<p class=\"SubTitulo\">Planes opuestos<\/p>\n<p>El plan de Cristina es imponer a un leal para liderar.<\/p>\n<div class=\"block-ad-node\">\n<div>\n<p> <span>Publicidad<\/span> <\/p>\n<\/div>\n<\/div>\n<p>El de Schiaretti ya fue descripto un mes atr\u00e1s, en esta columna. El mismo objetivo de Cristina Fern\u00e1ndez, pero en sentido inverso: el gobernador impulsa a su esposa para el Senado.<\/p>\n<p>En una negociaci\u00f3n, podr\u00eda ceder al Frente de Todos el primer lugar para la C\u00e1mara Baja.<\/p>\n<div class=\"block-ad-node\">\n<div>\n<p> <span>Publicidad<\/span> <\/p>\n<\/div>\n<\/div>\n<p>Mientras Schiaretti muestra a Vigo en todos los actos oficiales de la Provincia, el senador albertista Carlos Caserio alimenta su v\u00ednculo con la c\u00fapula del poder nacional.<\/p>\n<p>El dirigente de Villa Carlos Paz aspira a renovar su banca en el Senado.<\/p>\n<p>El mi\u00e9rcoles pasado fue recibido por el presidente Alberto Fern\u00e1ndez. S\u00f3lo trascendi\u00f3 que hablaron de intentar encontrar una soluci\u00f3n a la controversia por la pr\u00f3rroga de la Ley de Promoci\u00f3n de Biocombustibles.<\/p>\n<p>Sin dudas que tambi\u00e9n dialogaron sobre el escenario electoral en C\u00f3rdoba. Pero el contenido de la charla pol\u00edtica no se difundi\u00f3.<\/p>\n<p>Sin embargo, el resto de los dirigentes locales admiten que la f\u00f3rmula para senadores del Frente de Todos ya est\u00e1 cerrada: Caserio y la diputada nacional Gabriela Est\u00e9vez.<\/p>\n<p class=\"TextoDestacado\">El binomio albertista-cristinista ya se muestra en las reuniones con dirigentes de la Capital y con intendentes del interior.<\/p>\n<p>Para los frentistas, la \u00fanica manera de romper esa f\u00f3rmula ser\u00eda un acuerdo con el PJ cordob\u00e9s, en el cual se podr\u00eda ceder el segundo lugar para la C\u00e1mara Alta.<\/p>\n<p class=\"SubTitulo\">Voluntad<\/p>\n<p>Los schiarettistas tambi\u00e9n ven como \u201cpoco probable\u201d una alianza con el Frente de Todos.<\/p>\n<p>Reconocen que la poderosa vicepresidenta seguramente intentar\u00e1 imponer su voluntad a la hora de seleccionar a los aspirantes para el Senado.<\/p>\n<p>Es evidente la estrategia de Schiaretti: buena relaci\u00f3n institucional con el Gobierno nacional, pero nulo acercamiento pol\u00edtico con el Frente de Todos.<\/p>\n<p>El modelo de \u201cgesti\u00f3n C\u00f3rdoba\u201d es el modo subliminal que el gobernador eligi\u00f3 para enviar un mensaje sin grises a la Casa Rosada: no se negocia el protagonismo de Hacemos por C\u00f3rdoba en la provincia.<\/p>\n<p>Faltan las definiciones pol\u00edticas m\u00e1s importantes, que incluyen la fecha de las elecciones.<\/p>\n<p>El oficialismo nacional aspira a postergar las primarias para el segundo domingo de septiembre.<\/p>\n<p>Tampoco est\u00e1 descartado que la Justicia nacional electoral decida suspender las Paso si la pandemia de Covid se agrava. Ser\u00eda un alivio para la Casa Rosada.<\/p>\n<p>Mientras tanto, todo indica que Cristina Fern\u00e1ndez no resignar\u00e1 el dedo a la hora de elegir a los candidatos a senadores. Un obst\u00e1culo insalvable, por ahora, para un acuerdo con Schiaretti.<\/p>\n<div class=\"ctaNewsNotaContainer\" readability=\"6.5\">\n<div class=\"newsletterTextContainer\" readability=\"33\">\n<p> S\u00cdNTESIS POL\u00cdTICA<\/p>\n<p> Informaci\u00f3n exclusiva y el mejor an\u00e1lisis, los lunes en tu correo.<\/p>\n<form method=\"post\" action-xhr=\"https:\/\/www.lavoz.com.ar\/newsletters\/sintesis-politica\/signup\" id=\"newsletter-signup\" class=\"newsletterForm\" target=\"_blank\" custom-validation-reporting=\"as-you-go\" on=\"submit:AMP.setState({formLoading:true});submit-success:AMP.setState({formSuccess:true})\">\n<div submit-success class=\"is-paddingless-l\" readability=\"6\"> <template type=\"amp-mustache\" readability=\"2\"><\/p>\n<p> <strong>\u00a1Gracias por suscribirte!<\/strong><\/p>\n<p> <\/template><\/div>\n<div submit-error class=\"is-paddingless-l\" readability=\"6.5\"> <template type=\"amp-mustache\" readability=\"3\"><\/p>\n<p> <strong>Ha ocurrido un error, por favor intente nuevamente m\u00e1s tarde.<\/strong><\/p>\n<p> <\/template><\/div>\n<\/form>\n<\/div>\n<\/div>\n<div>\n<p> <span>Publicidad<\/span> <\/p>\n<\/div>\n","protected":false},"excerpt":{"rendered":"<p>El amplio despacho de la presidencia del Senado, al cual acceden muy pocos, es el \u00e1mbito donde la influyente Cristina Fern\u00e1ndez pasa varias horas cada d\u00eda. Los privilegiados que pudieron ingresar a ese espacio aseguran que sobre su escritorio suele haber un mapa del pa\u00eds. Pintadas de amarillo, sobresalen las ocho provincias donde en octubre [&hellip;]<\/p>\n","protected":false},"author":1,"featured_media":2247,"comment_status":"closed","ping_status":"closed","sticky":false,"template":"","format":"standard","meta":[],"categories":[12],"tags":[],"_links":{"self":[{"href":"http:\/\/nuevacordoba.net\/index.php\/wp-json\/wp\/v2\/posts\/2246"}],"collection":[{"href":"http:\/\/nuevacordoba.net\/index.php\/wp-json\/wp\/v2\/posts"}],"about":[{"href":"http:\/\/nuevacordoba.net\/index.php\/wp-json\/wp\/v2\/types\/post"}],"author":[{"embeddable":true,"href":"http:\/\/nuevacordoba.net\/index.php\/wp-json\/wp\/v2\/users\/1"}],"replies":[{"embeddable":true,"href":"http:\/\/nuevacordoba.net\/index.php\/wp-json\/wp\/v2\/comments?post=2246"}],"version-history":[{"count":0,"href":"http:\/\/nuevacordoba.net\/index.php\/wp-json\/wp\/v2\/posts\/2246\/revisions"}],"wp:featuredmedia":[{"embeddable":true,"href":"http:\/\/nuevacordoba.net\/index.php\/wp-json\/wp\/v2\/media\/2247"}],"wp:attachment":[{"href":"http:\/\/nuevacordoba.net\/index.php\/wp-json\/wp\/v2\/media?parent=2246"}],"wp:term":[{"taxonomy":"category","embeddable":true,"href":"http:\/\/nuevacordoba.net\/index.php\/wp-json\/wp\/v2\/categories?post=2246"},{"taxonomy":"post_tag","embeddable":true,"href":"http:\/\/nuevacordoba.net\/index.php\/wp-json\/wp\/v2\/tags?post=2246"}],"curies":[{"name":"wp","href":"https:\/\/api.w.org\/{rel}","templated":true}]}}