{"id":22485,"date":"2022-07-28T00:47:17","date_gmt":"2022-07-28T00:47:17","guid":{"rendered":"http:\/\/nuevacordoba.net\/index.php\/2022\/07\/28\/francisco-pidio-evitar-la-tentacion-de-dividir-el-mundo-en-buenos-y-malos\/"},"modified":"2022-07-28T00:47:17","modified_gmt":"2022-07-28T00:47:17","slug":"francisco-pidio-evitar-la-tentacion-de-dividir-el-mundo-en-buenos-y-malos","status":"publish","type":"post","link":"http:\/\/nuevacordoba.net\/index.php\/2022\/07\/28\/francisco-pidio-evitar-la-tentacion-de-dividir-el-mundo-en-buenos-y-malos\/","title":{"rendered":"Francisco pidi\u00f3 evitar \u00abla tentaci\u00f3n de dividir el mundo en buenos y malos\u00bb"},"content":{"rendered":"<figure class=\"mb-3\"><img loading=\"lazy\" src=\"http:\/\/nuevacordoba.net\/wp-content\/uploads\/2022\/07\/francisco-pidio-evitar-la-tentacion-de-dividir-el-mundo-en-buenos-y-malos.jpg\" width=\"100%\" height=\"100%\" alt=\"Francisco visit Quebec donde se encuentro con Trudeau y la gobernadora general de Canad Foto AFP\"><figcaption> Francisco visit\u00f3 Quebec, donde se encuentro con Trudeau y la gobernadora general de Canad\u00e1. Foto: AFP <\/figcaption><\/figure>\n<p>El papa Francisco pidi\u00f3 este mi\u00e9rcoles no pensar el mundo en base a las categor\u00edas de \u00abbuenos y malos\u00bb o \u00abamigos y enemigos\u00bb, en el contexto actual de una guerra en Ucrania a la que se refiri\u00f3 impl\u00edcitamente como una \u00ablocura sin sentido\u00bb y, desde Canad\u00e1, critic\u00f3 las pol\u00edticas de \u00abarmarse hasta los dientes\u00bb como estrategias para la paz.<\/p>\n<p><strong>Francisco inici\u00f3 este mi\u00e9rcoles la segunda etapa de su visita de seis d\u00edas al pa\u00eds norteamericano con una definici\u00f3n precisa sobre la actualidad mundial, en medio de lo una \u00abagresividad desenfrenada\u00bb global<\/strong> y para la que convoc\u00f3 a abandonar la \u00abcarrera armament\u00edstica\u00bb.<\/p>\n<p><strong>\u00ab\u00a1Cu\u00e1nta necesidad tenemos de escucharnos y dialogar, para alejarnos del individualismo imperante, de los juicios apresurados, de la agresividad desenfrenada, de la tentaci\u00f3n de dividir el mundo en buenos y malos!\u00bb,<\/strong> plante\u00f3 el pont\u00edfice en Quebec, en una referencia impl\u00edcita a los conflictos armados de la actualidad.<\/p>\n<p>En el discurso que ley\u00f3 ante autoridades pol\u00edticas e ind\u00edgenas del pa\u00eds, en lo que pareci\u00f3 una referencia impl\u00edcita a la guerra en Ucrania, el papa lament\u00f3 que <strong>\u00abhoy, ante la locura sin sentido de la guerra, necesitamos de nuevo calmar los extremismos de la contraposici\u00f3n y curar las heridas del odio\u00bb.<\/strong><\/p>\n<p><strong>\u00abNo necesitamos dividir el mundo en amigos y enemigos, distanciarnos y armarnos hasta los dientes: no ser\u00e1 la carrera armament\u00edstica ni las estrategias de disuasi\u00f3n las que traigan la paz y la seguridad<\/strong>\u00ab, convoc\u00f3 Francisco.<\/p>\n<p>Para el papa, en esa direcci\u00f3n, \u00abno hay que preguntarse c\u00f3mo continuar las guerras, sino c\u00f3mo detenerlas\u00bb.<\/p>\n<p>Frente al premier Justin Trudeau y representantes pol\u00edticos y diplom\u00e1ticos, el sumo pont\u00edfice <strong>pidi\u00f3 \u00abimpedir que los pueblos vuelvan a ser rehenes de las garras de espantosas guerras fr\u00edas que se extienden\u00bb.<\/strong><\/p>\n<blockquote class=\"twitter-tweet\" readability=\"7.1018181818182\">\n<p lang=\"es\" dir=\"ltr\">Este mi\u00e9rcoles el Papa Francisco fue recibido por el primer ministro canadiense, Justin Trudeau, frente a la residencia del gobernador de Quebec en la capital de la provincia. V\u00eda <a href=\"https:\/\/twitter.com\/hashtag\/AP?src=hash&amp;ref_src=twsrc%5Etfw\">#AP<\/a> <a href=\"https:\/\/twitter.com\/hashtag\/TVV?src=hash&amp;ref_src=twsrc%5Etfw\">#TVV<\/a> <a href=\"https:\/\/twitter.com\/hashtag\/TVVNoticias?src=hash&amp;ref_src=twsrc%5Etfw\">#TVVNoticias<\/a> <a href=\"https:\/\/t.co\/YeZlZGxGbl\">pic.twitter.com\/YeZlZGxGbl<\/a><\/p>\n<p>\u2014 TVV Noticias (@TVVnoticias) <a href=\"https:\/\/twitter.com\/TVVnoticias\/status\/1552412262161420290?ref_src=twsrc%5Etfw\">July 27, 2022<\/a><\/p><\/blockquote>\n<p><strong>\u00abSe necesitan pol\u00edticas creativas y con visi\u00f3n de futuro, que sepan romper los esquemas de los bandos para dar respuestas a los retos globales\u00bb,<\/strong> reclam\u00f3 en su primer discurso en Quebec, a donde lleg\u00f3 hoy tras tres d\u00edas en Edmonton.<\/p>\n<p>Antes del encuentro con las autoridades, Jorge Bergoglio y Trudeau se reunieron en privado en la Ciudadela de la ciudad s\u00edmbolo de la parte franc\u00f3fona del pa\u00eds y residencia de la gobernadora general Mary Simon, con quien Francisco tambi\u00e9n tuvo un encuentro bilateral al llegar a Quebec.<\/p>\n<p>En su discurso a las autoridades, el papa reclam\u00f3 adem\u00e1s que <strong>\u00abla pol\u00edtica no puede quedar prisionera de los intereses partidistas\u00bb para los grandes desaf\u00edos \u00abglobales\u00bb como el cambio clim\u00e1tico o las migraciones.<\/strong><\/p>\n<p><strong>\u00abHay que saber mirar, como ense\u00f1a la sabidur\u00eda ind\u00edgena, a las siete generaciones futuras, no a la conveniencia inmediata, a los plazos electorales o al apoyo de los lobbies\u00bb<\/strong>, pidi\u00f3 en un discurso en el que tambi\u00e9n agradeci\u00f3 al gobierno canadiense la \u00abgenerosidad en acoger a numerosos inmigrantes ucranianos y afganos\u00bb.<\/p>\n<p>En lo que fue el discurso de mayor contenido pol\u00edtico de la gira que inici\u00f3 el domingo acompa\u00f1ado por un enviado de T\u00e9lam a bordo del avi\u00f3n papal, el santo padre retom\u00f3 adem\u00e1s el hilo conductor de la primera etapa de su viaje, la denuncia del \u00abmal\u00bb cometido en los internados que funcionaron en Canad\u00e1 desde fines del siglo XIX hasta la d\u00e9cada de 1990 en los que miles de ni\u00f1os nativos sufrieron abusos.<\/p>\n<figure class=\"mb-3\"><img loading=\"lazy\" src=\"http:\/\/nuevacordoba.net\/wp-content\/uploads\/2022\/07\/francisco-pidio-evitar-la-tentacion-de-dividir-el-mundo-en-buenos-y-malos-1.jpg\" width=\"100%\" height=\"100%\" alt=\"El Papa visita distintas regiones de Canad en este viaje Foto AFP\"><figcaption> El Papa visita distintas regiones de Canad\u00e1 en este viaje. Foto: AFP <\/figcaption><\/figure>\n<p><br open> Francisco, que el lunes pidi\u00f3 perd\u00f3n en nombre de la Iglesia por el rol de los cristianos en los internados, ubic\u00f3 lo sucedido en las escuelas residenciales impuestas por el Gobierno canadiense para occidentalizar a los ind\u00edgenas dentro de las \u00ablas colonizaciones ideol\u00f3gicas\u00bb que ha denunciado en su pontificado.<\/p>\n<p><strong>\u00abSi en su momento la mentalidad colonialista se desentendi\u00f3 de la vida concreta de los pueblos, imponiendo modelos culturales preestablecidos, tampoco faltan hoy colonizaciones ideol\u00f3gicas que contrastan la realidad de la existencia y que sofocan el apego natural a los valores de los pueblos, intentando desarraigar sus tradiciones, su historia y sus v\u00ednculos religiosos\u00bb<\/strong>, plante\u00f3.<\/p>\n<p>Para el papa, \u00abes una mentalidad que, presumiendo de haber superado las oscuras p\u00e1ginas de la historia, da cabida a la as\u00ed llamada cultura de la cancelaci\u00f3n, que juzga el pasado solo en funci\u00f3n de ciertas categor\u00edas actuales\u00bb.<\/p>\n<p>En ese marco, Francisco defini\u00f3 como <strong>\u00abescandaloso que la riqueza generada por el desarrollo econ\u00f3mico no beneficie a todos los sectores de la sociedad\u00bb <\/strong>y consider\u00f3 \u00abtriste que sea precisamente entre los nativos donde se registran a menudo muchos \u00edndices de pobreza, a los que se unen otros indicadores negativos, como la baja escolarizaci\u00f3n, el no f\u00e1cil acceso a la vivienda y a la asistencia sanitaria\u00bb.<\/p>\n<p>Este jueves, Francisco continuar\u00e1 con las actividades en Quebec, donde celebrar\u00e1 su segunda misa en suelo canadiense y luego mantendr\u00e1 un encuentro con religiosos locales. El viernes, el papa se reunir\u00e1 a primera hora con jesuitas canadienses en Quebec y luego partir\u00e1 hacia Iqaluit, en el norte del pa\u00eds, para encontrar a representantes del pueblo ind\u00edgena Inuit antes de emprender esa tarde su regreso a Roma. <\/p>\n","protected":false},"excerpt":{"rendered":"<p>Francisco visit\u00f3 Quebec, donde se encuentro con Trudeau y la gobernadora general de Canad\u00e1. Foto: AFP El papa Francisco pidi\u00f3 este mi\u00e9rcoles no pensar el mundo en base a las categor\u00edas de \u00abbuenos y malos\u00bb o \u00abamigos y enemigos\u00bb, en el contexto actual de una guerra en Ucrania a la que se refiri\u00f3 impl\u00edcitamente como [&hellip;]<\/p>\n","protected":false},"author":1,"featured_media":22486,"comment_status":"closed","ping_status":"closed","sticky":false,"template":"","format":"standard","meta":[],"categories":[13],"tags":[],"_links":{"self":[{"href":"http:\/\/nuevacordoba.net\/index.php\/wp-json\/wp\/v2\/posts\/22485"}],"collection":[{"href":"http:\/\/nuevacordoba.net\/index.php\/wp-json\/wp\/v2\/posts"}],"about":[{"href":"http:\/\/nuevacordoba.net\/index.php\/wp-json\/wp\/v2\/types\/post"}],"author":[{"embeddable":true,"href":"http:\/\/nuevacordoba.net\/index.php\/wp-json\/wp\/v2\/users\/1"}],"replies":[{"embeddable":true,"href":"http:\/\/nuevacordoba.net\/index.php\/wp-json\/wp\/v2\/comments?post=22485"}],"version-history":[{"count":0,"href":"http:\/\/nuevacordoba.net\/index.php\/wp-json\/wp\/v2\/posts\/22485\/revisions"}],"wp:featuredmedia":[{"embeddable":true,"href":"http:\/\/nuevacordoba.net\/index.php\/wp-json\/wp\/v2\/media\/22486"}],"wp:attachment":[{"href":"http:\/\/nuevacordoba.net\/index.php\/wp-json\/wp\/v2\/media?parent=22485"}],"wp:term":[{"taxonomy":"category","embeddable":true,"href":"http:\/\/nuevacordoba.net\/index.php\/wp-json\/wp\/v2\/categories?post=22485"},{"taxonomy":"post_tag","embeddable":true,"href":"http:\/\/nuevacordoba.net\/index.php\/wp-json\/wp\/v2\/tags?post=22485"}],"curies":[{"name":"wp","href":"https:\/\/api.w.org\/{rel}","templated":true}]}}