{"id":22489,"date":"2022-07-28T03:04:17","date_gmt":"2022-07-28T03:04:17","guid":{"rendered":"https:\/\/puntoapunto.com.ar\/?p=336182"},"modified":"2022-07-28T03:04:17","modified_gmt":"2022-07-28T03:04:17","slug":"gestion-sin-rumbo-sacarian-a-batakis-y-massa-sondea-su-desembarco-al-ejecutivo","status":"publish","type":"post","link":"http:\/\/nuevacordoba.net\/index.php\/2022\/07\/28\/gestion-sin-rumbo-sacarian-a-batakis-y-massa-sondea-su-desembarco-al-ejecutivo\/","title":{"rendered":"Gesti\u00f3n sin rumbo: sacar\u00edan a Batakis y Massa sondea su desembarco al ejecutivo"},"content":{"rendered":"<div class=\"g g-37\">\n<div class=\"g-single a-29\"><a class=\"gofollow\" data-track=\"MjksMzcsMSw2MA==\" href=\"https:\/\/www.harmoniechateau.com.ar\/\" target=\"_blank\" rel=\"noopener\"><img src=\"http:\/\/nuevacordoba.net\/wp-content\/uploads\/2022\/07\/gestion-sin-rumbo-sacarian-a-batakis-y-massa-sondea-su-desembarco-al-ejecutivo.gif\"><\/a><\/div>\n<\/div>\n<p>El pr\u00f3ximo s\u00e1bado en una reuni\u00f3n en Olivos entre el presidente Alberto Fern\u00e1ndez y el titular de la C\u00e1mara de Diputados Sergio Massa se definir\u00eda una amplia reestructuraci\u00f3n del gabinete nacional.<\/p>\n<p>Las versiones comenzaron a correr por la tarde noche del mi\u00e9rcoles e indicaban que se hab\u00eda definido la salida de Silvina Batakis del ministerio de Econom\u00eda y su posible reemplazo en manos del fundador del Frente Renovador.<\/p>\n<p>Pero cuando parec\u00eda un hecho la salida de Batakis \u2013que a\u00fan no cumpli\u00f3 un mes en su cargo- comenzaron las versiones encontradas y finalmente el propio Massa debi\u00f3 salir a comunicar que nada estaba definido.<\/p>\n<div class=\"g g-38\">\n<div class=\"g-single a-12\"><a class=\"gofollow\" data-track=\"MTIsMzgsMSw2MA==\" href=\"https:\/\/puntoapunto.com.ar\/llega-la-empresa-en-los-genes-un-producto-para-celebrar-los-25-anos-de-punto-a-punto\/\"><img src=\"http:\/\/nuevacordoba.net\/wp-content\/uploads\/2022\/07\/gestion-sin-rumbo-sacarian-a-batakis-y-massa-sondea-su-desembarco-al-ejecutivo-1.gif\"><\/a><\/div>\n<\/div>\n<p>Lo hizo a trav\u00e9s de su cuenta de Twitter donde destac\u00f3:<\/p>\n<p><strong>\u00abVeo muchos rumores y versiones. No tuve ning\u00fan ofrecimiento y reci\u00e9n qued\u00e9 en charlar con el Presidente sobre la agenda de trabajo entre viernes y s\u00e1bado\u00bb<\/strong>.<br \/>\u00abPor otra parte vi que aparecieron \u2018supuestos proyectos de mi autor\u00eda\u2019 que circulan alrededor de las medidas econ\u00f3micas y de las del Banco Central\u00bb, sostuvo Massa, y a\u00f1adi\u00f3: Que quede claro que venimos trabajando en l\u00ednea con el Banco Central y el Ministerio de Econom\u00eda\u00bb.<\/p>\n<p>Al respecto, el legislador asegur\u00f3 que<strong>&nbsp;\u00abcuando tenga algo que decir o el Gobierno decida anunciar algo, se har\u00e1 por los carriles correspondientes\u00bb.<\/strong><\/p>\n<p>En el complejo y delicado escenario pol\u00edtica que transita el presidente Fern\u00e1ndez lo \u00fanico que abundan son rumores, pasos en falso y nuevas desmentidas. A la improlijidad con se que dio la salida del exministro Mart\u00edn Guzm\u00e1n le sigui\u00f3 la designaci\u00f3n casi por descarte de Silvina Batakis en Econom\u00eda. Y cuando Batakis comenz\u00f3 a ensayar sus primeras medidas y tender puentes con el FMI e inversores en el exterior volvi\u00f3 a colarse la improvisaci\u00f3n y el desmanejo de las negociaciones pol\u00edticas y de la propia comunicaci\u00f3n en la gesti\u00f3n.<\/p>\n<p>Sin confirmaciones en las \u00faltimas horas el principal trascendido daba cuenta de que Sergio Massa desembarcar\u00eda en el Gabinete nacional si se respetan algunas condiciones indispensables: entre ellas que su designaci\u00f3n habilite una especie de formato de superministerio que aglutinar\u00eda bajo su \u00f3rbita las carteras de Econom\u00eda,&nbsp;<strong>Energ\u00eda, Agricultura y Ganader\u00eda.<\/strong><\/p>\n<p>Seg\u00fan trascendi\u00f3, la llegada de Massa tendr\u00eda el aval pol\u00edtico de la vicepresidenta Cristina Fern\u00e1ndez de Kirchner, La C\u00e1mpora y el c\u00edrculo rojo af\u00edn.<\/p>\n","protected":false},"excerpt":{"rendered":"<p>El pr\u00f3ximo s\u00e1bado en una reuni\u00f3n en Olivos entre el presidente Alberto Fern\u00e1ndez y el titular de la C\u00e1mara de Diputados Sergio Massa se definir\u00eda una amplia reestructuraci\u00f3n del gabinete nacional. Las versiones comenzaron a correr por la tarde noche del mi\u00e9rcoles e indicaban que se hab\u00eda definido la salida de Silvina Batakis del ministerio [&hellip;]<\/p>\n","protected":false},"author":1,"featured_media":22490,"comment_status":"open","ping_status":"closed","sticky":false,"template":"","format":"standard","meta":[],"categories":[12,14],"tags":[],"_links":{"self":[{"href":"http:\/\/nuevacordoba.net\/index.php\/wp-json\/wp\/v2\/posts\/22489"}],"collection":[{"href":"http:\/\/nuevacordoba.net\/index.php\/wp-json\/wp\/v2\/posts"}],"about":[{"href":"http:\/\/nuevacordoba.net\/index.php\/wp-json\/wp\/v2\/types\/post"}],"author":[{"embeddable":true,"href":"http:\/\/nuevacordoba.net\/index.php\/wp-json\/wp\/v2\/users\/1"}],"replies":[{"embeddable":true,"href":"http:\/\/nuevacordoba.net\/index.php\/wp-json\/wp\/v2\/comments?post=22489"}],"version-history":[{"count":0,"href":"http:\/\/nuevacordoba.net\/index.php\/wp-json\/wp\/v2\/posts\/22489\/revisions"}],"wp:featuredmedia":[{"embeddable":true,"href":"http:\/\/nuevacordoba.net\/index.php\/wp-json\/wp\/v2\/media\/22490"}],"wp:attachment":[{"href":"http:\/\/nuevacordoba.net\/index.php\/wp-json\/wp\/v2\/media?parent=22489"}],"wp:term":[{"taxonomy":"category","embeddable":true,"href":"http:\/\/nuevacordoba.net\/index.php\/wp-json\/wp\/v2\/categories?post=22489"},{"taxonomy":"post_tag","embeddable":true,"href":"http:\/\/nuevacordoba.net\/index.php\/wp-json\/wp\/v2\/tags?post=22489"}],"curies":[{"name":"wp","href":"https:\/\/api.w.org\/{rel}","templated":true}]}}