{"id":22491,"date":"2022-07-28T08:06:02","date_gmt":"2022-07-28T08:06:02","guid":{"rendered":"http:\/\/nuevacordoba.net\/index.php\/2022\/07\/28\/policial-y-trata-de-personas-expansivas-se-estrena-este-jueves\/"},"modified":"2022-07-28T08:06:02","modified_gmt":"2022-07-28T08:06:02","slug":"policial-y-trata-de-personas-expansivas-se-estrena-este-jueves","status":"publish","type":"post","link":"http:\/\/nuevacordoba.net\/index.php\/2022\/07\/28\/policial-y-trata-de-personas-expansivas-se-estrena-este-jueves\/","title":{"rendered":"Policial y trata de personas, \u00abExpansivas\u00bb se estrena este jueves"},"content":{"rendered":"<figure class=\"mb-3\"><img loading=\"lazy\" src=\"http:\/\/nuevacordoba.net\/wp-content\/uploads\/2022\/07\/policial-y-trata-de-personas-expansivas-se-estrena-este-jueves.jpg\" width=\"100%\" height=\"100%\" alt=\"Sara Hebe y Martina Juncadella en Expansivas\"><figcaption> Sara Hebe y Martina Juncadella en \u00abExpansivas\u00bb. <\/figcaption><\/figure>\n<p>Una venganza intrafamiliar con ribetes de thriller en la mafia de la trata de personas es lo que pone en pantallas <strong>\u00abExpansivas\u00bb<\/strong>, cinta de <strong>Ramiro Garc\u00eda Bogliano<\/strong> con el protag\u00f3nico de <strong>Sara Hebe<\/strong>, que se estrena este jueves en salas del pa\u00eds.<\/p>\n<p><strong>\u00abLas pel\u00edculas policiales de Aristarain y Desanzo de los a\u00f1os ochenta, en especial \u201c\u00daltimos d\u00edas de la v\u00edctima\u201d y \u201cEn retirada\u201d. Parte de la apuesta era reinterpretar esos thrillers descarnados tan nuestros, pero con Sara y Martina (Juncadella) en vez de Federico Luppi y Rodolfo Ranni\u00bb<\/strong>, dijo Bogliano a T\u00e9lam.<\/p>\n<p>Hebe interpreta a Flavia, una joven hura\u00f1a que contrasta con su hermana Ana (Juncadella), pero con una uni\u00f3n que, m\u00e1s all\u00e1 de la sangre, se remonta al asesinato de su madre en manos de su padre, Rudi (<strong>Gustavo Portela<\/strong>), quien se encuentra en libertad.<\/p>\n<p>En la b\u00fasqueda de venganza, descubre que Rudi usa como pantalla a una remiser\u00eda para llevar adelante su negocio de trata de mujeres, lo que a\u00f1ade un nuevo condimento al plan organizado por las hermanas.<\/p>\n<div class=\"video_repositive\"> <a class=\"video_sticky\" href=\"javascript:void();\" onclick=\"removeStuckVideo(true);\"><i class=\"far fa-window-close\"><\/i><\/a> <\/p>\n<div id=\"6upzUr3M5eY\" class=\"video_telam\">\n<div class=\"feature_article_inner\">\n<p><h2 class=\"text-center\">Trailer \u00abExpansivas\u00bb<\/h2>\n<\/p><\/div>\n<p>VER VIDEO <i class=\"fas fa-play\"><\/i><\/p>\n<\/p><\/div><\/div>\n<p><strong>\u00abLa pel\u00edcula ataca la realidad. Y eso es algo que faltaba en el mundo de las narraciones audiovisuales. Un ataque a la realidad es que dos mujeres busquen venganza con violencia, que ocupen el lugar que vemos siempre en el cine ocupado por hombres\u00bb<\/strong>, argument\u00f3 la cantante a esta agencia para el estreno de la cinta en 2021 en el streaming.<\/p>\n<p><strong>\u00abLo primero que me gust\u00f3 -coment\u00f3 sobre el proyecto- y me captur\u00f3 de la propuesta es que Bogliano me dijo que la pel\u00edcula rozaba lo &#8216;c\u00f3mic&#8217; por lo sangrienta y porque hab\u00eda peleas, armas, tiros, y dos hero\u00ednas asesinas. Una de ellas no ten\u00eda tanto texto y fue genial para m\u00ed, que no soy actriz. Adem\u00e1s, me dijo que me pagaban, as\u00ed que le dije que s\u00ed (risas)\u00bb<\/strong>.<\/p>\n<p>Por su parte, Bogliano cont\u00f3 que el germen de la pel\u00edcula estaba en su <strong>\u00abpasi\u00f3n por el policial m\u00e1s duro tanto en cine como en literatura\u00bb.<\/strong><\/p>\n<figure class=\"right mb-3\"><img loading=\"lazy\" src=\"http:\/\/nuevacordoba.net\/wp-content\/uploads\/2022\/07\/policial-y-trata-de-personas-expansivas-se-estrena-este-jueves-1.jpg\" width=\"100%\" height=\"100%\" alt=\"Garca Bogliano el director\"><figcaption> Garc\u00eda Bogliano, el director. <\/figcaption><\/figure>\n<p><br open><strong>\u00abPor otro lado, estaba la necesidad de intervenir a trav\u00e9s de la ficci\u00f3n y el g\u00e9nero en nuestra realidad. Marita Ver\u00f3n, Candela, Tehuel\u2026 Los casos se suceden y parece que, de tratarse, debe hacerse en un formato cl\u00e1sico de documental. Pienso que la ficci\u00f3n puede ser m\u00e1s poderosa que el documental y &#8216;Expansivas&#8217; plantea un policial violento contra la impunidad protagonizado por dos mujeres de a pie\u00bb,<\/strong> agreg\u00f3.<\/p>\n<p><strong>\u00abHubo una construcci\u00f3n colectiva de los roles y eso es algo que se dio mucho en todo el rodaje. Un trabajo colectivo y en equipo. Para el rol, pensamos en el pasado de Flavia, en su historia; algo que quiz\u00e1s no se ve en la pel\u00edcula, pero que hace al personaje. Imaginar por las cosas que pas\u00f3 nos ayud\u00f3, junto con la guionista (Milagros Figueroa Garro) y las dem\u00e1s actrices, a pensar en por qu\u00e9 hoy hace lo que hace; el por qu\u00e9 mata, por qu\u00e9 pelea, por qu\u00e9 lucha. Sobran los motivos\u00bb,<\/strong> coment\u00f3 Hebe.<\/p>\n<p>Sobre la elecci\u00f3n de las actrices, Bogliano reconoci\u00f3 que <strong>\u00abMartina y Sara son el coraz\u00f3n, as\u00ed como Assumpta Serna\u00bb<\/strong>.<\/p>\n<p><strong>\u00abSon tres actrices, int\u00e9rpretes, creadoras a las que admiro enormemente. Sara aporta una intensidad apabullante, pocas actrices nacionales podr\u00edan llegar a la entrega f\u00edsica que ella despliega en &#8216;Expansivas&#8217;. Martina aporta una sensibilidad \u00fanica. Las dos vienen de campos de expresi\u00f3n diferentes pero sus talentos los pusieron al servicio de \u00e9ste policial: un terreno que ninguna de las dos hab\u00eda incursionado antes. Y es gracias a ellas que la pel\u00edcula tiene un latido, que est\u00e1 viva\u00bb<\/strong>, dijo el director. <\/p>\n","protected":false},"excerpt":{"rendered":"<p>Sara Hebe y Martina Juncadella en \u00abExpansivas\u00bb. Una venganza intrafamiliar con ribetes de thriller en la mafia de la trata de personas es lo que pone en pantallas \u00abExpansivas\u00bb, cinta de Ramiro Garc\u00eda Bogliano con el protag\u00f3nico de Sara Hebe, que se estrena este jueves en salas del pa\u00eds. \u00abLas pel\u00edculas policiales de Aristarain y [&hellip;]<\/p>\n","protected":false},"author":1,"featured_media":22492,"comment_status":"closed","ping_status":"closed","sticky":false,"template":"","format":"standard","meta":[],"categories":[9],"tags":[],"_links":{"self":[{"href":"http:\/\/nuevacordoba.net\/index.php\/wp-json\/wp\/v2\/posts\/22491"}],"collection":[{"href":"http:\/\/nuevacordoba.net\/index.php\/wp-json\/wp\/v2\/posts"}],"about":[{"href":"http:\/\/nuevacordoba.net\/index.php\/wp-json\/wp\/v2\/types\/post"}],"author":[{"embeddable":true,"href":"http:\/\/nuevacordoba.net\/index.php\/wp-json\/wp\/v2\/users\/1"}],"replies":[{"embeddable":true,"href":"http:\/\/nuevacordoba.net\/index.php\/wp-json\/wp\/v2\/comments?post=22491"}],"version-history":[{"count":0,"href":"http:\/\/nuevacordoba.net\/index.php\/wp-json\/wp\/v2\/posts\/22491\/revisions"}],"wp:featuredmedia":[{"embeddable":true,"href":"http:\/\/nuevacordoba.net\/index.php\/wp-json\/wp\/v2\/media\/22492"}],"wp:attachment":[{"href":"http:\/\/nuevacordoba.net\/index.php\/wp-json\/wp\/v2\/media?parent=22491"}],"wp:term":[{"taxonomy":"category","embeddable":true,"href":"http:\/\/nuevacordoba.net\/index.php\/wp-json\/wp\/v2\/categories?post=22491"},{"taxonomy":"post_tag","embeddable":true,"href":"http:\/\/nuevacordoba.net\/index.php\/wp-json\/wp\/v2\/tags?post=22491"}],"curies":[{"name":"wp","href":"https:\/\/api.w.org\/{rel}","templated":true}]}}