{"id":22493,"date":"2022-07-28T00:39:38","date_gmt":"2022-07-28T00:39:38","guid":{"rendered":"https:\/\/prensa.cba.gov.ar\/?p=509412"},"modified":"2022-07-28T00:39:38","modified_gmt":"2022-07-28T00:39:38","slug":"comienza-la-vacunacion-covid-19-para-la-poblacion-pediatrica-desde-los-6-meses","status":"publish","type":"post","link":"http:\/\/nuevacordoba.net\/index.php\/2022\/07\/28\/comienza-la-vacunacion-covid-19-para-la-poblacion-pediatrica-desde-los-6-meses\/","title":{"rendered":"Comienza la vacunaci\u00f3n Covid-19 para la poblaci\u00f3n pedi\u00e1trica desde los 6 meses"},"content":{"rendered":"<div><img src=\"http:\/\/nuevacordoba.net\/wp-content\/uploads\/2022\/07\/comienza-la-vacunacion-covid-19-para-la-poblacion-pediatrica-desde-los-6-meses.jpg\" class=\"ff-og-image-inserted\"><\/div>\n<ul>\n<li><strong>Con el arribo de las dosis de Moderna pedi\u00e1trica, Salud avanza en la vacunaci\u00f3n desde los 6 meses de edad.<\/strong><\/li>\n<li><strong>La inoculaci\u00f3n comenzar\u00e1 el pr\u00f3ximo martes 2 de agosto en Capital, mientras que en el interior ser\u00e1 a partir del mi\u00e9rcoles 3.<\/strong><\/li>\n<\/ul>\n<p>El Ministerio de Salud de la Provincia informa que el martes 2 de agosto <strong>inicia la vacunaci\u00f3n Covid-19 en ni\u00f1os y ni\u00f1as desde los 6 meses hasta los 3 a\u00f1os de edad<\/strong> en la Ciudad capital, mientras que en el interior comenzar\u00e1 a partir del mi\u00e9rcoles 3 y seg\u00fan la coordinaci\u00f3n de centro de salud local.<\/p>\n<p>En este caso, la vacuna utilizada ser\u00e1 del laboratorio Moderna, con un intervalo entre dosis es de 28 d\u00edas (cuatro semanas).<\/p>\n<p>Cabe mencionar que esta vacuna tambi\u00e9n se autoriz\u00f3 como <strong>dosis de refuerzo para la poblaci\u00f3n pedi\u00e1trica de 3 a 4 a\u00f1os que ya hayan completado su esquema primario<\/strong> de primera y segunda dosis; y luego de transcurrido el intervalo m\u00ednimo de cuatro meses (120 d\u00edas) desde la \u00faltima dosis recibida.<\/p>\n<p>Al igual que la estrategia de vacunaci\u00f3n pedi\u00e1trica, la aplicaci\u00f3n para estos grupos etarios en la ciudad de C\u00f3rdoba seguir\u00e1 el mismo <a href=\"https:\/\/ministeriodesalud.cba.gov.ar\/centros-de-vacunacion-covid-19\/\">cronograma en los hospitales provinciales<\/a>; mientras que en el interior requerir\u00e1 una inscripci\u00f3n previa en los vacunatorios locales. En esta primera etapa, <strong>la red de farmacias no participar\u00e1 de esta inoculaci\u00f3n.<\/strong><\/p>\n<p>Los ni\u00f1os y ni\u00f1as deber\u00e1n&nbsp;concurrir acompa\u00f1ados de sus padres, madres o adultos a cargo, con sus respetivas identificaciones. Esta inoculaci\u00f3n podr\u00e1 coadministrarse junto con cualquier otra vacuna del calendario, pudi\u00e9ndose administrar el mismo d\u00eda o en d\u00edas diferentes, sin requerir intervalo entre las dosis.<\/p>\n<p>Esta estrategia fue consensuada en el marco de la \u00faltima reuni\u00f3n del Consejo Federal de Salud&nbsp;(COFESA), tras la autorizaci\u00f3n de esta vacuna pedi\u00e1trica por parte de la Administraci\u00f3n Nacional de Medicamentos, Alimentos y Tecnolog\u00eda M\u00e9dica (ANMAT).<\/p>\n<p>Adem\u00e1s, la misma cuenta con el visto buenos de la Comisi\u00f3n Nacional de Inmunizaciones (CoNaIn) y el apoyo de las sociedades cient\u00edficas, entre ellas la Sociedad Argentina de Pediatr\u00eda (SAP).<\/p>\n<p><strong>Estrategia de vacunaci\u00f3n pedi\u00e1trica:<\/strong><\/p>\n<p><strong>Poblaci\u00f3n de 6 meses a 2 a\u00f1os:<\/strong><\/p>\n<p>Estar\u00e1n en condiciones de iniciar el esquema primario de primer y segunda dosis, con vacunas Moderna. La dosis de refuerzo todav\u00eda no est\u00e1 autorizada para este rango etario.<\/p>\n<p><strong>Poblaci\u00f3n de 3 a 4 a\u00f1os<\/strong><\/p>\n<p>Est\u00e1n en condiciones de iniciar el esquema primario de primer y segunda dosis, con vacunas Sinopharm o Moderna(no se pueden combinar y deben respetar el intervalo m\u00ednimo).Con la aprobaci\u00f3n de la vacuna Moderna, podr\u00e1n recibir una dosis de refuerzo, luego de transcurrir cuatro meses (120 d\u00edas) desde la \u00faltima dosis recibida.<\/p>\n<p><strong>Poblaci\u00f3n de 5 a 11 a\u00f1os<\/strong><\/p>\n<p>Est\u00e1n en condiciones de iniciar el esquema primario de primer y segunda dosis, con vacunas Sinopharm o vacuna ARNm (Pfizer o Moderna).Transcurrido cuatro meses (120 d\u00edas) desde la \u00faltima dosis recibida, podr\u00e1n aplicarse una dosis de refuerzo de ARNm (Pfizer o Moderna).<\/p>\n<p>Para m\u00e1s informaci\u00f3n, consult\u00e1 la web<a href=\"https:\/\/ministeriodesalud.cba.gov.ar\/coronavirus\/\" target=\"_blank\" rel=\"noreferrer noopener\">&nbsp;del <strong>Ministerio de Salud.<\/strong><\/a><\/p>\n","protected":false},"excerpt":{"rendered":"<p>Con el arribo de las dosis de Moderna pedi\u00e1trica, Salud avanza en la vacunaci\u00f3n desde los 6 meses de edad. La inoculaci\u00f3n comenzar\u00e1 el pr\u00f3ximo martes 2 de agosto en Capital, mientras que en el interior ser\u00e1 a partir del mi\u00e9rcoles 3. El Ministerio de Salud de la Provincia informa que el martes 2 de [&hellip;]<\/p>\n","protected":false},"author":1,"featured_media":22494,"comment_status":"closed","ping_status":"closed","sticky":false,"template":"","format":"standard","meta":[],"categories":[14],"tags":[],"_links":{"self":[{"href":"http:\/\/nuevacordoba.net\/index.php\/wp-json\/wp\/v2\/posts\/22493"}],"collection":[{"href":"http:\/\/nuevacordoba.net\/index.php\/wp-json\/wp\/v2\/posts"}],"about":[{"href":"http:\/\/nuevacordoba.net\/index.php\/wp-json\/wp\/v2\/types\/post"}],"author":[{"embeddable":true,"href":"http:\/\/nuevacordoba.net\/index.php\/wp-json\/wp\/v2\/users\/1"}],"replies":[{"embeddable":true,"href":"http:\/\/nuevacordoba.net\/index.php\/wp-json\/wp\/v2\/comments?post=22493"}],"version-history":[{"count":0,"href":"http:\/\/nuevacordoba.net\/index.php\/wp-json\/wp\/v2\/posts\/22493\/revisions"}],"wp:featuredmedia":[{"embeddable":true,"href":"http:\/\/nuevacordoba.net\/index.php\/wp-json\/wp\/v2\/media\/22494"}],"wp:attachment":[{"href":"http:\/\/nuevacordoba.net\/index.php\/wp-json\/wp\/v2\/media?parent=22493"}],"wp:term":[{"taxonomy":"category","embeddable":true,"href":"http:\/\/nuevacordoba.net\/index.php\/wp-json\/wp\/v2\/categories?post=22493"},{"taxonomy":"post_tag","embeddable":true,"href":"http:\/\/nuevacordoba.net\/index.php\/wp-json\/wp\/v2\/tags?post=22493"}],"curies":[{"name":"wp","href":"https:\/\/api.w.org\/{rel}","templated":true}]}}