{"id":22513,"date":"2022-07-28T19:15:35","date_gmt":"2022-07-28T19:15:35","guid":{"rendered":"http:\/\/nuevacordoba.net\/index.php\/2022\/07\/28\/sandoval-y-la-musica-urbana-no-es-lo-que-uno-quiere-para-el-futuro-de-la-humanidad\/"},"modified":"2022-07-28T19:15:35","modified_gmt":"2022-07-28T19:15:35","slug":"sandoval-y-la-musica-urbana-no-es-lo-que-uno-quiere-para-el-futuro-de-la-humanidad","status":"publish","type":"post","link":"http:\/\/nuevacordoba.net\/index.php\/2022\/07\/28\/sandoval-y-la-musica-urbana-no-es-lo-que-uno-quiere-para-el-futuro-de-la-humanidad\/","title":{"rendered":"Sandoval y la m\u00fasica urbana: \u00abNo es lo que uno quiere para el futuro de la humanidad\u00bb"},"content":{"rendered":"<figure class=\"mb-3\"><img loading=\"lazy\" src=\"http:\/\/nuevacordoba.net\/wp-content\/uploads\/2022\/07\/sandoval-y-la-musica-urbana-no-es-lo-que-uno-quiere-para-el-futuro-de-la-humanidad.jpg\" width=\"100%\" height=\"100%\" alt=\"Protegido del legendario Dizzy Gillespie el msico de 72 aos puso en contacto la tradicin del jazz norteamericano con su pulso caribeo Sandoval logr 10 Grammys\"><figcaption> Protegido del legendario Dizzy Gillespie, el m\u00fasico de 72 a\u00f1os, puso en contacto la tradici\u00f3n del jazz norteamericano con su pulso caribe\u00f1o. Sandoval logr\u00f3 10 Grammys. <\/figcaption><\/figure>\n<p>El reconocido jazzista cubano Arturo Sandoval, que se presentar\u00e1 en Buenos Aires el mes pr\u00f3ximo, se manifest\u00f3 \u00absumamente preocupado\u00bb por la preponderancia del reggaet\u00f3n y el trap en la escena musical actual al considerar que es \u00abpaup\u00e9rrima\u00bb y que \u00abse est\u00e1 creando un monstruo\u00bb, ya que la juventud que lo escucha \u00abpiensa que esos son artistas\u00bb, pero <strong>\u00abno es lo que uno quiere para el futuro de la humanidad\u00bb.<\/strong><\/p>\n<p>El trompetista, pianista y compositor sostuvo que \u00abes algo bien problem\u00e1tico y preocupante que alguien empatice, disfrute, apoye y siga con fanatismo a eso que hoy en d\u00eda le llaman m\u00fasica urbana o algo as\u00ed, que deja much\u00edsimo que desear\u00bb, porque \u00abel ritmo es creado por una computadora y es una cosa mon\u00f3tona y rob\u00f3tica, todo electr\u00f3nico, y <strong>la armon\u00eda es nula; es una cosa paup\u00e9rrima\u00bb.<\/strong><\/p>\n<p>\u00abLos que amamos la buena m\u00fasica estamos sumamente preocupados. La m\u00fasica instrumental tiene tres ingredientes fundamentales: melod\u00eda, armon\u00eda, ritmo y, si tiene texto, poes\u00eda\u00bb, se\u00f1al\u00f3 Sandoval, y a\u00f1adi\u00f3 que en su opini\u00f3n en el caso del reggaet\u00f3n y el trap \u00abes una sarta de improperios y groser\u00edas\u00bb: \u00abBuena parte de la juventud escucha esa m\u00fasica y est\u00e1 completamente confundida: <strong>se piensan que esos son artistas, entre comillas, y lo que est\u00e1n oyendo son malas palabras<\/strong>\u00ab.<\/p>\n<p>En di\u00e1logo con T\u00e9lam, la leyenda del jazz latino que se presentar\u00e1 el 13 de agosto en el Teatro \u00d3pera de la ciudad de Buenos Aires, cont\u00f3 que espera su show \u00abfeliz y muy ansioso\u00bb por encontrarse con el p\u00fablico argentino, que es \u00abtan conocedor y cari\u00f1oso\u00bb y siempre le dio \u00abmuestras de afecto y respeto\u00bb por su trabajo.<\/p>\n<p><strong>Fundador del grupo Irakere<\/strong>, una de las m\u00e1s grandes expresiones del jazz cubano que comparti\u00f3 entre otros con el saxofonista Paquito D&#8217;Rivera, Sandoval y su compa\u00f1ero de banda abandonaron el conjunto y la isla para exiliarse en Estados Unidos, fragmento de su vida que qued\u00f3 retratado en la pel\u00edcula \u00abPor amor o patria\u00bb (2000), en la que Andy Garc\u00eda lo interpret\u00f3.<\/p>\n<p>En Estados Unidos y como <strong>protegido del legendario Dizzy Gillespie<\/strong>, el m\u00fasico, hoy de 72 a\u00f1os, puso en contacto la tradici\u00f3n del jazz norteamericano con su pulso caribe\u00f1o y plasm\u00f3 una trayectoria en la que logr\u00f3 10 Grammys, media docena de premios Billboard y un Emmy por la m\u00fasica del filme sobre su vida.<\/p>\n<p>La banda que acompa\u00f1ar\u00e1 a Sandoval en su show en Argentina estar\u00e1 conformada por Mark Walker (bater\u00eda), Daniel Feldman (percusi\u00f3n), Michael Tucker (saxo), Maximilian Gerl (bajo), Maxwell Haymer (piano) y William Brahm (guitarra).<\/p>\n<figure class=\"right mb-3\"><img loading=\"lazy\" src=\"http:\/\/nuevacordoba.net\/wp-content\/uploads\/2022\/07\/sandoval-y-la-musica-urbana-no-es-lo-que-uno-quiere-para-el-futuro-de-la-humanidad-1.jpg\" width=\"100%\" height=\"100%\" alt=\"La leyenda del jazz latino se presentar el 13 de agosto en el Teatro pera de la ciudad de Buenos Aires\"><figcaption> La leyenda del jazz latino se presentar\u00e1 el 13 de agosto en el Teatro \u00d3pera de la ciudad de Buenos Aires. <\/figcaption><\/figure>\n<p><strong>-Sandoval, \u00bfc\u00f3mo eval\u00faa el mainstream musical actual, dominado por el trap y el reggaet\u00f3n?<\/strong><\/p>\n<p>-Dios quiera que sea una moda pasajera. Hay algo bien dif\u00edcil de digerir: que esos hombres se piensen que son verdaderos artistas. Y hay organismos de prestigio como los Grammy que designan mejor compositor del a\u00f1o a uno de esos que solo hacen \u00abpum pum\u00bb y balbucean una pila de malas palabras sin armon\u00eda, melod\u00eda ni nada; solo una pila de malas palabras&#8230; Y eso tiene todo el apoyo. \u00bfEl mejor compositor de qu\u00e9? \u00bfDe qu\u00e9 estamos hablando? Si ah\u00ed no hay m\u00fasica, sino una pila de groser\u00edas. Es muy dif\u00edcil de digerir e imposible de aceptarlo. Los medios en general y las discogr\u00e1ficas apoyan incre\u00edblemente ese tipo de cosas, donde dicen una cantidad de groser\u00edas: vas a YouTube y tienen cientos de millones, hasta billones, de vistas y el concierto para piano n\u00famero 2 de Sergei Rachmaninov con orquesta, que es una de las obras art\u00edsticas m\u00e1s profundas y lindas que se han hecho, tiene 200, 300 vistas por a\u00f1os.<\/p>\n<p><strong>-\u00bfQu\u00e9 expectativa tiene con su visita a la Argentina y qu\u00e9 repertorio tiene en mente tocar?<\/strong><\/p>\n<p>-Siempre la he pasado excelentemente bien en Argentina y estoy muy feliz porque tengo nuevos miembros de la banda, sangre nueva, j\u00f3venes talentos\u00edsimos. Sin lugar a dudas, es el mejor grupo que he tenido en mi vida. Tocaremos una mezcla de varios estilos, que es lo que m\u00e1s me place cuando subo al escenario: tener esa libertad para poder cambiar de un estilo a otro y poder abarcar diferentes formas musicales.<\/p>\n<p><strong>-\u00bfTiene alg\u00fan pr\u00f3ximo disco en preparaci\u00f3n?<\/strong><\/p>\n<p>-S\u00ed, uno que ya se ha terminado, \u00abTodo ready\u00bb, que va a salir en agosto. Son canciones nuevas que estuve escribiendo durante este tiempo de encierro por la pandemia. Fue terrible estar dos a\u00f1os sin poder presentarme ante el p\u00fablico, pero us\u00e9 ese tiempo e hice tambi\u00e9n canciones que siempre me gustaron pero que nunca tuve la oportunidad de tocar o de grabar. Tiene de todo un poco: balada, m\u00fasica cubana, jazz y folk en 12 canciones.<\/p>\n<p><strong>-Tras m\u00e1s de 20 a\u00f1os del estreno de la pel\u00edcula sobre su vida, \u00bfqu\u00e9 siente que qued\u00f3 sin contar? \u00bfQu\u00e9 se deber\u00eda agregar a la pel\u00edcula de su vida?<\/strong><\/p>\n<p>-Quedaron 33 a\u00f1os afuera porque se termina cuando llegamos a Estados Unidos. Es una desventaja porque, de todas las cosas que me sucedieron en la vida, lo m\u00e1s importante empez\u00f3 en 1990. Fue la etapa m\u00e1s linda de mi vida porque conocimos la libertad, que es la palabra m\u00e1s importante que existe en cualquier diccionario. Estoy muy agradecido por todas las cosas que me pasaron desde que llegu\u00e9 a este pa\u00eds. No tengo palabras para expresar todas las bendiciones sent\u00ed.<\/p>\n<p>La pel\u00edcula es excelente: nunca he participado en un proyecto de ninguna \u00edndole que haya tenido una aceptaci\u00f3n tan un\u00e1nime. Todas las cr\u00edticas tras 22 a\u00f1os han sido formidables. La gente adora esa pel\u00edcula; muchos me escriben y me cuentan que la vieron un sinn\u00famero de veces. Es una emoci\u00f3n muy grande saber que una pel\u00edcula que est\u00e1 basada en una parte de la historia de uno ha tenido tanto arraigo y tan buena aceptaci\u00f3n. Fue muy bien producida. Andy Garc\u00eda hizo un trabajo tan extraordinario que mucha gente incluso lleg\u00f3 a creerse que estaba tocando.<\/p>\n<div class=\"video_repositive\"> <a class=\"video_sticky\" href=\"javascript:void();\" onclick=\"removeStuckVideo(true);\"><i class=\"far fa-window-close\"><\/i><\/a> <\/p>\n<div id=\"KRBapxrFxu0\" class=\"video_telam\" readability=\"6\">\n<div class=\"feature_article_inner\" readability=\"32\">\n<p><h2 class=\"text-center\">\u00abFunky Cha cha cha\u00bb (Arturo Sandoval)<\/h2>\n<\/p><\/div>\n<p>VER VIDEO <i class=\"fas fa-play\"><\/i><\/p>\n<\/p><\/div><\/div>\n<p><strong>-\u00bfQu\u00e9 fue lo m\u00e1s importante que le dej\u00f3 la grabaci\u00f3n de su disco de duetos \u00abUltimate Duets!\u00bb (2018), en el que colabor\u00f3 con tantas figuras?<\/strong><\/p>\n<p>-Todos \u00e9ramos amigos, pero lo m\u00e1s importante fue tener el privilegio y honor de estar con 12 artistas de tanto relieve en un solo \u00e1lbum. Son una bendici\u00f3n que aprecio sobremanera. La disposici\u00f3n que tuvieron cuando los contact\u00e9 fue extraordinaria y voy apreciarla mientras viva. <\/p>\n","protected":false},"excerpt":{"rendered":"<p>Protegido del legendario Dizzy Gillespie, el m\u00fasico de 72 a\u00f1os, puso en contacto la tradici\u00f3n del jazz norteamericano con su pulso caribe\u00f1o. Sandoval logr\u00f3 10 Grammys. El reconocido jazzista cubano Arturo Sandoval, que se presentar\u00e1 en Buenos Aires el mes pr\u00f3ximo, se manifest\u00f3 \u00absumamente preocupado\u00bb por la preponderancia del reggaet\u00f3n y el trap en la [&hellip;]<\/p>\n","protected":false},"author":1,"featured_media":22514,"comment_status":"closed","ping_status":"closed","sticky":false,"template":"","format":"standard","meta":[],"categories":[9],"tags":[],"_links":{"self":[{"href":"http:\/\/nuevacordoba.net\/index.php\/wp-json\/wp\/v2\/posts\/22513"}],"collection":[{"href":"http:\/\/nuevacordoba.net\/index.php\/wp-json\/wp\/v2\/posts"}],"about":[{"href":"http:\/\/nuevacordoba.net\/index.php\/wp-json\/wp\/v2\/types\/post"}],"author":[{"embeddable":true,"href":"http:\/\/nuevacordoba.net\/index.php\/wp-json\/wp\/v2\/users\/1"}],"replies":[{"embeddable":true,"href":"http:\/\/nuevacordoba.net\/index.php\/wp-json\/wp\/v2\/comments?post=22513"}],"version-history":[{"count":0,"href":"http:\/\/nuevacordoba.net\/index.php\/wp-json\/wp\/v2\/posts\/22513\/revisions"}],"wp:featuredmedia":[{"embeddable":true,"href":"http:\/\/nuevacordoba.net\/index.php\/wp-json\/wp\/v2\/media\/22514"}],"wp:attachment":[{"href":"http:\/\/nuevacordoba.net\/index.php\/wp-json\/wp\/v2\/media?parent=22513"}],"wp:term":[{"taxonomy":"category","embeddable":true,"href":"http:\/\/nuevacordoba.net\/index.php\/wp-json\/wp\/v2\/categories?post=22513"},{"taxonomy":"post_tag","embeddable":true,"href":"http:\/\/nuevacordoba.net\/index.php\/wp-json\/wp\/v2\/tags?post=22513"}],"curies":[{"name":"wp","href":"https:\/\/api.w.org\/{rel}","templated":true}]}}