{"id":22528,"date":"2022-07-28T21:42:37","date_gmt":"2022-07-28T21:42:37","guid":{"rendered":"http:\/\/cordobanewsnet.wordpress.com\/?p=7124"},"modified":"2022-07-28T21:42:37","modified_gmt":"2022-07-28T21:42:37","slug":"massa-es-el-nuevo-ministro-de-economia-desarrollo-productivo-agricultura-ganaderia-y-pesca","status":"publish","type":"post","link":"http:\/\/nuevacordoba.net\/index.php\/2022\/07\/28\/massa-es-el-nuevo-ministro-de-economia-desarrollo-productivo-agricultura-ganaderia-y-pesca\/","title":{"rendered":"Massa es el nuevo Ministro de Econom\u00eda, Desarrollo productivo, Agricultura, Ganader\u00eda y Pesca"},"content":{"rendered":"<p>Desde que&nbsp;<strong>Mart\u00edn Guzm\u00e1n&nbsp;<\/strong>peg\u00f3 el portazo en el Ministerio de Econom\u00eda, comenzaron a resonar varios nombres y el de<strong>&nbsp;Sergio Massa<\/strong>&nbsp;estuvo latente desde entonces. Solo tres semanas despu\u00e9s de la designaci\u00f3n de<strong>Silvina Batakis<\/strong>,&nbsp;<strong>Alberto Fern\u00e1ndez confirm\u00f3 un nuevo cambio en el Gabinete<\/strong>.<\/p>\n<p>El presidente convirti\u00f3 al l\u00edder del Frente Renovador y hasta este jueves titular de la C\u00e1mara de Diputados en&nbsp;<strong>nuevo superministro<\/strong>. Seg\u00fan inform\u00f3 el Gobierno, estar\u00e1 a cargo de&nbsp;<strong>Econom\u00eda, Desarrollo Productivo y Agricultura, Ganader\u00eda y Pesca<\/strong>, que se unificar\u00e1n.&nbsp;<\/p>\n<p>Finalmente, Fern\u00e1ndez&nbsp;<strong>decidi\u00f3&nbsp;reorganizar las \u00e1reas econ\u00f3micas de su gabinete para un mejor funcionamiento, coordinaci\u00f3n y gesti\u00f3n<\/strong>. \u00abEn ese sentido, se unificar\u00e1n los ministerios de Econom\u00eda, Desarrollo Productivo y Agricultura, Ganader\u00eda y Pesca, incluyendo adem\u00e1s las relaciones con los organismos internacionales, bilaterales y multilaterales de cr\u00e9dito\u00bb, dice el comunicado de Presidencia.<\/p>\n<p>En ese sentido, agregaron: \u201cEl nuevo ministerio estar\u00e1 a cargo de Sergio Massa, actual presidente de la C\u00e1mara de Diputados, a partir de que se resuelva su alejamiento de su banca\u201d.<\/p>\n<figure class=\"wp-block-image\"><img src=\"http:\/\/nuevacordoba.net\/wp-content\/uploads\/2022\/07\/massa-es-el-nuevo-ministro-de-economia-desarrollo-productivo-agricultura-ganaderia-y-pesca.jpg\" alt><\/figure>\n<p><strong>Qu\u00e9 pasa con Batakis<\/strong><\/p>\n<p><strong>Batakis<\/strong>&nbsp;aterriz\u00f3 en Ezeiza este jueves luego de dos d\u00edas de negociaciones con el&nbsp;<strong>Fondo Monetario Internacional (FMI)<\/strong>&nbsp;en Estados Unidos y se desayun\u00f3 con la novedad de su reemplazo. Durante varias horas, las dudas sobre su continuidad crecieron en medio de las internas de la coalici\u00f3n de Gobierno.<\/p>\n<p>La ahora exministra&nbsp;<strong>puso a disposici\u00f3n su renuncia<\/strong>, antes del nombramiento de Massa, y&nbsp;<strong>el presidente no se la acept\u00f3.<\/strong>&nbsp;Todav\u00eda no se conoce cu\u00e1l ser\u00e1 su rol en este nuevo superministerio.&nbsp;<\/p>\n<div id=\"jp-post-flair\" class=\"sharedaddy sd-like-enabled sd-sharing-enabled\">\n<div class=\"sharedaddy sd-sharing-enabled\">\n<div class=\"robots-nocontent sd-block sd-social sd-social-icon-text sd-sharing\">\n<h3 class=\"sd-title\">Share this:<\/h3>\n<\/div>\n<\/div>\n<div class=\"sharedaddy sd-block sd-like jetpack-likes-widget-wrapper jetpack-likes-widget-unloaded\" id=\"like-post-wrapper-143108178-7124-62e30cd8a7ac0\" data-src=\"\/\/widgets.wp.com\/likes\/index.html?ver=20220105#blog_id=143108178&amp;post_id=7124&amp;origin=cordobanewsnet.wordpress.com&amp;obj_id=143108178-7124-62e30cd8a7ac0\" data-name=\"like-post-frame-143108178-7124-62e30cd8a7ac0\" data-title=\"Me gusta o Compartir\">\n<h3 class=\"sd-title\">Me gusta esto:<\/h3>\n<p><span class=\"button\"><span>Me gusta<\/span><\/span> <span class=\"loading\">Cargando&#8230;<\/span><\/p>\n<p><span class=\"sd-text-color\"><\/span><\/div>\n<p><h3 class=\"jp-relatedposts-headline\"><em>Relacionado<\/em><\/h3>\n<\/p>\n<\/div>\n","protected":false},"excerpt":{"rendered":"<p>Desde que&nbsp;Mart\u00edn Guzm\u00e1n&nbsp;peg\u00f3 el portazo en el Ministerio de Econom\u00eda, comenzaron a resonar varios nombres y el de&nbsp;Sergio Massa&nbsp;estuvo latente desde entonces. Solo tres semanas despu\u00e9s de la designaci\u00f3n deSilvina Batakis,&nbsp;Alberto Fern\u00e1ndez confirm\u00f3 un nuevo cambio en el Gabinete. El presidente convirti\u00f3 al l\u00edder del Frente Renovador y hasta este jueves titular de la C\u00e1mara [&hellip;]<\/p>\n","protected":false},"author":1,"featured_media":22529,"comment_status":"closed","ping_status":"closed","sticky":false,"template":"","format":"standard","meta":[],"categories":[14],"tags":[],"_links":{"self":[{"href":"http:\/\/nuevacordoba.net\/index.php\/wp-json\/wp\/v2\/posts\/22528"}],"collection":[{"href":"http:\/\/nuevacordoba.net\/index.php\/wp-json\/wp\/v2\/posts"}],"about":[{"href":"http:\/\/nuevacordoba.net\/index.php\/wp-json\/wp\/v2\/types\/post"}],"author":[{"embeddable":true,"href":"http:\/\/nuevacordoba.net\/index.php\/wp-json\/wp\/v2\/users\/1"}],"replies":[{"embeddable":true,"href":"http:\/\/nuevacordoba.net\/index.php\/wp-json\/wp\/v2\/comments?post=22528"}],"version-history":[{"count":0,"href":"http:\/\/nuevacordoba.net\/index.php\/wp-json\/wp\/v2\/posts\/22528\/revisions"}],"wp:featuredmedia":[{"embeddable":true,"href":"http:\/\/nuevacordoba.net\/index.php\/wp-json\/wp\/v2\/media\/22529"}],"wp:attachment":[{"href":"http:\/\/nuevacordoba.net\/index.php\/wp-json\/wp\/v2\/media?parent=22528"}],"wp:term":[{"taxonomy":"category","embeddable":true,"href":"http:\/\/nuevacordoba.net\/index.php\/wp-json\/wp\/v2\/categories?post=22528"},{"taxonomy":"post_tag","embeddable":true,"href":"http:\/\/nuevacordoba.net\/index.php\/wp-json\/wp\/v2\/tags?post=22528"}],"curies":[{"name":"wp","href":"https:\/\/api.w.org\/{rel}","templated":true}]}}