{"id":22530,"date":"2022-07-28T23:24:52","date_gmt":"2022-07-28T23:24:52","guid":{"rendered":"http:\/\/nuevacordoba.net\/index.php\/2022\/07\/28\/crece-la-polemica-por-las-fotos-del-matrimonio-zelenski-en-vogue\/"},"modified":"2022-07-28T23:24:52","modified_gmt":"2022-07-28T23:24:52","slug":"crece-la-polemica-por-las-fotos-del-matrimonio-zelenski-en-vogue","status":"publish","type":"post","link":"http:\/\/nuevacordoba.net\/index.php\/2022\/07\/28\/crece-la-polemica-por-las-fotos-del-matrimonio-zelenski-en-vogue\/","title":{"rendered":"Crece la pol\u00e9mica por las fotos del matrimonio Zelenski en Vogue"},"content":{"rendered":"<figure class=\"mb-3\"><img loading=\"lazy\" src=\"http:\/\/nuevacordoba.net\/wp-content\/uploads\/2022\/07\/crece-la-polemica-por-las-fotos-del-matrimonio-zelenski-en-vogue.jpg\" width=\"100%\" height=\"100%\" alt=\"La revista Vogue public una sesin de fotos que gener polmica\"><figcaption> La revista Vogue public\u00f3 una sesi\u00f3n de fotos que gener\u00f3 pol\u00e9mica <\/figcaption><\/figure>\n<p>La <a href=\"https:\/\/www.telam.com.ar\/notas\/202207\/599972-zelenski-ucrania-campania-publicitaria.html\" target=\"_blank\" rel=\"noopener\">pol\u00e9mica sesi\u00f3n de fotos<\/a> protagonizada por la primera dama ucraniana, Olena Zelenska, en la revista de moda Vogue junto a su pareja, el presidente Volodimir Zelenski, gener\u00f3 repudio y numerosas cr\u00edticas en las redes sociales al considerarla una frivolidad en medio de un conflicto b\u00e9lico.<\/p>\n<p>Sin embargo, el presidente y su mujer aseguraron que la entrevista y las fotos las realizaron con el fin de recaudar fondos y visibilizar la guerra.&nbsp;<\/p>\n<p>La foto de la se\u00f1ora Zelenska es portada del \u00f9ltimo n\u00famero de la revista, mientras que en sus p\u00e1ginas&nbsp;posa con Zelenski en la oficina presidencial o junto a soldados.<\/p>\n<figure class=\"mb-3\"><img loading=\"lazy\" src=\"http:\/\/nuevacordoba.net\/wp-content\/uploads\/2022\/07\/crece-la-polemica-por-las-fotos-del-matrimonio-zelenski-en-vogue-1.jpg\" width=\"100%\" height=\"100%\" alt=\"Las fotos de la produccin desataron fuertes crticas en las redes\"><figcaption> Las fotos de la producci\u00f3n desataron fuertes cr\u00edticas en las redes <\/figcaption><\/figure>\n<p>Las im\u00e1genes fueron tomadas por la fot\u00f3grafa Annie Leibovitz -elegida por artistas y estrellas de Hollywood- y complementan un perfil de Zelenska en el que se mezclan conversaciones sobre su estilo y su experiencia como primera dama durante la intervenci\u00f3n militar rusa en territorio ucraniano.&nbsp;<br \/>Seg\u00fan el Instagram de Vogue, el art\u00edculo titulado \u00abRetrato de valent\u00eda\u00bb tambi\u00e9n aborda temas de la pareja presidencial, como \u00abla vida en tiempos de guerra\u00bb y \u00absue\u00f1os respecto al futuro de Ucrania\u00bb.<\/p>\n<p>Los lectores dejaron cientos de comentarios como \u00abEsto de que posen en una zona de guerra no es de mi agrado&#8230;\u00bb, \u00abNo hay que romantizar la guerra, Vogue\u00bb o \u00abEl pa\u00eds en guerra y la primera dama dando una entrevista a una revista de moda. No pueden ser m\u00e1s fr\u00edvolos\u00bb.<\/p>\n<blockquote class=\"twitter-tweet\" readability=\"11.575842696629\">\n<p lang=\"es\" dir=\"ltr\">-\u00a1Presidente Zelenski! Es urgente\u2026<br \/>-\u00a1Chst! Ahora no, estoy ocupado<br \/>&#8211; Presidente, la situaci\u00f3n es grave<br \/>-\u00a1Shh! \u00a1Silencio, dije! <br \/>-Pero es que llegan noticias del frente y de Bruselas, que\u2026<br \/>-\u00a1Ay, por Dios! \u00bfEs que ya uno no puede ni tomarse fotos con Vogue sin que lo interrumpan? <a href=\"https:\/\/t.co\/RTlbvgtxJa\">pic.twitter.com\/RTlbvgtxJa<\/a><\/p>\n<p>\u2014 Ah\u00ed les Va (@ahilesvainfo) <a href=\"https:\/\/twitter.com\/ahilesvainfo\/status\/1552353417280077825?ref_src=twsrc%5Etfw\">July 27, 2022<\/a><\/p><\/blockquote>\n<blockquote class=\"twitter-tweet\" readability=\"8.7378640776699\">\n<p lang=\"es\" dir=\"ltr\">Mientras obliga a millones de civiles ucranianos a morir frente a uno de los ej\u00e9rcitos m\u00e1s poderosos del mundo, Zelenski y su mujer, Olena Zelenska, han hecho un reportaje para Vogue. El espect\u00e1culo de la guerra. No pueden ser m\u00e1s fr\u00edvolos. <a href=\"https:\/\/t.co\/0GiwmsHTiC\">pic.twitter.com\/0GiwmsHTiC<\/a><\/p>\n<p>\u2014 PabloMM (@pablom_m) <a href=\"https:\/\/twitter.com\/pablom_m\/status\/1551962859546058755?ref_src=twsrc%5Etfw\">July 26, 2022<\/a><\/p><\/blockquote>\n<blockquote class=\"twitter-tweet\" readability=\"6.1702127659574\">\n<p lang=\"es\" dir=\"ltr\">Aqu\u00ed tenemos el making of del reportaje que la revista Vogue ha hecho al matrimonio Zelenski. En \u00e9l podemos ver al presidente de Ucrania y a su mujer recreando entre risitas escenarios b\u00e9licos en los que han muerto miles de personas. No tienen verg\u00fcenza. <a href=\"https:\/\/t.co\/KtlByAIiB9\">pic.twitter.com\/KtlByAIiB9<\/a><\/p>\n<p>\u2014 Elem\u00e9ntal (@ElementalELM) <a href=\"https:\/\/twitter.com\/ElementalELM\/status\/1552391113239134208?ref_src=twsrc%5Etfw\">July 27, 2022<\/a><\/p><\/blockquote>\n<blockquote class=\"twitter-tweet\" readability=\"3.5227272727273\">\n<p lang=\"es\" dir=\"ltr\">Paren todo!! Necesito fotos para la Revista Vogue!!<br \/>As\u00ed Zelenski!! <a href=\"https:\/\/t.co\/x6empaUoIE\">pic.twitter.com\/x6empaUoIE<\/a><\/p>\n<p>\u2014 Nancy SD (@nsilvad05) <a href=\"https:\/\/twitter.com\/nsilvad05\/status\/1552681520556654597?ref_src=twsrc%5Etfw\">July 28, 2022<\/a><\/p><\/blockquote>\n","protected":false},"excerpt":{"rendered":"<p>La revista Vogue public\u00f3 una sesi\u00f3n de fotos que gener\u00f3 pol\u00e9mica La pol\u00e9mica sesi\u00f3n de fotos protagonizada por la primera dama ucraniana, Olena Zelenska, en la revista de moda Vogue junto a su pareja, el presidente Volodimir Zelenski, gener\u00f3 repudio y numerosas cr\u00edticas en las redes sociales al considerarla una frivolidad en medio de un [&hellip;]<\/p>\n","protected":false},"author":1,"featured_media":22531,"comment_status":"closed","ping_status":"closed","sticky":false,"template":"","format":"standard","meta":[],"categories":[13],"tags":[],"_links":{"self":[{"href":"http:\/\/nuevacordoba.net\/index.php\/wp-json\/wp\/v2\/posts\/22530"}],"collection":[{"href":"http:\/\/nuevacordoba.net\/index.php\/wp-json\/wp\/v2\/posts"}],"about":[{"href":"http:\/\/nuevacordoba.net\/index.php\/wp-json\/wp\/v2\/types\/post"}],"author":[{"embeddable":true,"href":"http:\/\/nuevacordoba.net\/index.php\/wp-json\/wp\/v2\/users\/1"}],"replies":[{"embeddable":true,"href":"http:\/\/nuevacordoba.net\/index.php\/wp-json\/wp\/v2\/comments?post=22530"}],"version-history":[{"count":0,"href":"http:\/\/nuevacordoba.net\/index.php\/wp-json\/wp\/v2\/posts\/22530\/revisions"}],"wp:featuredmedia":[{"embeddable":true,"href":"http:\/\/nuevacordoba.net\/index.php\/wp-json\/wp\/v2\/media\/22531"}],"wp:attachment":[{"href":"http:\/\/nuevacordoba.net\/index.php\/wp-json\/wp\/v2\/media?parent=22530"}],"wp:term":[{"taxonomy":"category","embeddable":true,"href":"http:\/\/nuevacordoba.net\/index.php\/wp-json\/wp\/v2\/categories?post=22530"},{"taxonomy":"post_tag","embeddable":true,"href":"http:\/\/nuevacordoba.net\/index.php\/wp-json\/wp\/v2\/tags?post=22530"}],"curies":[{"name":"wp","href":"https:\/\/api.w.org\/{rel}","templated":true}]}}