{"id":22534,"date":"2022-07-28T23:13:05","date_gmt":"2022-07-28T23:13:05","guid":{"rendered":"https:\/\/prensa.cba.gov.ar\/?p=509649"},"modified":"2022-07-28T23:13:05","modified_gmt":"2022-07-28T23:13:05","slug":"el-hospital-de-marcos-juarez-recibio-una-ambulancia-de-alta-complejidad","status":"publish","type":"post","link":"http:\/\/nuevacordoba.net\/index.php\/2022\/07\/28\/el-hospital-de-marcos-juarez-recibio-una-ambulancia-de-alta-complejidad\/","title":{"rendered":"El Hospital de Marcos Ju\u00e1rez recibi\u00f3 una ambulancia de alta complejidad"},"content":{"rendered":"<ul>\n<li><strong>El ministro Cardozo encabez\u00f3 la entrega en la ciudad del este provincial<\/strong><\/li>\n<li><strong>La iniciativa se enmarca en el Plan de Reequipamiento de Hospitales Provinciales.<\/strong><\/li>\n<li><strong>El funcionario recorri\u00f3 las obras de construcci\u00f3n del Centro de Rehabilitaci\u00f3n<\/strong>.<\/li>\n<\/ul>\n<p>El ministro de Salud Diego Cardozo entreg\u00f3 una ambulancia de alta complejidad y una mesa de cirug\u00eda al Hospital Abel Ayerza de Marcos Ju\u00e1rez, que totalizaron un inversi\u00f3n provincial de 13.790.000 pesos. La entrega de estos elementos forma parte del Plan de Reequipamiento de Hospitales Provinciales.<\/p>\n<p>Vale recordar que en mayo pasado el centro hospitalario recibi\u00f3 tres incubadoras de neonatolog\u00eda, siete camas ortop\u00e9dicas para terapia intensiva, un equipo de RX rodante, doce monitores multiparam\u00e9tricos para UTI, Neonatolog\u00eda y Guardia, un electrobistur\u00ed, un monitor con capnograf\u00eda y un arco en C.<\/p>\n<p><em>\u201cVenimos a cumplir con un compromiso que asumimos con el Hospital de Marcos Ju\u00e1rez. Queremos que los ciudadanos, tanto adultos como pedi\u00e1tricos, tengan la posibilidad de ser asistidos y poder contar con los medios adecuados\u00bb<\/em>, dijo Cardozo.<\/p>\n<p>\u00ab<em>La ambulancia que entregamos requiri\u00f3 una inversi\u00f3n de 12 millones de pesos. Es una Unidad de Terapia Intensiva m\u00f3vil, con todas las prestaciones de alta complejidad, que tiene desde respirador hasta cardiodesfribilador y cuenta con todos los elementos necesarios para hacer un procedimiento quir\u00fargico\u00bb, <\/em>agreg\u00f3.<\/p>\n<figure class=\"wp-block-gallery columns-2 is-cropped\">\n<ul class=\"blocks-gallery-grid\">\n<li class=\"blocks-gallery-item\">\n<figure><img loading=\"lazy\" width=\"1280\" height=\"853\" src=\"http:\/\/nuevacordoba.net\/wp-content\/uploads\/2022\/07\/el-hospital-de-marcos-juarez-recibio-una-ambulancia-de-alta-complejidad.jpg\" alt data-id=\"509650\" data-full-url=\"http:\/\/nuevacordoba.net\/wp-content\/uploads\/2022\/07\/el-hospital-de-marcos-juarez-recibio-una-ambulancia-de-alta-complejidad.jpg\" data-link=\"https:\/\/prensa.cba.gov.ar\/informacion-general\/el-hospital-de-marcos-juarez-recibio-una-ambulancia-de-alta-complejidad\/attachment\/whatsapp-image-2022-07-28-at-6-42-21-pm\/\" class=\"wp-image-509650\"><\/figure>\n<\/li>\n<li class=\"blocks-gallery-item\">\n<figure><img loading=\"lazy\" width=\"1280\" height=\"853\" src=\"http:\/\/nuevacordoba.net\/wp-content\/uploads\/2022\/07\/el-hospital-de-marcos-juarez-recibio-una-ambulancia-de-alta-complejidad-1.jpg\" alt data-id=\"509653\" data-link=\"https:\/\/prensa.cba.gov.ar\/?attachment_id=509653\" class=\"wp-image-509653\"><\/figure>\n<\/li>\n<\/ul>\n<\/figure>\n<h3><strong>Centro de Rehabilitaci\u00f3n<\/strong><\/h3>\n<p>Cardozo anunci\u00f3 que ya empezaron las obras de construcci\u00f3n del nuevo Centro de Rehabilitaci\u00f3n, que contribuir\u00e1 a cubrir la demanda del departamento Marcos Ju\u00e1rez y tambi\u00e9n de ciudades aleda\u00f1as, con un monto de inversi\u00f3n de 63 millones de pesos.<\/p>\n<p>Al respecto el ministro se\u00f1al\u00f3:<em> \u201cVenimos invirtiendo en ejes sustanciales y la rehabilitaci\u00f3n es una de las pol\u00edticas inclusivas m\u00e1s importantes que tiene el sistema de salud. Generar acceso a la rehabilitaci\u00f3n de las personas -ya sea por discapacidad motora o neurol\u00f3gicas- sin lugar a duda es un paso a la inclusi\u00f3n y obviamente a la reinserci\u00f3n de las personas a la sociedad. El doctor Foresi lo ven\u00eda trabajando y hoy es una realidad. Esto es un gran avance para Marcos Ju\u00e1rez y departamentos vecinos\u201d. <\/em><\/p>\n<p>Este centro estar\u00e1 ubicado dentro del Hospital Regional Dr. Abel Ayerza, a fin de procurar atenci\u00f3n a las personas con discapacidad. Tendr\u00e1 un ingreso independiente y contar\u00e1 con una superficie de 330 metros cuadrados.<\/p>\n<figure class=\"wp-block-gallery columns-2 is-cropped\">\n<ul class=\"blocks-gallery-grid\">\n<li class=\"blocks-gallery-item\">\n<figure><img loading=\"lazy\" width=\"1280\" height=\"853\" src=\"http:\/\/nuevacordoba.net\/wp-content\/uploads\/2022\/07\/el-hospital-de-marcos-juarez-recibio-una-ambulancia-de-alta-complejidad-2.jpg\" alt data-id=\"509654\" data-link=\"https:\/\/prensa.cba.gov.ar\/?attachment_id=509654\" class=\"wp-image-509654\"><\/figure>\n<\/li>\n<li class=\"blocks-gallery-item\">\n<figure><img loading=\"lazy\" width=\"1280\" height=\"852\" src=\"http:\/\/nuevacordoba.net\/wp-content\/uploads\/2022\/07\/el-hospital-de-marcos-juarez-recibio-una-ambulancia-de-alta-complejidad-3.jpg\" alt data-id=\"509655\" data-link=\"https:\/\/prensa.cba.gov.ar\/?attachment_id=509655\" class=\"wp-image-509655\"><\/figure>\n<\/li>\n<\/ul>\n<\/figure>\n<p>Por su parte, el director del Hospital Eduardo Foresi manifest\u00f3: <em>\u201cEsta entrega significa un gran avance para el hospital Abel Ayerza y para Marcos Ju\u00e1rez, siempre nos fuimos adaptando a los cambios, fuimos aumentando el personal y seguimos agregando camas, porque con el crecimiento poblacional que hay, el hospital va aumentando sus prestaciones y el uso de las camas. Por ese motivo tenemos capacidad de respuesta y nunca tuvimos que derivar pacientes a otro lado\u00bb.<\/em><\/p>\n<p>\u00ab<em>Con esto \u2013prosigui\u00f3- seguimos interactuando lo p\u00fablico con lo privado y eso produce una sinergia que sin ser una competencia hace que todos seamos m\u00e1s competitivos. Por eso desde las ORIS, el trabajo del hospital, la municipalidad y la parte privada somos uno solo y siempre estamos solidariz\u00e1ndonos con todos los sistemas de salud de Marcos Ju\u00e1rez\u201d.<\/em><\/p>\n<p>En la entrega estuvieron presentes tambi\u00e9n la legisladora Julieta Rinaldi, la presidenta del Concejo Deliberante Sara Majorel, el director de Hospitales del Interior Carlos Negro y la subdirectora del Hospital Lorena Favilla.<\/p>\n","protected":false},"excerpt":{"rendered":"<p>El ministro Cardozo encabez\u00f3 la entrega en la ciudad del este provincial La iniciativa se enmarca en el Plan de Reequipamiento de Hospitales Provinciales. El funcionario recorri\u00f3 las obras de construcci\u00f3n del Centro de Rehabilitaci\u00f3n. El ministro de Salud Diego Cardozo entreg\u00f3 una ambulancia de alta complejidad y una mesa de cirug\u00eda al Hospital Abel [&hellip;]<\/p>\n","protected":false},"author":1,"featured_media":22535,"comment_status":"closed","ping_status":"closed","sticky":false,"template":"","format":"standard","meta":[],"categories":[14],"tags":[],"_links":{"self":[{"href":"http:\/\/nuevacordoba.net\/index.php\/wp-json\/wp\/v2\/posts\/22534"}],"collection":[{"href":"http:\/\/nuevacordoba.net\/index.php\/wp-json\/wp\/v2\/posts"}],"about":[{"href":"http:\/\/nuevacordoba.net\/index.php\/wp-json\/wp\/v2\/types\/post"}],"author":[{"embeddable":true,"href":"http:\/\/nuevacordoba.net\/index.php\/wp-json\/wp\/v2\/users\/1"}],"replies":[{"embeddable":true,"href":"http:\/\/nuevacordoba.net\/index.php\/wp-json\/wp\/v2\/comments?post=22534"}],"version-history":[{"count":0,"href":"http:\/\/nuevacordoba.net\/index.php\/wp-json\/wp\/v2\/posts\/22534\/revisions"}],"wp:featuredmedia":[{"embeddable":true,"href":"http:\/\/nuevacordoba.net\/index.php\/wp-json\/wp\/v2\/media\/22535"}],"wp:attachment":[{"href":"http:\/\/nuevacordoba.net\/index.php\/wp-json\/wp\/v2\/media?parent=22534"}],"wp:term":[{"taxonomy":"category","embeddable":true,"href":"http:\/\/nuevacordoba.net\/index.php\/wp-json\/wp\/v2\/categories?post=22534"},{"taxonomy":"post_tag","embeddable":true,"href":"http:\/\/nuevacordoba.net\/index.php\/wp-json\/wp\/v2\/tags?post=22534"}],"curies":[{"name":"wp","href":"https:\/\/api.w.org\/{rel}","templated":true}]}}