{"id":22538,"date":"2022-07-29T03:04:09","date_gmt":"2022-07-29T03:04:09","guid":{"rendered":"https:\/\/puntoapunto.com.ar\/?p=336226"},"modified":"2022-07-29T03:04:09","modified_gmt":"2022-07-29T03:04:09","slug":"como-reaccionan-los-mercados-y-el-dolar-a-un-massa-superministro-y-empoderado","status":"publish","type":"post","link":"http:\/\/nuevacordoba.net\/index.php\/2022\/07\/29\/como-reaccionan-los-mercados-y-el-dolar-a-un-massa-superministro-y-empoderado\/","title":{"rendered":"C\u00f3mo reaccionan los mercados y el d\u00f3lar a un Massa superministro y empoderado"},"content":{"rendered":"<div class=\"g g-37\">\n<div class=\"g-single a-29\"><a class=\"gofollow\" data-track=\"MjksMzcsMSw2MA==\" href=\"https:\/\/www.harmoniechateau.com.ar\/\" target=\"_blank\" rel=\"noopener\"><img src=\"http:\/\/nuevacordoba.net\/wp-content\/uploads\/2022\/07\/como-reaccionan-los-mercados-y-el-dolar-a-un-massa-superministro-y-empoderado.gif\"><\/a><\/div>\n<\/div>\n<p>El presidente Alberto Fern\u00e1ndez eligi\u00f3 ayer al titular de la C\u00e1mara de Diputados, Sergio Massa, para encabezar un ministerio unificado de Econom\u00eda, Desarrollo Productivo y Agricultura, Ganader\u00eda y Pesca en una decisi\u00f3n que implica reorganizar todas las \u00e1reas econ\u00f3micas del Gabinete para afrontar desaf\u00edos complejos y que abre una nueva etapa en lo pol\u00edtico.<\/p>\n<p>Fern\u00e1ndez decidi\u00f3 reorganizar las \u00e1reas econ\u00f3micas de su Gabinete para un mejor funcionamiento, coordinaci\u00f3n y gesti\u00f3n, indicaron las fuentes.<\/p>\n<p>En ese sentido, se&nbsp;<strong>unificar\u00e1n los ministerios de Econom\u00eda, Desarrollo Productivo y Agricultura, Ganader\u00eda y Pesca, incluyendo adem\u00e1s las relaciones con los organismos internacionales, bilaterales y multilaterales de cr\u00e9dito<\/strong>.<\/p>\n<div class=\"g g-38\">\n<div class=\"g-single a-12\"><a class=\"gofollow\" data-track=\"MTIsMzgsMSw2MA==\" href=\"https:\/\/puntoapunto.com.ar\/llega-la-empresa-en-los-genes-un-producto-para-celebrar-los-25-anos-de-punto-a-punto\/\"><img src=\"http:\/\/nuevacordoba.net\/wp-content\/uploads\/2022\/07\/como-reaccionan-los-mercados-y-el-dolar-a-un-massa-superministro-y-empoderado-1.gif\"><\/a><\/div>\n<\/div>\n<p>Massa asumir\u00e1 a partir de que se resuelva el alejamiento de su banca en una&nbsp;<a href=\"http:\/\/www.telam.com.ar\/notas\/202207\/599993-sergio-massa-gabinete-gobierno-nacional-camara-de-diputados.html\" target=\"_blank\" rel=\"noopener\">sesi\u00f3n especial convocada por el propio diputado para formalizar su dimisi\u00f3n y elegir al nuevo titular del cuerpo<\/a>&nbsp;que lo reemplazar\u00e1 hasta diciembre de 2023.<\/p>\n<p>Al ser consultado sobre el nombre de su sucesor, Massa dijo que \u00abes una decisi\u00f3n que le corresponde al Frente de Todos\u00bb.<\/p>\n<figure class=\"mb-3\"><img loading=\"lazy\" src=\"http:\/\/nuevacordoba.net\/wp-content\/uploads\/2022\/07\/como-reaccionan-los-mercados-y-el-dolar-a-un-massa-superministro-y-empoderado.jpg\" alt=\"Massa deber anunciar quienes sern los funcionarios que tomarn las riendas de las distintas reas a su cargo Foto Presidencia\" width=\"100%\" height=\"100%\"><figcaption>Massa deber\u00e1 anunciar quienes ser\u00e1n los funcionarios que tomar\u00e1n las riendas de las distintas \u00e1reas a su cargo \/ Foto: Presidencia.<\/figcaption><\/figure>\n<p>De hecho, la bancada del oficialismo que conduce Germ\u00e1n Mart\u00ednez debe definir a qui\u00e9n ocupar\u00e1 el cargo que dejar\u00e1 Massa, cuyo nombre tendr\u00e1 que ser aprobado en la sesi\u00f3n especial del martes.<\/p>\n<p><strong>Batakis, al Banco Naci\u00f3n. <\/strong>El jefe de Estado design\u00f3 tambi\u00e9n a <a href=\"https:\/\/www.telam.com.ar\/notas\/202207\/600002-batakis-designacion-banco-nacion.html\" target=\"_blank\" rel=\"noopener\">Silvina Batakis como presidenta del Banco Naci\u00f3n<\/a>, por lo que dejar\u00e1 el Ministerio de Econom\u00eda.<\/p>\n<p><strong>\u00abEl Presidente reconoce y agradece el compromiso que demostr\u00f3 al sumarse al Gabinete\u00bb<\/strong>, indic\u00f3 Presidencia en un comunicado.<\/p>\n<figure class=\"mb-3\"><img loading=\"lazy\" src=\"http:\/\/nuevacordoba.net\/wp-content\/uploads\/2022\/07\/como-reaccionan-los-mercados-y-el-dolar-a-un-massa-superministro-y-empoderado-1.jpg\" alt=\"Batakis asumir en el Banco Nacin Foto Archivo\" width=\"100%\" height=\"100%\"><figcaption>Batakis asumir\u00e1 en el Banco Naci\u00f3n \/ Foto: Archivo.<\/figcaption><\/figure>\n<p>Fern\u00e1ndez y Batakis se hab\u00edan reunido este mediod\u00eda durante casi dos horas en el despacho presidencial de Casa Rosada.<\/p>\n<p><strong>Scioli vuelve a Brasil. <\/strong>Adem\u00e1s, a pedido del mandatario, <a href=\"https:\/\/www.telam.com.ar\/notas\/202207\/599999-scioli-embaja-brasil.html\" target=\"_blank\" rel=\"noopener\">Daniel Scioli volver\u00e1 a la embajada argentina en Brasil<\/a>&nbsp;y dejar\u00e1 el Ministerio de Desarrollo Productivo.<\/p>\n<p>En un comunicado oficial, \u00abel Presidente le agradece profundamente haber estado presente en el Gabinete cuando fue convocado\u00bb. Scioli retornar\u00e1 a la embajada, con sede en Brasilia, <strong>\u00abdonde realiz\u00f3 un excelente trabajo\u00bb<\/strong>, valor\u00f3 su gesti\u00f3n el comunicado de Presidencia. Fern\u00e1ndez y Scioli tambi\u00e9n se reunieron esta tarde en el despacho presidencial, por alrededor de una hora y media.<\/p>\n<p><strong>Las renuncias de Dom\u00ednguez y Beliz. <\/strong>El mandatario <a href=\"https:\/\/www.telam.com.ar\/notas\/202207\/600005-julian-dominguez-agricultura-ganaderia-pesca.html\" target=\"_blank\" rel=\"noopener\">acept\u00f3 adem\u00e1s la renuncia de Juli\u00e1n Dom\u00ednguez<\/a>&nbsp;al Ministerio de Agricultura, Ganader\u00eda y Pesca, luego de la unificaci\u00f3n de las carteras.<br \/>\u00abEl Presidente agradece el trabajo realizado durante su gesti\u00f3n\u00bb, se indic\u00f3 en otro comunicado. En una medida similar, el mandatario acept\u00f3 adem\u00e1s la <a href=\"https:\/\/www.telam.com.ar\/notas\/202207\/599968-gustavo-beliz-renuncia.html\" target=\"_blank\" rel=\"noopener\">renuncia presentada por Gustavo Beliz<\/a>&nbsp;a la Secretar\u00eda de Asuntos Estrat\u00e9gicos.<\/p>\n<p><strong>Cambios en Afip. <\/strong>Fern\u00e1ndez <a href=\"https:\/\/www.telam.com.ar\/notas\/202207\/599994-marco-del-pont-secretaria-asuntos-estrategicos.html\" target=\"_blank\" rel=\"noopener\">nombr\u00f3 en lugar de Beliz a Mercedes Marco del Pont<\/a>&nbsp;en la Secretar\u00eda de Asuntos Estrat\u00e9gicos, informaron fuentes oficiales.&nbsp;Del Pont se ven\u00eda desempe\u00f1ando como titular de la Administraci\u00f3n Federal de Ingresos P\u00fablicos (AFIP).<\/p>\n<p>En ese sentido,&nbsp;<a href=\"https:\/\/www.telam.com.ar\/notas\/202207\/600001-alberto-fernandez-gabinete-carlos-castagneto-afip.html\" target=\"_blank\" rel=\"noopener\">Fern\u00e1ndez design\u00f3 al contador Carlos Castagneto como titular de la AFIP<\/a>, quien ven\u00eda trabajando como director general de Recursos de Seguridad Social en el organismo en el que ahora asumir\u00e1. Durante el Gobierno de Cristina Fern\u00e1ndez de Kirchner, Castagneto fue viceministro de Desarrollo Social.<\/p>\n<figure class=\"mb-3\" readability=\"32.20534150613\"><img loading=\"lazy\" src=\"http:\/\/nuevacordoba.net\/wp-content\/uploads\/2022\/07\/como-reaccionan-los-mercados-y-el-dolar-a-un-massa-superministro-y-empoderado-2.jpg\" alt=\"Carlos Castagneto a la AFIP Foto Archivo\" width=\"100%\" height=\"100%\"><figcaption readability=\"64.410683012259\">\n<p><strong>Optimismo en los mercados<\/strong>. Los mercados le dieron a <a href=\"https:\/\/urgente24.com\/actualidad\/sergio-massa-sale-desmentir-pero-tiro-una-fecha-que-dijo-n541244\" target=\"_blank\" rel=\"noopener\" data-saferedirecturl=\"https:\/\/www.google.com\/url?q=https:\/\/urgente24.com\/actualidad\/sergio-massa-sale-desmentir-pero-tiro-una-fecha-que-dijo-n541244&amp;source=gmail&amp;ust=1659143719586000&amp;usg=AOvVaw37UdylYCY9iTVaFTZgZYkN\"><b>Sergio Massa&nbsp;<\/b><\/a>una espectacular bienvenida a la posibilidad de su desembarco en el gabinete nacional, algo que se concret\u00f3 por la tarde de ayer. Los bonos en el billete verde treparon hasta 11% y los ADR en Wall Street ganaron 20%, baj\u00f3 el riesgo pa\u00eds baj\u00f3 hasta los 2.538 puntos. El<a href=\"https:\/\/urgente24.com\/dinero\/dolar-libre-arriba-reservas-baja-n524834\" target=\"_blank\" rel=\"noopener\" data-saferedirecturl=\"https:\/\/www.google.com\/url?q=https:\/\/urgente24.com\/dinero\/dolar-libre-arriba-reservas-baja-n524834&amp;source=gmail&amp;ust=1659143719586000&amp;usg=AOvVaw3tB7CBoa2N4nO82tZxNlQd\">&nbsp;<b>d\u00f3lar<\/b>&nbsp;libre<\/a> cerr\u00f3 ayer $314 y el \u00abcontado con liqui\u00bb cay\u00f3 8%. El BCRA subi\u00f3 las tasas pero tuvo que venderUS$100 millones en el mercado<a href=\"https:\/\/urgente24.com\/actualidad\/confirmado-sergio-massa-sera-el-nuevo-ministro-economia-n541282\" target=\"_blank\" rel=\"noopener\" data-saferedirecturl=\"https:\/\/www.google.com\/url?q=https:\/\/urgente24.com\/actualidad\/confirmado-sergio-massa-sera-el-nuevo-ministro-economia-n541282&amp;source=gmail&amp;ust=1659143719586000&amp;usg=AOvVaw1AInKz0dR6fBx22Dg6ty_p\">Los bonos y las acciones&nbsp;<\/a>Argentina cerraron con fuertes mejoras apoyadas en los cambios en el conjunto del gabinete.<\/p>\n<p>As\u00ed las cosas, en Wall Street, el bono Global 2029 subi\u00f3 un 11,3%, el Global 2030 un 9,8% y el Global 2035 un 9,5 %. En orden el Global 2038 avanz\u00f3 7,4%; el Global 2041, 7,5%, y por \u00faltimo el Global 2046, 8,8 %.<\/p>\n<p>De esa manera el \u00edndicador EMBIi+ Argentina de JP Morgan, mostr\u00f3 un retroceso de algo m\u00e1s de 200 puntos para fijar al mediod\u00eda para marcar un piso de 2.443 unidades. y cerrar entorno de los 2.538 puntos.<\/p>\n<p>Los bonos negociados en el Mercado Abierto Electr\u00f3nico (MAE) subieron un fuerte 3,5% en su promedio en pesos, al tope las emisiones dolarizadas, luego de caer la niveles baj\u00edsimos con valuaciones menores al 20% y rendimientos de m\u00e1s del 40% en d\u00f3lares.<\/p>\n<p>En la Bolsa de Buenos Aires el \u00edndice l\u00edder S&amp;P Merval mejor\u00f3 un 0,8%, en los 27.400 puntos, despu\u00e9s de tocar los 130.650 puntos, nivel m\u00e1xim o hist\u00f3rico. Por su lado las acciones l\u00edderes acumularon un crecimiento en torno del 20%.<\/p>\n<p><strong>D\u00f3lar.&nbsp;<\/strong>La llegada de Massa puso el d\u00f3lar a la baja en las diferentes versiones. El d\u00f3lar libre rest\u00f3 3,7% fue a los $314 para la venta. Recordemos que la divisa se negocio en un piso de $ 311 en el mes a punto de finalizar. El mayorista avanz\u00f3 21 centavos, a $131,12, con una brecha del 140,6% contra la versi\u00f3n informal. El d\u00f3lar MEP se negoci\u00f3 a $ 301,43 y el \u00abcontado con liqui\u00bb baj\u00f3 a los $308.<\/p>\n<p>En ByMA (Bolsas y Mercados Argentinos), el \u00abcontado con liquidaci\u00f3n\u00bb operado a trav\u00e9s del bono Global 30 (GD30C) cerr\u00f3 a $321,90 y el d\u00f3lar MEP por el Bonar 30 cerr\u00f3 en $301,02<\/p>\n<p>Por ultimo el contado o spot aument\u00f3 en unos US$100 millones, hasta los US$ 352,2 millones, en tanto el Banco Central se vio obligado a vender para compensar la oferta.<\/p>\n<\/figcaption><\/figure>\n","protected":false},"excerpt":{"rendered":"<p>El presidente Alberto Fern\u00e1ndez eligi\u00f3 ayer al titular de la C\u00e1mara de Diputados, Sergio Massa, para encabezar un ministerio unificado de Econom\u00eda, Desarrollo Productivo y Agricultura, Ganader\u00eda y Pesca en una decisi\u00f3n que implica reorganizar todas las \u00e1reas econ\u00f3micas del Gabinete para afrontar desaf\u00edos complejos y que abre una nueva etapa en lo pol\u00edtico. Fern\u00e1ndez [&hellip;]<\/p>\n","protected":false},"author":1,"featured_media":22539,"comment_status":"open","ping_status":"closed","sticky":false,"template":"","format":"standard","meta":[],"categories":[12,14],"tags":[],"_links":{"self":[{"href":"http:\/\/nuevacordoba.net\/index.php\/wp-json\/wp\/v2\/posts\/22538"}],"collection":[{"href":"http:\/\/nuevacordoba.net\/index.php\/wp-json\/wp\/v2\/posts"}],"about":[{"href":"http:\/\/nuevacordoba.net\/index.php\/wp-json\/wp\/v2\/types\/post"}],"author":[{"embeddable":true,"href":"http:\/\/nuevacordoba.net\/index.php\/wp-json\/wp\/v2\/users\/1"}],"replies":[{"embeddable":true,"href":"http:\/\/nuevacordoba.net\/index.php\/wp-json\/wp\/v2\/comments?post=22538"}],"version-history":[{"count":0,"href":"http:\/\/nuevacordoba.net\/index.php\/wp-json\/wp\/v2\/posts\/22538\/revisions"}],"wp:featuredmedia":[{"embeddable":true,"href":"http:\/\/nuevacordoba.net\/index.php\/wp-json\/wp\/v2\/media\/22539"}],"wp:attachment":[{"href":"http:\/\/nuevacordoba.net\/index.php\/wp-json\/wp\/v2\/media?parent=22538"}],"wp:term":[{"taxonomy":"category","embeddable":true,"href":"http:\/\/nuevacordoba.net\/index.php\/wp-json\/wp\/v2\/categories?post=22538"},{"taxonomy":"post_tag","embeddable":true,"href":"http:\/\/nuevacordoba.net\/index.php\/wp-json\/wp\/v2\/tags?post=22538"}],"curies":[{"name":"wp","href":"https:\/\/api.w.org\/{rel}","templated":true}]}}