{"id":22542,"date":"2022-07-29T11:15:44","date_gmt":"2022-07-29T11:15:44","guid":{"rendered":"http:\/\/nuevacordoba.net\/index.php\/2022\/07\/29\/patronato-presentaria-un-video-con-errores-arbitrales-y-pediria-repetir-el-partido\/"},"modified":"2022-07-29T11:15:44","modified_gmt":"2022-07-29T11:15:44","slug":"patronato-presentaria-un-video-con-errores-arbitrales-y-pediria-repetir-el-partido","status":"publish","type":"post","link":"http:\/\/nuevacordoba.net\/index.php\/2022\/07\/29\/patronato-presentaria-un-video-con-errores-arbitrales-y-pediria-repetir-el-partido\/","title":{"rendered":"Patronato presentar\u00eda un video con errores arbitrales y pedir\u00eda repetir el partido"},"content":{"rendered":"<figure class=\"mb-3\"><img loading=\"lazy\" src=\"http:\/\/nuevacordoba.net\/wp-content\/uploads\/2022\/07\/patronato-presentaria-un-video-con-errores-arbitrales-y-pediria-repetir-el-partido.jpg\" width=\"100%\" height=\"100%\" alt=\"Patronato perdi el martes ante Barracas Central 2 a 1 por la dcima fecha del torneo foto Luna Alfredo\"><figcaption> Patronato perdi\u00f3 el martes ante Barracas Central, 2 a 1 por la d\u00e9cima fecha del torneo. \/\/foto Luna Alfredo <\/figcaption><\/figure>\n<p><strong>Los dirigentes de Patronato de Paran\u00e1 presentar\u00edan ante la LPF<\/strong> un video que re\u00fane los errores del \u00e1rbitro Jorge Bali\u00f1o y pedir\u00edan la repetici\u00f3n del partido que perdi\u00f3 el martes ante<strong> Barracas Central, 2 a 1 por la d\u00e9cima fecha del torneo<\/strong>, y que t<strong>ermin\u00f3 con incidentes y la detenci\u00f3n de cuatro jugadores del plantel.<\/strong><\/p>\n<p>El video, ya publicado por distintos medios en sus p\u00e1ginas web, no se detiene en los fallos m\u00e1s pol\u00e9micos (los goles anulados y el penal a favor de Barracas) sino que re\u00fane 18 jugadas en las que el equipo de Facundo Sava se consider\u00f3 perjudicado.<\/p>\n<p>\u00abNo saca amarilla\/roja a Arce\u00bb, \u00abfoul inexistente de Lozano\u00bb, \u00abno cobra foul sobre Rodr\u00edguez ni saca amarilla a Calderara\u00bb, \u00abcobra foul inexistente a Castro\u00bb, \u00abcobra foul inexistente a Acevedo\u00bb, \u00abcobra foul inexistente a Guasone\u00bb, \u00abcobra un offside inexistente de Rodr\u00edguez, levantando la bandera el l\u00ednea y no dejando finalizar la jugada para luego revisarla\u00bb, \u00abcobra foul inexistente de Rodr\u00edguez\u00bb.<\/p>\n<p>\u00abFoul no cobrado a Medina\u00bb, \u00abfoul de Calderara a Lozano por el que debi\u00f3 ser expulsado\u00bb, \u00abfoul inexistente de Rodr\u00edguez\u00bb, \u00abcobra el lateral al rev\u00e9s\u00bb, \u00abera corner y cobra saque de arco\u00bb, \u00abfoul no cobrado a Rodr\u00edguez\u00bb, \u00abno otorga ley de ventaja\u00bb, \u00aben el tiro libre previo al segundo gol de Barracas, Rinc\u00f3n empuja a Sosa\u00bb.<\/p>\n<blockquote class=\"twitter-tweet\" readability=\"7.6754716981132\">\n<p lang=\"es\" dir=\"ltr\">\u26bd Patronato presentar\u00eda un video con los errores arbitrales y pedir\u00eda repetir el partido con Barracas<\/p>\n<p>\ud83d\udccc Re\u00fane 18 jugadas en las que el equipo de Facundo Sava se consider\u00f3 perjudicado <a href=\"https:\/\/t.co\/wBky6FxFmq\">pic.twitter.com\/wBky6FxFmq<\/a><\/p>\n<p>\u2014 Agencia T\u00e9lam (@AgenciaTelam) <a href=\"https:\/\/twitter.com\/AgenciaTelam\/status\/1552822464777961472?ref_src=twsrc%5Etfw\">July 29, 2022<\/a><\/p><\/blockquote>\n<p>Finalmente, en la detallada enumeraci\u00f3n de perjuicios,<strong> se eleva una queja por la adici\u00f3n de solamente \u00abcuatro minutos\u00bb<\/strong> cuando \u00abhubo m\u00e1s de cuatro minutos en la revisi\u00f3n del VAR y hubo ocho cambios en cinco ventanas, tres de Barracas y dos de Patronato\u00bb.<\/p>\n<p><strong>La presentaci\u00f3n del video reforzar\u00eda la intenci\u00f3n del club de Paran\u00e1 de que el partido vuelva a jugarse.<\/strong><\/p>\n<p>\u00abVamos a presentar una queja a la AFA por las v\u00edas administrativas correspondientes. Nos parece que no fue nada justo lo que pas\u00f3 el otro d\u00eda, por lo que estamos analizando lo que vamos a reclamar\u00bb, <strong>dijo Dante Molina, vicepresidente de Patronato<\/strong>, a TyC Sports.<\/p>\n<p>\u00ab<strong>Pensamos que lo que pas\u00f3 en el partido amerita que vuelva a jugarse. Es nuestra postura y es lo que vamos a reclamar\u00bb<\/strong>, a\u00f1adi\u00f3.<\/p>\n<p>Una vez finalizado el partido hubo un enfrentamiento entre Sava y Bali\u00f1o, por un lado, y entre el equipo y la polic\u00eda, por el otro, por el que terminaron detenidos cuatro jugadores (Juan Barinaga, Mat\u00edas Pardo, Axel Rodr\u00edguez y Justo Giani) y el entrenador de arqueros Dami\u00e1n Gonz\u00e1lez; aunque salvo el DT ninguno fue informado.<\/p>\n<p>Patronato, \u00faltimo en la tabla de promedios para el descenso, recibir\u00e1 el domingo a Boca por la und\u00e9cima fecha de la LPF. <\/p>\n","protected":false},"excerpt":{"rendered":"<p>Patronato perdi\u00f3 el martes ante Barracas Central, 2 a 1 por la d\u00e9cima fecha del torneo. \/\/foto Luna Alfredo Los dirigentes de Patronato de Paran\u00e1 presentar\u00edan ante la LPF un video que re\u00fane los errores del \u00e1rbitro Jorge Bali\u00f1o y pedir\u00edan la repetici\u00f3n del partido que perdi\u00f3 el martes ante Barracas Central, 2 a 1 [&hellip;]<\/p>\n","protected":false},"author":1,"featured_media":22543,"comment_status":"closed","ping_status":"closed","sticky":false,"template":"","format":"standard","meta":[],"categories":[10],"tags":[],"_links":{"self":[{"href":"http:\/\/nuevacordoba.net\/index.php\/wp-json\/wp\/v2\/posts\/22542"}],"collection":[{"href":"http:\/\/nuevacordoba.net\/index.php\/wp-json\/wp\/v2\/posts"}],"about":[{"href":"http:\/\/nuevacordoba.net\/index.php\/wp-json\/wp\/v2\/types\/post"}],"author":[{"embeddable":true,"href":"http:\/\/nuevacordoba.net\/index.php\/wp-json\/wp\/v2\/users\/1"}],"replies":[{"embeddable":true,"href":"http:\/\/nuevacordoba.net\/index.php\/wp-json\/wp\/v2\/comments?post=22542"}],"version-history":[{"count":0,"href":"http:\/\/nuevacordoba.net\/index.php\/wp-json\/wp\/v2\/posts\/22542\/revisions"}],"wp:featuredmedia":[{"embeddable":true,"href":"http:\/\/nuevacordoba.net\/index.php\/wp-json\/wp\/v2\/media\/22543"}],"wp:attachment":[{"href":"http:\/\/nuevacordoba.net\/index.php\/wp-json\/wp\/v2\/media?parent=22542"}],"wp:term":[{"taxonomy":"category","embeddable":true,"href":"http:\/\/nuevacordoba.net\/index.php\/wp-json\/wp\/v2\/categories?post=22542"},{"taxonomy":"post_tag","embeddable":true,"href":"http:\/\/nuevacordoba.net\/index.php\/wp-json\/wp\/v2\/tags?post=22542"}],"curies":[{"name":"wp","href":"https:\/\/api.w.org\/{rel}","templated":true}]}}