{"id":22548,"date":"2022-07-28T17:14:52","date_gmt":"2022-07-28T17:14:52","guid":{"rendered":"https:\/\/www.ole.com.ar\/autos\/checo-perez-mensaje-retiro-vettel-f1_0_f7zOEOw72x.html"},"modified":"2022-07-28T17:14:52","modified_gmt":"2022-07-28T17:14:52","slug":"el-sentido-mensaje-de-checo-perez-tras-el-anuncio-de-retiro-de-vettel","status":"publish","type":"post","link":"http:\/\/nuevacordoba.net\/index.php\/2022\/07\/28\/el-sentido-mensaje-de-checo-perez-tras-el-anuncio-de-retiro-de-vettel\/","title":{"rendered":"El sentido mensaje de Checo P\u00e9rez tras el anuncio de retiro de Vettel"},"content":{"rendered":"<p>Durante la ma\u00f1ana de este jueves, <strong><a alt=\"sebastian-vettel\" class=\"slug\" href=\"https:\/\/www.ole.com.ar\/tema\/sebastian-vettel.html\" target=\"_blank\" title=\"sebastian-vettel\" rel=\"noopener\">Sebastian Vettel<\/a><\/strong> solt\u00f3 una bomba: <strong>anunci\u00f3 que se retirar\u00e1 de la <a alt=\"formula-1\" class=\"slug\" href=\"https:\/\/www.ole.com.ar\/tema\/formula-1.html\" target=\"_blank\" title=\"formula-1\" rel=\"noopener\">F\u00f3rmula 1<\/a> luego de que finalice esta temporada<\/strong>. El piloto alem\u00e1n, cuatro veces campe\u00f3n mundial, dio a conocer la noticia con un video que public\u00f3 en sus redes sociales. Varios colegas le dedicaron unas palabras y <strong><a alt=\"sergio-perez\" class=\"slug\" href=\"https:\/\/www.ole.com.ar\/tema\/sergio-perez.html\" target=\"_blank\" title=\"sergio-perez\" rel=\"noopener\">Sergio P\u00e9rez<\/a> no se qued\u00f3 atr\u00e1s.<\/strong><\/p>\n<p>El piloto tapat\u00edo escribi\u00f3 un sentido mensaje en las redes sociales para despedir a quien supo ser su contrincante en durante 11 a\u00f1os, dese\u00e1ndole la mejor de las suertes y elogi\u00e1ndolo por todo lo hecho en la M\u00e1xima.<\/p>\n<div class=\"sp__Normal\">\n<div class=\"image-embeb image-trigger\" readability=\"6.5\"> <picture><source media=\"(min-width: 720px)\" srcset=\"http:\/\/nuevacordoba.net\/wp-content\/uploads\/2022\/07\/el-sentido-mensaje-de-checo-perez-tras-el-anuncio-de-retiro-de-vettel.jpg\"><img itemprop=\"image\" src=\"http:\/\/nuevacordoba.net\/wp-content\/uploads\/2022\/07\/el-sentido-mensaje-de-checo-perez-tras-el-anuncio-de-retiro-de-vettel.jpg\" loading=\"lazy\" alt=\"Compartieron podio en Baku, en 2021. (NATALIA KOLESNIKOVA \/ AFP)\"> <\/picture><figcaption readability=\"3\">\n<p>Compartieron podio en Baku, en 2021. (NATALIA KOLESNIKOVA \/ AFP) <\/p>\n<\/figcaption><\/div>\n<\/div>\n<div class=\"sp__SM\">\n<div class=\"content-new \"> <span class=\"tit-mobile\">Mir\u00e1 tambi\u00e9n<\/span> <\/p>\n<div class=\"mg\">\n<div class=\"wrap-figure\"> <picture> <a href=\"https:\/\/www.ole.com.ar\/autos\/formula1-gran-premio-hungria_0_Fq1fcRVQUD.html\" target=\"_self\" rel=\"noopener\"> <img class=\"img-responsive\" alt=\"GP de Hungr\u00eda: horarios, por d\u00f3nde verlo y todo lo que ten\u00e9s que saber\" src=\"http:\/\/nuevacordoba.net\/wp-content\/uploads\/2022\/07\/el-sentido-mensaje-de-checo-perez-tras-el-anuncio-de-retiro-de-vettel-1.jpg\" loading=\"lazy\"> <\/a> <\/picture> <\/div><\/div><\/div>\n<\/div>\n<h2><strong>EL MENSAJE DE CHECO<\/strong><\/h2>\n<p><strong>\u00abIncre\u00edble pensar que despu\u00e9s de tantos a\u00f1os compitiendo juntos Sebastian Vettel ya no estar\u00e1 en la parrilla con nosotros.\u00a1Feliz retiro! Estoy muy orgulloso de ti y orgulloso de todo lo que lograste en el deporte. \u00a1Es hora de disfrutar de la familia y de la vida!\u00bb<\/strong>, expres\u00f3 Checo en las redes sociales.<\/p>\n<div class=\"sp__SM\">\n<div class=\"content-new \"> <span class=\"tit-mobile\">Mir\u00e1 tambi\u00e9n<\/span> <\/p>\n<div class=\"mg\">\n<div class=\"wrap-figure\"> <picture> <a href=\"https:\/\/www.ole.com.ar\/autos\/horarios-top-race-rafaela_0_mJnp2bXCdv.html\" target=\"_self\" rel=\"noopener\"> <img class=\"img-responsive\" alt=\"El Top Race llega a Rafaela\" src=\"http:\/\/nuevacordoba.net\/wp-content\/uploads\/2022\/07\/el-sentido-mensaje-de-checo-perez-tras-el-anuncio-de-retiro-de-vettel-2.jpg\" loading=\"lazy\"> <\/a> <\/picture> <\/div><\/div><\/div>\n<\/div>\n<p><strong>\u00abDe alguna manera me siento muy orgulloso de Seb&nbsp;por lo que ha logrado, es una gran leyenda de este deporte, una gran persona.<\/strong> Siempre ha sido muy justo, muy vocal, ha sido muy exitoso, tiene una familia hermosa. Es todo lo que uno espera que pueda lograr un colega. Estoy muy orgulloso de \u00e9l, le deseo lo mejor a \u00e9l y a su familia\u00bb, dijo P\u00e9rez cuando le consultaron sobre el retiro de Vettel, seg\u00fan replic\u00f3 MedioTiempo.<\/p>\n<p>\u00abEs muy aceptable y entendible. Cuando tienes un proyecto que te motiva y quieres estar aqu\u00ed, entonces sabes cu\u00e1l es el precio. A veces ya no est\u00e1s dispuesto a pagarlo y es cuando debes despedirte del deporte\u00bb, agreg\u00f3, sobre las razones de la decisi\u00f3n del alem\u00e1n.<\/p>\n<div class=\"sp__Normal\">\n<div class=\"image-embeb image-trigger\" readability=\"6\"> <picture><source media=\"(min-width: 720px)\" srcset=\"http:\/\/nuevacordoba.net\/wp-content\/uploads\/2022\/07\/el-sentido-mensaje-de-checo-perez-tras-el-anuncio-de-retiro-de-vettel-3.jpg\"><img itemprop=\"image\" src=\"http:\/\/nuevacordoba.net\/wp-content\/uploads\/2022\/07\/el-sentido-mensaje-de-checo-perez-tras-el-anuncio-de-retiro-de-vettel-3.jpg\" loading=\"lazy\" alt=\"Varios colegas le dedicaron un mensaje. (EFE\/EPA\/Kenan Asyali)\"> <\/picture><figcaption readability=\"2\">\n<p>Varios colegas le dedicaron un mensaje. (EFE\/EPA\/Kenan Asyali) <\/p>\n<\/figcaption><\/div>\n<\/div>\n<div class=\"sp__SM\">\n<div class=\"content-new \"> <span class=\"tit-mobile\">Mir\u00e1 tambi\u00e9n<\/span> <\/p>\n<div class=\"mg\">\n<div class=\"wrap-figure\"> <picture> <a href=\"https:\/\/www.ole.com.ar\/fuera-de-juego\/checo-perez-curioso-nuevo-negocio_0_6rjr40armb.html\" target=\"_self\" rel=\"noopener\"> <img class=\"img-responsive\" alt=\"El curioso nuevo negocio de Checo P\u00e9rez\" src=\"http:\/\/nuevacordoba.net\/wp-content\/uploads\/2022\/07\/el-sentido-mensaje-de-checo-perez-tras-el-anuncio-de-retiro-de-vettel-4.jpg\" loading=\"lazy\"> <\/a> <\/picture> <\/div><\/div><\/div>\n<\/div>\n<h2><strong>EL RETIRO DE VETTEL<\/strong><\/h2>\n<p><strong>\u00abAnuncio mi retiro de la F\u00f3rmula 1 al final de la temporada 2022. Probablemente deber\u00eda empezar con una larga lista de personas a las que tengo que agradecer, pero creo que es m\u00e1s importante explicar las razones que me han llevado a tomar esta decisi\u00f3n\u00bb<\/strong>, dice en el inicio de su video el cu\u00e1druple campe\u00f3n del mundo.<\/p>\n<p>\u201cMe encanta este deporte. Ha sido central en mi vida desde que tengo memoria. Pero as\u00ed como hay vida en la pista, tambi\u00e9n hay vida fuera de la pista. Ser piloto de carreras nunca ha sido mi \u00fanica identidad. Creo mucho en la identidad por qui\u00e9nes somos y c\u00f3mo tratamos a los dem\u00e1s en lugar de lo que hacemos. \u00bfQui\u00e9n soy? Soy Sebastian, padre de tres hijos y esposo de una mujer maravillosa\u201d, agreg\u00f3 el piloto alem\u00e1n.<\/p>\n<div class=\"sp__Normal\">\n<div class=\"image-embeb image-trigger\" readability=\"6\"> <picture><source media=\"(min-width: 720px)\" srcset=\"http:\/\/nuevacordoba.net\/wp-content\/uploads\/2022\/07\/el-sentido-mensaje-de-checo-perez-tras-el-anuncio-de-retiro-de-vettel-5.jpg\"><img itemprop=\"image\" src=\"http:\/\/nuevacordoba.net\/wp-content\/uploads\/2022\/07\/el-sentido-mensaje-de-checo-perez-tras-el-anuncio-de-retiro-de-vettel-5.jpg\" loading=\"lazy\" alt=\"Anunci\u00f3 su retiro de la F1. (REUTERS\/Lisa Leutner)\"> <\/picture><figcaption readability=\"2\">\n<p>Anunci\u00f3 su retiro de la F1. (REUTERS\/Lisa Leutner) <\/p>\n<\/figcaption><\/div>\n<\/div>\n<div class=\"sp__SM\">\n<div class=\"content-new \"> <span class=\"tit-mobile\">Mir\u00e1 tambi\u00e9n<\/span> <\/p>\n<div class=\"mg\">\n<div class=\"wrap-figure\"> <picture> <a href=\"https:\/\/www.ole.com.ar\/autos\/vettel-retiro-reemplazos-f1-aston-martin_0_ICM2crVvxF.html\" target=\"_self\" rel=\"noopener\"> <img class=\"img-responsive\" alt=\"Los seis candidatos a reemplazar a Vettel en la F1\" src=\"http:\/\/nuevacordoba.net\/wp-content\/uploads\/2022\/07\/el-sentido-mensaje-de-checo-perez-tras-el-anuncio-de-retiro-de-vettel-6.jpg\" loading=\"lazy\"> <\/a> <\/picture> <\/div><\/div><\/div>\n<\/div>\n<p>Vettel dej\u00f3 en claro que siente que ahora debe priorizar el tiempo con su familia: \u00abSoy optimista y creo en la bondad de la gente. En paralelo a las carreras, form\u00e9 una familia y me encanta estar con ellos. Tambi\u00e9n tengo otros intereses fuera de la F\u00f3rmula 1. Mi pasi\u00f3n por las carreras y por la F1 implica mucha energ\u00eda y estar mucho tiempo alejado de ellos. Comprometerme con mi pasi\u00f3n, como lo hice y de la forma que pensaba que era la correcta, ya no es compatible con mi deseo de ser un buen padre y marido\u00bb.<\/p>\n<p><strong>\u00abMis objetivos de ganar carreras y luchar por campeonatos cambiaron para ver a mis hijos crecer y transmitirles valores<\/strong>, ayudarlos cuando caen, escucharlos cuando lo necesiten, no tener que decirles adi\u00f3s y lo m\u00e1s importante: aprender de ellos y dejar que me inspiren. Los ni\u00f1os son nuestro futuro. M\u00e1s all\u00e1 de eso, <strong>creo que hay demasiado para explorar y aprender sobre la vida y sobre m\u00ed mismo\u00bb<\/strong>, mencion\u00f3.<\/p>\n<p> Para concluir, agreg\u00f3 que <strong>\u00abtodav\u00eda tiene una carrera por ganar\u00bb <\/strong>en relaci\u00f3n a los desaf\u00edos que vendr\u00e1n en su vida fuera de las pistas, y le agradeci\u00f3 a los fan\u00e1ticos por todo el apoyo: \u00abMe despido y gracias por dejarme compartir la pista con ustedes. Disfrut\u00e9 cada momento\u00bb.<\/p>\n<p> As\u00ed, Vettel comenzar\u00e1 a transitar, a partir del Gran Premio de Hungr\u00eda, <strong>sus \u00faltimos meses como piloto de la F\u00f3rmula 1<\/strong>. Esta temporada, bajo la escuder\u00eda de Aston Martin, no fue nada exitosa para el alem\u00e1n, que no pudo avanzar del sexto puesto en ninguno de los GP. De hecho, el \u00faltimo que gan\u00f3 fue el de Singapur en 2019, al mando de un Ferrari.<\/p>\n<div class=\"sp__SM\">\n<div class=\"content-new \"> <span class=\"tit-mobile\">Mir\u00e1 tambi\u00e9n<\/span> <\/p>\n<div class=\"mg\">\n<div class=\"wrap-figure\"> <picture> <a href=\"https:\/\/www.ole.com.ar\/autos\/sebastian-vettel-retiro-formula-1_0_obwiJfwcrt.html\" target=\"_self\" rel=\"noopener\"> <img class=\"img-responsive\" alt=\"Bomba: Sebastian Vettel anunci\u00f3 que se retira de la F\u00f3rmula 1\" src=\"http:\/\/nuevacordoba.net\/wp-content\/uploads\/2022\/07\/el-sentido-mensaje-de-checo-perez-tras-el-anuncio-de-retiro-de-vettel-7.jpg\" loading=\"lazy\"> <\/a> <\/picture> <\/div><\/div><\/div>\n<\/div>\n<div class=\"entry-tags\">\n<h2>TEMAS QUE APARECEN EN ESTA NOTA<\/h2>\n<\/p><\/div>\n","protected":false},"excerpt":{"rendered":"<p>Durante la ma\u00f1ana de este jueves, Sebastian Vettel solt\u00f3 una bomba: anunci\u00f3 que se retirar\u00e1 de la F\u00f3rmula 1 luego de que finalice esta temporada. El piloto alem\u00e1n, cuatro veces campe\u00f3n mundial, dio a conocer la noticia con un video que public\u00f3 en sus redes sociales. Varios colegas le dedicaron unas palabras y Sergio P\u00e9rez [&hellip;]<\/p>\n","protected":false},"author":1,"featured_media":22549,"comment_status":"closed","ping_status":"closed","sticky":false,"template":"","format":"standard","meta":[],"categories":[10],"tags":[],"_links":{"self":[{"href":"http:\/\/nuevacordoba.net\/index.php\/wp-json\/wp\/v2\/posts\/22548"}],"collection":[{"href":"http:\/\/nuevacordoba.net\/index.php\/wp-json\/wp\/v2\/posts"}],"about":[{"href":"http:\/\/nuevacordoba.net\/index.php\/wp-json\/wp\/v2\/types\/post"}],"author":[{"embeddable":true,"href":"http:\/\/nuevacordoba.net\/index.php\/wp-json\/wp\/v2\/users\/1"}],"replies":[{"embeddable":true,"href":"http:\/\/nuevacordoba.net\/index.php\/wp-json\/wp\/v2\/comments?post=22548"}],"version-history":[{"count":0,"href":"http:\/\/nuevacordoba.net\/index.php\/wp-json\/wp\/v2\/posts\/22548\/revisions"}],"wp:featuredmedia":[{"embeddable":true,"href":"http:\/\/nuevacordoba.net\/index.php\/wp-json\/wp\/v2\/media\/22549"}],"wp:attachment":[{"href":"http:\/\/nuevacordoba.net\/index.php\/wp-json\/wp\/v2\/media?parent=22548"}],"wp:term":[{"taxonomy":"category","embeddable":true,"href":"http:\/\/nuevacordoba.net\/index.php\/wp-json\/wp\/v2\/categories?post=22548"},{"taxonomy":"post_tag","embeddable":true,"href":"http:\/\/nuevacordoba.net\/index.php\/wp-json\/wp\/v2\/tags?post=22548"}],"curies":[{"name":"wp","href":"https:\/\/api.w.org\/{rel}","templated":true}]}}