{"id":22550,"date":"2022-07-29T11:21:38","date_gmt":"2022-07-29T11:21:38","guid":{"rendered":"https:\/\/cordoba.gob.ar\/?p=30435"},"modified":"2022-07-29T11:21:38","modified_gmt":"2022-07-29T11:21:38","slug":"el-ultimo-finde-de-julio-propone-visitas-guiadas-para-recorrer-la-ciudad","status":"publish","type":"post","link":"http:\/\/nuevacordoba.net\/index.php\/2022\/07\/29\/el-ultimo-finde-de-julio-propone-visitas-guiadas-para-recorrer-la-ciudad\/","title":{"rendered":"El \u00faltimo \u201cfinde\u201d de julio propone visitas guiadas para recorrer la ciudad"},"content":{"rendered":"<div><img src=\"http:\/\/nuevacordoba.net\/wp-content\/uploads\/2022\/07\/el-ultimo-finde-de-julio-propone-visitas-guiadas-para-recorrer-la-ciudad.jpg\" class=\"ff-og-image-inserted\"><\/div>\n<ul>\n<li><strong>Se pueden conocer las numerosas actividades que ofrecen los rincones culturales y los espacios al aire libre, en la Agenda Cultural y Recreativa municipal.<\/strong><\/li>\n<li><strong>A partir de hoy y hasta el domingo 31 de julio, habr\u00e1 recorridos y visitas guiadas en distintos puntos de la ciudad, adem\u00e1s de complementarse con otras opciones como funciones en el Cineclub, ferias de artesan\u00edas, actividades en los centros culturales y museos municipales.<\/strong><\/li>\n<\/ul>\n<hr>\n<p>La Municipalidad de C\u00f3rdoba invita a pasear por la ciudad, a trav\u00e9s de actividades gratuitas que permiten adentrarse al patrimonio de cordob\u00e9s.<\/p>\n<p>En esta oportunidad, la Agenda Cultural y Recreativa municipal invita a diferentes visitas guiadas para este \u201cfinde\u201d.<\/p>\n<p>Por un lado, el \u201cCampanario de la Catedral\u201d es la opci\u00f3n que se presenta para este viernes, donde se pueden recorrer los patios interiores de la Iglesia Catedral, junto a un ascenso a la Torre Campanario Norte que cuenta con cuatro campanas que datan del siglo XIX.<\/p>\n<p>Esta actividad se desarrollar\u00e1 en dos turnos, a las 10 y a las 12 horas.<\/p>\n<p>Tambi\u00e9n, son protagonistas los \u201cBares y caf\u00e9s notables\u201d de la ciudad, una propuesta que invita a recorrer los bares m\u00e1s emblem\u00e1ticos y tradicionales de C\u00f3rdoba.<\/p>\n<p>Para hoy viernes 29, la convocatoria se trasladar\u00e1 hacia los tradicionales en \u201cWilly Bar\u201d, \u201cBon que Bon\u201d y \u201cLa Real\u201d, donde al finalizar la visita se presentar\u00e1 el grupo Vaya Alboroto Flamenco.<\/p>\n<p>Quienes prefieran paseos relacionados con acontecimientos hist\u00f3ricos y a la vez pintorescos, las visitas guiadas al Cementerio San Jer\u00f3nimo son ideales para recorrer los fines de semana. Para ello, se debe reservar un turno previamente por whatsapp (351-537-6772), por mail visitaguiada.cementerios@gmail.com, o a trav\u00e9s de <a href=\"https:\/\/docs.google.com\/forms\/d\/e\/1FAIpQLSd3yGQTfUCg0635Y_9pyl4v2A8aQ3dPY0AVyDexuEVvDbEctg\/viewform\">este link.<\/a><\/p>\n<p>Otra propuesta es la \u201cCaminata por los barrios tradicionales de la ciudad\u201d, Nueva C\u00f3rdoba y G\u00fcemes son los protagonistas para disfrutar este s\u00e1bado por la tarde.<\/p>\n<p>El punto de partida es la oficina de Informaci\u00f3n Tur\u00edstica G\u00fcemes (Eugenio Garz\u00f3n 400).<\/p>\n<p>Por \u00faltimo, el d\u00eda domingo 29 es el turno para estar en contacto con entornos naturales como la renovada Costanera, la cual permite conocer su historia, los puentes y edificios emblem\u00e1ticos que la rodean a trav\u00e9s del \u201cTrekking Urbano por el Suqu\u00eda\u201d<\/p>\n<p>Las salidas ser\u00e1n desde la Isla de Los Patos (Alberdi) a las 11 y 12.30 horas.<\/p>\n<p>Adem\u00e1s, contin\u00faan las actividades en los diferentes espacios culturales de la ciudad, como el Cabildo Hist\u00f3ricos, museos municipales, Centros Culturales, la Ciudad de las Artes, el Cineclub Municipal y las tradicionales ferias.<\/p>\n<p>Las Ferias de la Econom\u00eda Popular y los puestos tradicionales de barrio G\u00fcemes, se pueden recorrer todos los fines de semana del mes, como espacios que exhiben productos provenientes del mundo de las artesan\u00edas.<\/p>\n<p>Para conocer los horarios, lugares, formas de inscripci\u00f3n y muchas propuestas m\u00e1s que ofrece la Agenda Cultural y Recreativa Municipal, es importante ingresar a <a href=\"https:\/\/cordoba.gob.ar\/wp-content\/uploads\/2022\/07\/Agenda-Cultural-y-Recreativa-29-30-y-31-de-julio-1.pdf\">este archivo.<\/a><\/p>\n","protected":false},"excerpt":{"rendered":"<p>Se pueden conocer las numerosas actividades que ofrecen los rincones culturales y los espacios al aire libre, en la Agenda Cultural y Recreativa municipal. A partir de hoy y hasta el domingo 31 de julio, habr\u00e1 recorridos y visitas guiadas en distintos puntos de la ciudad, adem\u00e1s de complementarse con otras opciones como funciones en [&hellip;]<\/p>\n","protected":false},"author":1,"featured_media":22551,"comment_status":"closed","ping_status":"closed","sticky":false,"template":"","format":"standard","meta":[],"categories":[14],"tags":[],"_links":{"self":[{"href":"http:\/\/nuevacordoba.net\/index.php\/wp-json\/wp\/v2\/posts\/22550"}],"collection":[{"href":"http:\/\/nuevacordoba.net\/index.php\/wp-json\/wp\/v2\/posts"}],"about":[{"href":"http:\/\/nuevacordoba.net\/index.php\/wp-json\/wp\/v2\/types\/post"}],"author":[{"embeddable":true,"href":"http:\/\/nuevacordoba.net\/index.php\/wp-json\/wp\/v2\/users\/1"}],"replies":[{"embeddable":true,"href":"http:\/\/nuevacordoba.net\/index.php\/wp-json\/wp\/v2\/comments?post=22550"}],"version-history":[{"count":0,"href":"http:\/\/nuevacordoba.net\/index.php\/wp-json\/wp\/v2\/posts\/22550\/revisions"}],"wp:featuredmedia":[{"embeddable":true,"href":"http:\/\/nuevacordoba.net\/index.php\/wp-json\/wp\/v2\/media\/22551"}],"wp:attachment":[{"href":"http:\/\/nuevacordoba.net\/index.php\/wp-json\/wp\/v2\/media?parent=22550"}],"wp:term":[{"taxonomy":"category","embeddable":true,"href":"http:\/\/nuevacordoba.net\/index.php\/wp-json\/wp\/v2\/categories?post=22550"},{"taxonomy":"post_tag","embeddable":true,"href":"http:\/\/nuevacordoba.net\/index.php\/wp-json\/wp\/v2\/tags?post=22550"}],"curies":[{"name":"wp","href":"https:\/\/api.w.org\/{rel}","templated":true}]}}