{"id":22552,"date":"2022-07-29T13:44:59","date_gmt":"2022-07-29T13:44:59","guid":{"rendered":"https:\/\/www.bbc.com\/mundo\/noticias-internacional-62334795"},"modified":"2022-07-29T13:44:59","modified_gmt":"2022-07-29T13:44:59","slug":"4-cambios-en-la-ley-migratoria-de-espana-que-permitiran-a-miles-de-extranjeros-trabajar-y-residir-de-forma-legal-en-el-pais","status":"publish","type":"post","link":"http:\/\/nuevacordoba.net\/index.php\/2022\/07\/29\/4-cambios-en-la-ley-migratoria-de-espana-que-permitiran-a-miles-de-extranjeros-trabajar-y-residir-de-forma-legal-en-el-pais\/","title":{"rendered":"4 cambios en la ley migratoria de Espa\u00f1a que permitir\u00e1n a miles de extranjeros trabajar y residir de forma legal en el pa\u00eds"},"content":{"rendered":"<div dir=\"ltr\" class=\"e1j2237y6 bbc-q4ibpr ebmt73l0\">\n<div class=\"bbc-1atl7vu euvj3t14\">\n<ul role=\"list\" class=\"bbc-k0l9bd euvj3t12\">\n<li role=\"listitem\" class=\"bbc-1a3w4ok euvj3t11\">Paula Rosas<\/li>\n<li role=\"listitem\" class=\"bbc-1p92jtu euvj3t10\">BBC News Mundo<\/li>\n<\/ul>\n<\/div>\n<\/div>\n<p><time datetime=\"2022-07-29\" class=\"bbc-1dafq0j e1mklfmt0\">5 horas<\/time><\/p>\n<div dir=\"ltr\" class=\"bbc-1ka88fa ebmt73l0\">\n<figure class=\"bbc-1qdcvv9 e1aczekt0\">\n<div dir=\"ltr\" class=\"bbc-172p16q ebmt73l0\">\n<div dir=\"ltr\" class=\"bbc-189y18v ebmt73l0\" readability=\"6.5\">\n<div data-e2e=\"image-placeholder\" class=\"bbc-997y1y eihqrxw0\" readability=\"8\"><picture class=\"bbc-yfiktt e1mo64ex1\"><source srcset=\"https:\/\/ichef.bbci.co.uk\/news\/240\/cpsprodpb\/12F29\/production\/_126090677_gettyimages-1226574569.jpg.webp 240w, https:\/\/ichef.bbci.co.uk\/news\/320\/cpsprodpb\/12F29\/production\/_126090677_gettyimages-1226574569.jpg.webp 320w, https:\/\/ichef.bbci.co.uk\/news\/480\/cpsprodpb\/12F29\/production\/_126090677_gettyimages-1226574569.jpg.webp 480w, https:\/\/ichef.bbci.co.uk\/news\/624\/cpsprodpb\/12F29\/production\/_126090677_gettyimages-1226574569.jpg.webp 624w, https:\/\/ichef.bbci.co.uk\/news\/800\/cpsprodpb\/12F29\/production\/_126090677_gettyimages-1226574569.jpg.webp 800w\" type=\"image\/webp\" sizes=\"(min-width: 1008px) 645px, 100vw\"><source srcset=\"https:\/\/ichef.bbci.co.uk\/news\/240\/cpsprodpb\/12F29\/production\/_126090677_gettyimages-1226574569.jpg 240w, https:\/\/ichef.bbci.co.uk\/news\/320\/cpsprodpb\/12F29\/production\/_126090677_gettyimages-1226574569.jpg 320w, https:\/\/ichef.bbci.co.uk\/news\/480\/cpsprodpb\/12F29\/production\/_126090677_gettyimages-1226574569.jpg 480w, https:\/\/ichef.bbci.co.uk\/news\/624\/cpsprodpb\/12F29\/production\/_126090677_gettyimages-1226574569.jpg 624w, https:\/\/ichef.bbci.co.uk\/news\/800\/cpsprodpb\/12F29\/production\/_126090677_gettyimages-1226574569.jpg 800w\" type=\"image\/jpeg\" sizes=\"(min-width: 1008px) 645px, 100vw\"><img loading=\"lazy\" src=\"http:\/\/nuevacordoba.net\/wp-content\/uploads\/2022\/07\/4-cambios-en-la-ley-migratoria-de-espana-que-permitiran-a-miles-de-extranjeros-trabajar-y-residir-de-forma-legal-en-el-pais.jpg\" alt=\"Mujer con una bandera espa\u00f1ola.\" width=\"976\" height=\"549\" class=\"e3vrtyk0 bbc-rb7xa0 e1mo64ex0\"><\/picture>\n<p role=\"text\" class=\"bbc-1s1cxbv ewbcsnk0\"><span class=\"bbc-1gnhmg2 ed7bp6y0\">Fuente de la imagen, <\/span><span lang=\"en-GB\">Getty Images<\/span><\/p>\n<\/div>\n<\/div>\n<\/div>\n<\/figure>\n<\/div>\n<div dir=\"ltr\" class=\"bbc-19j92fr ebmt73l0\" readability=\"9\">\n<p dir=\"ltr\" class=\"bbc-hhl7in e17g058b0\"><b>Poder trabajar en Espa\u00f1a de forma regular va a ser, desde ahora, un poco m\u00e1s f\u00e1cil.<\/b><\/p>\n<\/div>\n<div dir=\"ltr\" class=\"bbc-19j92fr ebmt73l0\" readability=\"14\">\n<p dir=\"ltr\" class=\"bbc-hhl7in e17g058b0\">Cerca de 5 millones y medio de extranjeros, m\u00e1s de un tercio de ellos procedentes de pa\u00edses de Am\u00e9rica Latina, viven en Espa\u00f1a, seg\u00fan los datos oficiales. La cifra real, sin embargo, es m\u00e1s dif\u00edcil de calcular.<\/p>\n<\/div>\n<div dir=\"ltr\" class=\"bbc-19j92fr ebmt73l0\" readability=\"11\">\n<p dir=\"ltr\" class=\"bbc-hhl7in e17g058b0\">Perdidos en el laberinto burocr\u00e1tico, muchos entran en un <b>c\u00edrculo vicioso<\/b> en el que no pueden trabajar legalmente porque no tienen permiso de residencia, pero tampoco pueden solicitarlo porque no pueden acreditar una vinculaci\u00f3n laboral. <\/p>\n<\/div>\n<div dir=\"ltr\" class=\"bbc-19j92fr ebmt73l0\" readability=\"12\">\n<p dir=\"ltr\" class=\"bbc-hhl7in e17g058b0\">La reforma de la ley de Extranjer\u00eda que acaba de aprobar el gobierno espa\u00f1ol y que se estrena a mediados de agosto resuelve algunas de estas disfunciones, por lo que no solo va a facilitar que los empresarios puedan contratar a m\u00e1s extranjeros directamente en sus lugares de origen, sino que busca nuevas f\u00f3rmulas para que los que ya viven en Espa\u00f1a <b>puedan regularizar su situaci\u00f3n<\/b>.<\/p>\n<\/div>\n<p><h2 id=\"Estudiantes\" tabindex=\"-1\" class=\"bbc-1f03ibc eglt09e0\">Estudiantes<\/h2>\n<\/p>\n<div dir=\"ltr\" class=\"bbc-19j92fr ebmt73l0\" readability=\"14\">\n<p dir=\"ltr\" class=\"bbc-hhl7in e17g058b0\">Unos de los principales beneficiados de la reforma van a ser los estudiantes extranjeros matriculados en centros espa\u00f1oles. Hasta ahora, aquellos que ten\u00edan un visado de estudiante para cursar, por ejemplo, un grado en una universidad espa\u00f1ola, no pod\u00edan trabajar para costearse sus estudios. La nueva normativa les permite<b> trabajar de forma legal hasta 30 horas a la semana<\/b>.<\/p>\n<\/div>\n<div dir=\"ltr\" class=\"bbc-1ka88fa ebmt73l0\">\n<figure class=\"bbc-1qdcvv9 e1aczekt0\">\n<div dir=\"ltr\" class=\"bbc-172p16q ebmt73l0\">\n<div dir=\"ltr\" class=\"bbc-189y18v ebmt73l0\" readability=\"6.5\">\n<div data-e2e=\"image-placeholder\" class=\"bbc-997y1y eihqrxw0\" readability=\"8\"><noscript><picture class=\"bbc-yfiktt e1mo64ex1\"><source srcset=\"http:\/\/nuevacordoba.net\/wp-content\/uploads\/2022\/07\/4-cambios-en-la-ley-migratoria-de-espana-que-permitiran-a-miles-de-extranjeros-trabajar-y-residir-de-forma-legal-en-el-pais.webp 240w, http:\/\/nuevacordoba.net\/wp-content\/uploads\/2022\/07\/4-cambios-en-la-ley-migratoria-de-espana-que-permitiran-a-miles-de-extranjeros-trabajar-y-residir-de-forma-legal-en-el-pais-1.webp 320w, http:\/\/nuevacordoba.net\/wp-content\/uploads\/2022\/07\/4-cambios-en-la-ley-migratoria-de-espana-que-permitiran-a-miles-de-extranjeros-trabajar-y-residir-de-forma-legal-en-el-pais-2.webp 480w, http:\/\/nuevacordoba.net\/wp-content\/uploads\/2022\/07\/4-cambios-en-la-ley-migratoria-de-espana-que-permitiran-a-miles-de-extranjeros-trabajar-y-residir-de-forma-legal-en-el-pais-3.webp 624w, http:\/\/nuevacordoba.net\/wp-content\/uploads\/2022\/07\/4-cambios-en-la-ley-migratoria-de-espana-que-permitiran-a-miles-de-extranjeros-trabajar-y-residir-de-forma-legal-en-el-pais-4.webp 800w\" type=\"image\/webp\" sizes=\"(min-width: 1008px) 645px, 100vw\"><source srcset=\"https:\/\/ichef.bbci.co.uk\/news\/240\/cpsprodpb\/17D49\/production\/_126090679_gettyimages-1325888886.jpg 240w, https:\/\/ichef.bbci.co.uk\/news\/320\/cpsprodpb\/17D49\/production\/_126090679_gettyimages-1325888886.jpg 320w, https:\/\/ichef.bbci.co.uk\/news\/480\/cpsprodpb\/17D49\/production\/_126090679_gettyimages-1325888886.jpg 480w, https:\/\/ichef.bbci.co.uk\/news\/624\/cpsprodpb\/17D49\/production\/_126090679_gettyimages-1325888886.jpg 624w, https:\/\/ichef.bbci.co.uk\/news\/800\/cpsprodpb\/17D49\/production\/_126090679_gettyimages-1325888886.jpg 800w\" type=\"image\/jpeg\" sizes=\"(min-width: 1008px) 645px, 100vw\"><img loading=\"lazy\" src=\"http:\/\/nuevacordoba.net\/wp-content\/uploads\/2022\/07\/4-cambios-en-la-ley-migratoria-de-espana-que-permitiran-a-miles-de-extranjeros-trabajar-y-residir-de-forma-legal-en-el-pais-1.jpg\" alt=\"Estudiantes\" width=\"976\" height=\"549\" class=\"e3vrtyk0 bbc-rb7xa0 e1mo64ex0\"><\/picture><\/noscript><\/p>\n<p role=\"text\" class=\"bbc-1s1cxbv ewbcsnk0\"><span class=\"bbc-1gnhmg2 ed7bp6y0\">Fuente de la imagen, <\/span><span lang=\"en-GB\">Getty Images<\/span><\/p>\n<\/div>\n<\/div>\n<div dir=\"ltr\" class=\"bbc-3edg7g ebmt73l0\" readability=\"6\"><figcaption dir=\"ltr\" class=\"bbc-rhuvwm e6i104o0\" readability=\"2\"><span class=\"bbc-1gnhmg2 ed7bp6y0\">Pie de foto, <\/span><\/p>\n<p>Los alumnos extranjeros podr\u00e1n trabajar mientras realizan sus estudios.<\/p>\n<\/figcaption><\/div>\n<\/div>\n<\/figure>\n<\/div>\n<div dir=\"ltr\" class=\"bbc-19j92fr ebmt73l0\" readability=\"10\">\n<p dir=\"ltr\" class=\"bbc-hhl7in e17g058b0\">Adem\u00e1s, una vez acabados los estudios, podr\u00e1n quedarse un a\u00f1o m\u00e1s sin tener que pedir una ampliaci\u00f3n de la estancia en Espa\u00f1a.<\/p>\n<\/div>\n<div dir=\"ltr\" class=\"bbc-19j92fr ebmt73l0\" readability=\"10\">\n<p dir=\"ltr\" class=\"bbc-hhl7in e17g058b0\">Casi uno de cada cuatro estudiantes extranjeros de grado en Espa\u00f1a proceden de pa\u00edses de Am\u00e9rica Latina y Caribe, proporci\u00f3n que se eleva a cerca del 64% de los de m\u00e1ster y casi al 53% de los de doctorado.<\/p>\n<\/div>\n<div dir=\"ltr\" class=\"bbc-19j92fr ebmt73l0\" readability=\"16\">\n<p dir=\"ltr\" class=\"bbc-hhl7in e17g058b0\">\u00abAntes de la reforma, quien ten\u00eda un permiso por estudios,<b> si trabajaba lo hac\u00eda de forma irregular y esto no ten\u00eda ning\u00fan sentido<\/b>\u00ab, explica Gemma Pinyol-Jim\u00e9nez, directora de pol\u00edticas migratorias de Instrategies, una consultora especializada en asuntos de movilidad, migraciones y gesti\u00f3n de la diversidad. <\/p>\n<\/div>\n<div dir=\"ltr\" class=\"bbc-19j92fr ebmt73l0\" readability=\"18\">\n<p dir=\"ltr\" class=\"bbc-hhl7in e17g058b0\">Las modificaciones de la ley permiten que la autorizaci\u00f3n de estancia, con algunos criterios espec\u00edficos, se pueda convertir en una autorizaci\u00f3n de trabajo. Y esto, opina, la experta, no solo es positivo para esas personas de manera individual, \u00absino tambi\u00e9n para el pa\u00eds, porque es una forma de garantizar que quien ha estudiado y ha hecho una formaci\u00f3n de tercer grado -porque esto est\u00e1 <b>pensado para los altamente cualificados<\/b>-, puedan acceder al mercado de trabajo espa\u00f1ol\u00bb. <\/p>\n<\/div>\n<div dir=\"ltr\" class=\"bbc-19j92fr ebmt73l0\" readability=\"9\">\n<p dir=\"ltr\" class=\"bbc-hhl7in e17g058b0\">Espa\u00f1a quiere que ese talento que se ha formado en sus universidades pueda quedarse, adem\u00e1s de hacer m\u00e1s atractivos sus centros de educaci\u00f3n superior y facilitar su internacionalizaci\u00f3n.<\/p>\n<\/div>\n<div class=\"bbc-sffzb7 e1hrqbfn0\">\n<div dir=\"ltr\" class=\"bbc-1ka88fa ebmt73l0\">\n<figure class=\"bbc-1qdcvv9 e1aczekt0\">\n<div dir=\"ltr\" class=\"bbc-172p16q ebmt73l0\">\n<div dir=\"ltr\" class=\"bbc-189y18v ebmt73l0\" readability=\"6.5\">\n<div data-e2e=\"image-placeholder\" class=\"bbc-997y1y eihqrxw0\" readability=\"8\"><noscript><picture class=\"bbc-yfiktt e1mo64ex1\"><source srcset=\"http:\/\/nuevacordoba.net\/wp-content\/uploads\/2022\/07\/4-cambios-en-la-ley-migratoria-de-espana-que-permitiran-a-miles-de-extranjeros-trabajar-y-residir-de-forma-legal-en-el-pais-5.webp 240w, http:\/\/nuevacordoba.net\/wp-content\/uploads\/2022\/07\/4-cambios-en-la-ley-migratoria-de-espana-que-permitiran-a-miles-de-extranjeros-trabajar-y-residir-de-forma-legal-en-el-pais-6.webp 320w, http:\/\/nuevacordoba.net\/wp-content\/uploads\/2022\/07\/4-cambios-en-la-ley-migratoria-de-espana-que-permitiran-a-miles-de-extranjeros-trabajar-y-residir-de-forma-legal-en-el-pais-7.webp 480w, http:\/\/nuevacordoba.net\/wp-content\/uploads\/2022\/07\/4-cambios-en-la-ley-migratoria-de-espana-que-permitiran-a-miles-de-extranjeros-trabajar-y-residir-de-forma-legal-en-el-pais-8.webp 624w, http:\/\/nuevacordoba.net\/wp-content\/uploads\/2022\/07\/4-cambios-en-la-ley-migratoria-de-espana-que-permitiran-a-miles-de-extranjeros-trabajar-y-residir-de-forma-legal-en-el-pais-9.webp 800w\" type=\"image\/webp\" sizes=\"(min-width: 1008px) 645px, 100vw\"><source srcset=\"https:\/\/ichef.bbci.co.uk\/news\/240\/cpsprodpb\/6233\/production\/_126093152_gettyimages-146116818.jpg 240w, https:\/\/ichef.bbci.co.uk\/news\/320\/cpsprodpb\/6233\/production\/_126093152_gettyimages-146116818.jpg 320w, https:\/\/ichef.bbci.co.uk\/news\/480\/cpsprodpb\/6233\/production\/_126093152_gettyimages-146116818.jpg 480w, https:\/\/ichef.bbci.co.uk\/news\/624\/cpsprodpb\/6233\/production\/_126093152_gettyimages-146116818.jpg 624w, https:\/\/ichef.bbci.co.uk\/news\/800\/cpsprodpb\/6233\/production\/_126093152_gettyimages-146116818.jpg 800w\" type=\"image\/jpeg\" sizes=\"(min-width: 1008px) 645px, 100vw\"><img loading=\"lazy\" src=\"http:\/\/nuevacordoba.net\/wp-content\/uploads\/2022\/07\/4-cambios-en-la-ley-migratoria-de-espana-que-permitiran-a-miles-de-extranjeros-trabajar-y-residir-de-forma-legal-en-el-pais-2.jpg\" alt=\"Bandera de Espa\u00f1a\" width=\"976\" height=\"549\" class=\"e3vrtyk0 bbc-rb7xa0 e1mo64ex0\"><\/picture><\/noscript><\/p>\n<p role=\"text\" class=\"bbc-1s1cxbv ewbcsnk0\"><span class=\"bbc-1gnhmg2 ed7bp6y0\">Fuente de la imagen, <\/span><span lang=\"en-GB\">Getty Images<\/span><\/p>\n<\/div>\n<\/div>\n<\/div>\n<\/figure>\n<\/div>\n<\/div>\n<p><h2 id=\"Arraigo-por-formaci\u00f3n\" tabindex=\"-1\" class=\"bbc-1f03ibc eglt09e0\">Arraigo por formaci\u00f3n<\/h2>\n<\/p>\n<div dir=\"ltr\" class=\"bbc-19j92fr ebmt73l0\" readability=\"13\">\n<p dir=\"ltr\" class=\"bbc-hhl7in e17g058b0\">A partir de ahora, las personas que han permanecido en Espa\u00f1a durante un periodo m\u00ednimo de dos a\u00f1os, podr\u00e1n obtener un<b> permiso de residencia de 12 meses<\/b> si se comprometen a realizar una formaci\u00f3n reglada para el empleo, una figura para la que el gobierno espa\u00f1ol se ha inspirado en un modelo existente en Alemania conocida como \u00abduldung\u00bb.<\/p>\n<\/div>\n<div dir=\"ltr\" class=\"bbc-19j92fr ebmt73l0\" readability=\"11\">\n<p dir=\"ltr\" class=\"bbc-hhl7in e17g058b0\">\u00abLa idea es que las personas que est\u00e1n en situaci\u00f3n irregular puedan acceder al mercado de trabajo pasando primero por una formaci\u00f3n. Eso s\u00ed, en sectores en los que se determina que hay una necesidad de mano de obra\u00bb, aclara Pinyol-Jim\u00e9nez.<\/p>\n<\/div>\n<div dir=\"ltr\" class=\"bbc-1ka88fa ebmt73l0\">\n<figure class=\"bbc-1qdcvv9 e1aczekt0\">\n<div dir=\"ltr\" class=\"bbc-172p16q ebmt73l0\">\n<div dir=\"ltr\" class=\"bbc-189y18v ebmt73l0\" readability=\"6.5\">\n<div data-e2e=\"image-placeholder\" class=\"bbc-997y1y eihqrxw0\" readability=\"8\"><noscript><picture class=\"bbc-yfiktt e1mo64ex1\"><source srcset=\"http:\/\/nuevacordoba.net\/wp-content\/uploads\/2022\/07\/4-cambios-en-la-ley-migratoria-de-espana-que-permitiran-a-miles-de-extranjeros-trabajar-y-residir-de-forma-legal-en-el-pais-10.webp 240w, http:\/\/nuevacordoba.net\/wp-content\/uploads\/2022\/07\/4-cambios-en-la-ley-migratoria-de-espana-que-permitiran-a-miles-de-extranjeros-trabajar-y-residir-de-forma-legal-en-el-pais-11.webp 320w, http:\/\/nuevacordoba.net\/wp-content\/uploads\/2022\/07\/4-cambios-en-la-ley-migratoria-de-espana-que-permitiran-a-miles-de-extranjeros-trabajar-y-residir-de-forma-legal-en-el-pais-12.webp 480w, http:\/\/nuevacordoba.net\/wp-content\/uploads\/2022\/07\/4-cambios-en-la-ley-migratoria-de-espana-que-permitiran-a-miles-de-extranjeros-trabajar-y-residir-de-forma-legal-en-el-pais-13.webp 624w, http:\/\/nuevacordoba.net\/wp-content\/uploads\/2022\/07\/4-cambios-en-la-ley-migratoria-de-espana-que-permitiran-a-miles-de-extranjeros-trabajar-y-residir-de-forma-legal-en-el-pais-14.webp 800w\" type=\"image\/webp\" sizes=\"(min-width: 1008px) 645px, 100vw\"><source srcset=\"https:\/\/ichef.bbci.co.uk\/news\/240\/cpsprodpb\/E4F1\/production\/_126090685_gettyimages-1277552320.jpg 240w, https:\/\/ichef.bbci.co.uk\/news\/320\/cpsprodpb\/E4F1\/production\/_126090685_gettyimages-1277552320.jpg 320w, https:\/\/ichef.bbci.co.uk\/news\/480\/cpsprodpb\/E4F1\/production\/_126090685_gettyimages-1277552320.jpg 480w, https:\/\/ichef.bbci.co.uk\/news\/624\/cpsprodpb\/E4F1\/production\/_126090685_gettyimages-1277552320.jpg 624w, https:\/\/ichef.bbci.co.uk\/news\/800\/cpsprodpb\/E4F1\/production\/_126090685_gettyimages-1277552320.jpg 800w\" type=\"image\/jpeg\" sizes=\"(min-width: 1008px) 645px, 100vw\"><img loading=\"lazy\" src=\"http:\/\/nuevacordoba.net\/wp-content\/uploads\/2022\/07\/4-cambios-en-la-ley-migratoria-de-espana-que-permitiran-a-miles-de-extranjeros-trabajar-y-residir-de-forma-legal-en-el-pais-3.jpg\" alt=\"Dos trabajadores en una f\u00e1brica.\" width=\"976\" height=\"549\" class=\"e3vrtyk0 bbc-rb7xa0 e1mo64ex0\"><\/picture><\/noscript><\/p>\n<p role=\"text\" class=\"bbc-1s1cxbv ewbcsnk0\"><span class=\"bbc-1gnhmg2 ed7bp6y0\">Fuente de la imagen, <\/span><span lang=\"en-GB\">Getty Images<\/span><\/p>\n<\/div>\n<\/div>\n<div dir=\"ltr\" class=\"bbc-3edg7g ebmt73l0\" readability=\"6\"><figcaption dir=\"ltr\" class=\"bbc-rhuvwm e6i104o0\" readability=\"2\"><span class=\"bbc-1gnhmg2 ed7bp6y0\">Pie de foto, <\/span><\/p>\n<p>El arraigo por formaci\u00f3n permitir\u00e1 obtener un permiso de trabajo.<\/p>\n<\/figcaption><\/div>\n<\/div>\n<\/figure>\n<\/div>\n<div dir=\"ltr\" class=\"bbc-19j92fr ebmt73l0\" readability=\"10\">\n<p dir=\"ltr\" class=\"bbc-hhl7in e17g058b0\">El arraigo por formaci\u00f3n se suma a las dos v\u00edas por las que, hasta ahora, los extranjeros que ya se encontraban en Espa\u00f1a pod\u00edan regularizar su situaci\u00f3n. <\/p>\n<\/div>\n<div dir=\"ltr\" class=\"bbc-19j92fr ebmt73l0\" readability=\"14\">\n<p dir=\"ltr\" class=\"bbc-hhl7in e17g058b0\">Una es el <b>arraigo social<\/b>, para el que hay que demostrar tres a\u00f1os de residencia y, adem\u00e1s, que se dispone de una oferta de trabajo. Este contrato ya no deber\u00e1 tener una duraci\u00f3n m\u00ednima de un a\u00f1o, como se ped\u00eda hasta ahora, pero s\u00ed que cumpla con el salario m\u00ednimo interprofesional.<\/p>\n<\/div>\n<div dir=\"ltr\" class=\"bbc-19j92fr ebmt73l0\" readability=\"12\">\n<p dir=\"ltr\" class=\"bbc-hhl7in e17g058b0\">La otra es el <b>arraigo laboral,<\/b> en la que hay que demostrar que ha habido una relaci\u00f3n laboral, aunque la persona hubiera trabajado sin contrato y cobrado, por lo tanto, en negro.<\/p>\n<\/div>\n<div dir=\"ltr\" class=\"bbc-19j92fr ebmt73l0\" readability=\"13\">\n<p dir=\"ltr\" class=\"bbc-hhl7in e17g058b0\">\u00abMuchas personas llegan en situaci\u00f3n regular y luego dejan caducar su visado por p\u00e1nico a intentar entrar en el mercado de trabajo. Lo que se intenta con la reforma es reducir este espacio en el que las personas acaban trabajando de manera irregular, que al final es un desastre para ellos mismos, para la econom\u00eda y para todos\u00bb, interpreta la consultora. <\/p>\n<\/div>\n<p><h2 id=\"Contrataci\u00f3n-en-origen\" tabindex=\"-1\" class=\"bbc-1f03ibc eglt09e0\">Contrataci\u00f3n en origen<\/h2>\n<\/p>\n<div dir=\"ltr\" class=\"bbc-19j92fr ebmt73l0\" readability=\"8\">\n<p dir=\"ltr\" class=\"bbc-hhl7in e17g058b0\">La contrataci\u00f3n en los propios pa\u00edses de origen de los trabajadores tambi\u00e9n se va a flexibilizar.<\/p>\n<\/div>\n<div dir=\"ltr\" class=\"bbc-19j92fr ebmt73l0\" readability=\"16\">\n<p dir=\"ltr\" class=\"bbc-hhl7in e17g058b0\">Por un lado, se mejora la contrataci\u00f3n para los temporeros. A partir de ahora, estos trabajadores que van a Espa\u00f1a a participar, por ejemplo, en campa\u00f1as agr\u00edcolas, podr\u00e1n acceder a una<b> autorizaci\u00f3n de 4 a\u00f1os<\/b> en la que podr\u00e1n trabajar hasta 9 meses por ejercicio, con la obligaci\u00f3n de volver a sus pa\u00edses despu\u00e9s de cada periodo. <\/p>\n<\/div>\n<div dir=\"ltr\" class=\"bbc-19j92fr ebmt73l0\" readability=\"10\">\n<p dir=\"ltr\" class=\"bbc-hhl7in e17g058b0\">Si se cumple con estas condiciones, como \u00abpremio\u00bb, estos trabajadores podr\u00e1n solicitar un permiso de residencia y trabajo por dos a\u00f1os prorrogable. <\/p>\n<\/div>\n<div dir=\"ltr\" class=\"bbc-1ka88fa ebmt73l0\">\n<figure class=\"bbc-1qdcvv9 e1aczekt0\">\n<div dir=\"ltr\" class=\"bbc-172p16q ebmt73l0\">\n<div dir=\"ltr\" class=\"bbc-189y18v ebmt73l0\" readability=\"6.5\">\n<div data-e2e=\"image-placeholder\" class=\"bbc-997y1y eihqrxw0\" readability=\"8\"><noscript><picture class=\"bbc-yfiktt e1mo64ex1\"><source srcset=\"http:\/\/nuevacordoba.net\/wp-content\/uploads\/2022\/07\/4-cambios-en-la-ley-migratoria-de-espana-que-permitiran-a-miles-de-extranjeros-trabajar-y-residir-de-forma-legal-en-el-pais-15.webp 240w, http:\/\/nuevacordoba.net\/wp-content\/uploads\/2022\/07\/4-cambios-en-la-ley-migratoria-de-espana-que-permitiran-a-miles-de-extranjeros-trabajar-y-residir-de-forma-legal-en-el-pais-16.webp 320w, http:\/\/nuevacordoba.net\/wp-content\/uploads\/2022\/07\/4-cambios-en-la-ley-migratoria-de-espana-que-permitiran-a-miles-de-extranjeros-trabajar-y-residir-de-forma-legal-en-el-pais-17.webp 480w, http:\/\/nuevacordoba.net\/wp-content\/uploads\/2022\/07\/4-cambios-en-la-ley-migratoria-de-espana-que-permitiran-a-miles-de-extranjeros-trabajar-y-residir-de-forma-legal-en-el-pais-18.webp 624w, http:\/\/nuevacordoba.net\/wp-content\/uploads\/2022\/07\/4-cambios-en-la-ley-migratoria-de-espana-que-permitiran-a-miles-de-extranjeros-trabajar-y-residir-de-forma-legal-en-el-pais-19.webp 800w\" type=\"image\/webp\" sizes=\"(min-width: 1008px) 645px, 100vw\"><source srcset=\"https:\/\/ichef.bbci.co.uk\/news\/240\/cpsprodpb\/48B1\/production\/_126090681_gettyimages-1006874952.jpg 240w, https:\/\/ichef.bbci.co.uk\/news\/320\/cpsprodpb\/48B1\/production\/_126090681_gettyimages-1006874952.jpg 320w, https:\/\/ichef.bbci.co.uk\/news\/480\/cpsprodpb\/48B1\/production\/_126090681_gettyimages-1006874952.jpg 480w, https:\/\/ichef.bbci.co.uk\/news\/624\/cpsprodpb\/48B1\/production\/_126090681_gettyimages-1006874952.jpg 624w, https:\/\/ichef.bbci.co.uk\/news\/800\/cpsprodpb\/48B1\/production\/_126090681_gettyimages-1006874952.jpg 800w\" type=\"image\/jpeg\" sizes=\"(min-width: 1008px) 645px, 100vw\"><img loading=\"lazy\" src=\"http:\/\/nuevacordoba.net\/wp-content\/uploads\/2022\/07\/4-cambios-en-la-ley-migratoria-de-espana-que-permitiran-a-miles-de-extranjeros-trabajar-y-residir-de-forma-legal-en-el-pais-4.jpg\" alt=\"Trabajadores en un invernadero.\" width=\"976\" height=\"549\" class=\"e3vrtyk0 bbc-rb7xa0 e1mo64ex0\"><\/picture><\/noscript><\/p>\n<p role=\"text\" class=\"bbc-1s1cxbv ewbcsnk0\"><span class=\"bbc-1gnhmg2 ed7bp6y0\">Fuente de la imagen, <\/span><span lang=\"en-GB\">Getty Images<\/span><\/p>\n<\/div>\n<\/div>\n<div dir=\"ltr\" class=\"bbc-3edg7g ebmt73l0\" readability=\"6\"><figcaption dir=\"ltr\" class=\"bbc-rhuvwm e6i104o0\" readability=\"2\"><span class=\"bbc-1gnhmg2 ed7bp6y0\">Pie de foto, <\/span><\/p>\n<p>La reforma mejora las condiciones de los temporeros.<\/p>\n<\/figcaption><\/div>\n<\/div>\n<\/figure>\n<\/div>\n<div dir=\"ltr\" class=\"bbc-19j92fr ebmt73l0\" readability=\"12\">\n<p dir=\"ltr\" class=\"bbc-hhl7in e17g058b0\">Pero adem\u00e1s, la reforma quiere mejorar lo que se conoce como <b>Cat\u00e1logo de Ocupaciones de Dif\u00edcil Cobertura,<\/b> es decir, la lista de profesiones para los que los empresarios tienen dificultades para encontrar personal y que le permiten contratar a profesionales en origen.<\/p>\n<\/div>\n<div dir=\"ltr\" class=\"bbc-19j92fr ebmt73l0\" readability=\"15\">\n<p dir=\"ltr\" class=\"bbc-hhl7in e17g058b0\">\u00abEste es un sistema tan poco realista que, desde hace a\u00f1os, la lista te dice que lo que hace falta en Espa\u00f1a son entrenadores de f\u00fatbol\u00bb, bromea Gemma Pinyol-Jim\u00e9nez. Adem\u00e1s de entrenadores, seg\u00fan la lista en Espa\u00f1a solo se necesita<b> personal de buques mercantes, entrenadores y deportistas profesionales<\/b>. <\/p>\n<\/div>\n<div dir=\"ltr\" class=\"bbc-19j92fr ebmt73l0\" readability=\"9\">\n<p dir=\"ltr\" class=\"bbc-hhl7in e17g058b0\">La reforma va a hacer una fotograf\u00eda m\u00e1s realista del mercado de trabajo, que se va a actualizar cada tres meses. <\/p>\n<\/div>\n<p><h2 id=\"Reagrupaci\u00f3n-familiar\" tabindex=\"-1\" class=\"bbc-1f03ibc eglt09e0\">Reagrupaci\u00f3n familiar<\/h2>\n<\/p>\n<div dir=\"ltr\" class=\"bbc-19j92fr ebmt73l0\" readability=\"10\">\n<p dir=\"ltr\" class=\"bbc-hhl7in e17g058b0\">Una de las grandes novedades de la reforma, y que va a suponer una gran mejora para la vida de muchas familias extranjeras en Espa\u00f1a, es la que concierne a la reagrupaci\u00f3n familiar. <\/p>\n<\/div>\n<div dir=\"ltr\" class=\"bbc-1ka88fa ebmt73l0\">\n<figure class=\"bbc-1qdcvv9 e1aczekt0\">\n<div dir=\"ltr\" class=\"bbc-172p16q ebmt73l0\">\n<div dir=\"ltr\" class=\"bbc-189y18v ebmt73l0\" readability=\"6.5\">\n<div data-e2e=\"image-placeholder\" class=\"bbc-997y1y eihqrxw0\" readability=\"8\"><noscript><picture class=\"bbc-yfiktt e1mo64ex1\"><source srcset=\"http:\/\/nuevacordoba.net\/wp-content\/uploads\/2022\/07\/4-cambios-en-la-ley-migratoria-de-espana-que-permitiran-a-miles-de-extranjeros-trabajar-y-residir-de-forma-legal-en-el-pais-20.webp 240w, http:\/\/nuevacordoba.net\/wp-content\/uploads\/2022\/07\/4-cambios-en-la-ley-migratoria-de-espana-que-permitiran-a-miles-de-extranjeros-trabajar-y-residir-de-forma-legal-en-el-pais-21.webp 320w, http:\/\/nuevacordoba.net\/wp-content\/uploads\/2022\/07\/4-cambios-en-la-ley-migratoria-de-espana-que-permitiran-a-miles-de-extranjeros-trabajar-y-residir-de-forma-legal-en-el-pais-22.webp 480w, http:\/\/nuevacordoba.net\/wp-content\/uploads\/2022\/07\/4-cambios-en-la-ley-migratoria-de-espana-que-permitiran-a-miles-de-extranjeros-trabajar-y-residir-de-forma-legal-en-el-pais-23.webp 624w, http:\/\/nuevacordoba.net\/wp-content\/uploads\/2022\/07\/4-cambios-en-la-ley-migratoria-de-espana-que-permitiran-a-miles-de-extranjeros-trabajar-y-residir-de-forma-legal-en-el-pais-24.webp 800w\" type=\"image\/webp\" sizes=\"(min-width: 1008px) 645px, 100vw\"><source srcset=\"https:\/\/ichef.bbci.co.uk\/news\/240\/cpsprodpb\/96D1\/production\/_126090683_gettyimages-1312462876.jpg 240w, https:\/\/ichef.bbci.co.uk\/news\/320\/cpsprodpb\/96D1\/production\/_126090683_gettyimages-1312462876.jpg 320w, https:\/\/ichef.bbci.co.uk\/news\/480\/cpsprodpb\/96D1\/production\/_126090683_gettyimages-1312462876.jpg 480w, https:\/\/ichef.bbci.co.uk\/news\/624\/cpsprodpb\/96D1\/production\/_126090683_gettyimages-1312462876.jpg 624w, https:\/\/ichef.bbci.co.uk\/news\/800\/cpsprodpb\/96D1\/production\/_126090683_gettyimages-1312462876.jpg 800w\" type=\"image\/jpeg\" sizes=\"(min-width: 1008px) 645px, 100vw\"><img loading=\"lazy\" src=\"http:\/\/nuevacordoba.net\/wp-content\/uploads\/2022\/07\/4-cambios-en-la-ley-migratoria-de-espana-que-permitiran-a-miles-de-extranjeros-trabajar-y-residir-de-forma-legal-en-el-pais-5.jpg\" alt=\"Dos mujeres en una cocina.\" width=\"976\" height=\"549\" class=\"e3vrtyk0 bbc-rb7xa0 e1mo64ex0\"><\/picture><\/noscript><\/p>\n<p role=\"text\" class=\"bbc-1s1cxbv ewbcsnk0\"><span class=\"bbc-1gnhmg2 ed7bp6y0\">Fuente de la imagen, <\/span><span lang=\"en-GB\">Getty Images<\/span><\/p>\n<\/div>\n<\/div>\n<div dir=\"ltr\" class=\"bbc-3edg7g ebmt73l0\" readability=\"6\"><figcaption dir=\"ltr\" class=\"bbc-rhuvwm e6i104o0\" readability=\"2\"><span class=\"bbc-1gnhmg2 ed7bp6y0\">Pie de foto, <\/span><\/p>\n<p>La reforma mejora las condiciones para la reagrupaci\u00f3n familiar.<\/p>\n<\/figcaption><\/div>\n<\/div>\n<\/figure>\n<\/div>\n<div dir=\"ltr\" class=\"bbc-19j92fr ebmt73l0\" readability=\"18\">\n<p dir=\"ltr\" class=\"bbc-hhl7in e17g058b0\">Los familiares, al recibir el permiso de residencia, tambi\u00e9n recibir\u00e1n la <b>autorizaci\u00f3n de trabajo por cuenta propia y ajena<\/b>. \u00abHasta ahora, estas personas recib\u00edan un permiso de residencia, pero ten\u00edan que esperar para tener el de trabajo, mientras que con los cambios, cuando se renueve la reagrupaci\u00f3n familiar, se adquirir\u00e1 la autorizaci\u00f3n de trabajo\u00bb, precisa la consultora.<\/p>\n<\/div>\n<div dir=\"ltr\" class=\"bbc-19j92fr ebmt73l0\" readability=\"14\">\n<p dir=\"ltr\" class=\"bbc-hhl7in e17g058b0\">\u00abEl sistema est\u00e1 tan loco que condenaba a la gente a malvivir cuando pod\u00eda trabajar\u00bb, una disfunci\u00f3n, denuncia Pinyol-Jim\u00e9nez, relacionada con el Cat\u00e1logo de Ocupaciones de Dif\u00edcil Cobertura. \u00abSe intentaba mantener y respetar la realidad del mercado de trabajo espa\u00f1ol, pero se hac\u00eda con un instrumento que hac\u00eda una radiograf\u00eda nada realista de la realidad\u00bb.<\/p>\n<\/div>\n<div dir=\"ltr\" class=\"bbc-19j92fr ebmt73l0\" readability=\"9\">\n<p dir=\"ltr\" class=\"bbc-hhl7in e17g058b0\">Tambi\u00e9n se flexibilizan los requisitos de reagrupaci\u00f3n familiar cuando afectan a menores, a personas con discapacidad o en situaci\u00f3n de vulnerabilidad. <\/p>\n<\/div>\n<div dir=\"ltr\" class=\"bbc-19j92fr ebmt73l0\" readability=\"13\">\n<p dir=\"ltr\" class=\"bbc-hhl7in e17g058b0\">Adem\u00e1s de estos cuatro puntos, las modificaciones de la ley de Extranjer\u00eda tambi\u00e9n racionalizan los requisitos exigidos a los <b>trabajadores aut\u00f3nomos<\/b> procedentes de terceros pa\u00edses, y crea una Unidad de Tramitaci\u00f3n de Expedientes de Extranjer\u00eda, una suerte de \u00ab<b>ventanilla \u00fanica<\/b>\u00bb para agilizar y facilitar los tr\u00e1mites.<\/p>\n<\/div>\n<div dir=\"ltr\" class=\"bbc-19j92fr ebmt73l0\" readability=\"11\">\n<p dir=\"ltr\" class=\"bbc-hhl7in e17g058b0\">\u00abLa obsesi\u00f3n fronteriza\u00bb, opina la experta, \u00abse ha comido todo el debate p\u00fablico sobre las cuestiones migratorias. Esta es la primera vez en a\u00f1os que estamos hablando de reformas que no tiene que ver con fronteras\u00bb.<\/p>\n<\/div>\n<div dir=\"ltr\" class=\"bbc-1ka88fa ebmt73l0\">\n<figure class=\"bbc-1qdcvv9 e1aczekt0\">\n<div dir=\"ltr\" class=\"bbc-172p16q ebmt73l0\">\n<div dir=\"ltr\" class=\"bbc-189y18v ebmt73l0\">\n<div data-e2e=\"image-placeholder\" class=\"bbc-997y1y eihqrxw0\"><noscript><picture class=\"bbc-yfiktt e1mo64ex1\"><source srcset=\"http:\/\/nuevacordoba.net\/wp-content\/uploads\/2022\/07\/4-cambios-en-la-ley-migratoria-de-espana-que-permitiran-a-miles-de-extranjeros-trabajar-y-residir-de-forma-legal-en-el-pais-25.webp 240w, http:\/\/nuevacordoba.net\/wp-content\/uploads\/2022\/07\/4-cambios-en-la-ley-migratoria-de-espana-que-permitiran-a-miles-de-extranjeros-trabajar-y-residir-de-forma-legal-en-el-pais-26.webp 320w, http:\/\/nuevacordoba.net\/wp-content\/uploads\/2022\/07\/4-cambios-en-la-ley-migratoria-de-espana-que-permitiran-a-miles-de-extranjeros-trabajar-y-residir-de-forma-legal-en-el-pais-27.webp 464w\" type=\"image\/webp\" sizes=\"(min-width: 1008px) 645px, 100vw\"><source srcset=\"https:\/\/ichef.bbci.co.uk\/news\/240\/cpsprodpb\/11338\/production\/_112765407_line976.jpg 240w, https:\/\/ichef.bbci.co.uk\/news\/320\/cpsprodpb\/11338\/production\/_112765407_line976.jpg 320w, https:\/\/ichef.bbci.co.uk\/news\/464\/cpsprodpb\/11338\/production\/_112765407_line976.jpg 464w\" type=\"image\/jpeg\" sizes=\"(min-width: 1008px) 645px, 100vw\"><img loading=\"lazy\" src=\"http:\/\/nuevacordoba.net\/wp-content\/uploads\/2022\/07\/4-cambios-en-la-ley-migratoria-de-espana-que-permitiran-a-miles-de-extranjeros-trabajar-y-residir-de-forma-legal-en-el-pais-6.jpg\" alt=\"L\u00ednea\" width=\"464\" height=\"2\" class=\"e3vrtyk0 bbc-rb7xa0 e1mo64ex0\"><\/picture><\/noscript><\/div>\n<\/div>\n<\/div>\n<\/figure>\n<\/div>\n<div dir=\"ltr\" class=\"bbc-19j92fr ebmt73l0\" readability=\"8\">\n<p dir=\"ltr\" class=\"bbc-hhl7in e17g058b0\"><i class=\"bbc-h1y5j7 eih42320\">Ahora puedes recibir notificaciones de BBC Mundo. Descarga la nueva versi\u00f3n de nuestra app y act\u00edvalas para no perderte nuestro mejor contenido.<\/i><\/p>\n<\/div>\n","protected":false},"excerpt":{"rendered":"<p>Paula Rosas BBC News Mundo 5 horas Fuente de la imagen, Getty Images Poder trabajar en Espa\u00f1a de forma regular va a ser, desde ahora, un poco m\u00e1s f\u00e1cil. Cerca de 5 millones y medio de extranjeros, m\u00e1s de un tercio de ellos procedentes de pa\u00edses de Am\u00e9rica Latina, viven en Espa\u00f1a, seg\u00fan los datos [&hellip;]<\/p>\n","protected":false},"author":1,"featured_media":22553,"comment_status":"closed","ping_status":"closed","sticky":false,"template":"","format":"standard","meta":[],"categories":[13],"tags":[],"_links":{"self":[{"href":"http:\/\/nuevacordoba.net\/index.php\/wp-json\/wp\/v2\/posts\/22552"}],"collection":[{"href":"http:\/\/nuevacordoba.net\/index.php\/wp-json\/wp\/v2\/posts"}],"about":[{"href":"http:\/\/nuevacordoba.net\/index.php\/wp-json\/wp\/v2\/types\/post"}],"author":[{"embeddable":true,"href":"http:\/\/nuevacordoba.net\/index.php\/wp-json\/wp\/v2\/users\/1"}],"replies":[{"embeddable":true,"href":"http:\/\/nuevacordoba.net\/index.php\/wp-json\/wp\/v2\/comments?post=22552"}],"version-history":[{"count":0,"href":"http:\/\/nuevacordoba.net\/index.php\/wp-json\/wp\/v2\/posts\/22552\/revisions"}],"wp:featuredmedia":[{"embeddable":true,"href":"http:\/\/nuevacordoba.net\/index.php\/wp-json\/wp\/v2\/media\/22553"}],"wp:attachment":[{"href":"http:\/\/nuevacordoba.net\/index.php\/wp-json\/wp\/v2\/media?parent=22552"}],"wp:term":[{"taxonomy":"category","embeddable":true,"href":"http:\/\/nuevacordoba.net\/index.php\/wp-json\/wp\/v2\/categories?post=22552"},{"taxonomy":"post_tag","embeddable":true,"href":"http:\/\/nuevacordoba.net\/index.php\/wp-json\/wp\/v2\/tags?post=22552"}],"curies":[{"name":"wp","href":"https:\/\/api.w.org\/{rel}","templated":true}]}}