{"id":22556,"date":"2022-07-29T14:28:32","date_gmt":"2022-07-29T14:28:32","guid":{"rendered":"http:\/\/cordobanewsnet.wordpress.com\/?p=7130"},"modified":"2022-07-29T14:28:32","modified_gmt":"2022-07-29T14:28:32","slug":"julio-se-va-con-aumento-de-temperaturas-y-sol","status":"publish","type":"post","link":"http:\/\/nuevacordoba.net\/index.php\/2022\/07\/29\/julio-se-va-con-aumento-de-temperaturas-y-sol\/","title":{"rendered":"Julio se va con aumento de temperaturas y sol"},"content":{"rendered":"<p><!-- \/featured-media --> <\/p>\n<div class=\"post-content clear\" readability=\"52.284428442844\">\n<p>Este&nbsp;<strong>fin de semana<\/strong>&nbsp;ser\u00e1 el \u00faltimo de&nbsp;<strong>julio&nbsp;<\/strong>y los pron\u00f3sticos indican dos d\u00edas agradables. En la previa a la llegada del mes de los vientos, el viernes inici\u00f3 con repunte de las marcas t\u00e9rmicas con una m\u00e1xima estimada para la tarde de 21 grados.<br \/>&nbsp;<br \/>El&nbsp;<strong>viento norte<\/strong>&nbsp;ser\u00e1 protagonista durante todo el&nbsp;<strong>s\u00e1bado<\/strong>, aportando aire m\u00e1s c\u00e1lido, con ayuda del sol y sin probabilidades de lluvias. La temperatura seguir\u00e1 en suba y se esperan m\u00e1ximas de&nbsp;<strong>20 a 22 grados<\/strong>.&nbsp;<\/p>\n<p>Para el<strong>&nbsp;domingo<\/strong>, se sentir\u00e1 el incremento de la nubosidad, con viento rotando al sudeste. El ambiente se presentar\u00e1 agradable y con m\u00e1xima hasta de<strong>&nbsp;21 grados<\/strong>&nbsp;en la tarde.&nbsp;<\/p>\n<p>Las&nbsp;<strong>probabilidades de lluvias&nbsp;<\/strong>son bajas para el fin de semana, solo se observar\u00e1 nubosidad variables dentro de un marco seco.&nbsp;<\/p>\n<p>El&nbsp;<strong>lunes 31 de julio<\/strong>, la temperatura se mantendr\u00e1 con poco cambio dentro de un escenario estable. Para abrir el octavo mes del a\u00f1o, la m\u00e1xima se ubicar\u00e1 entre los&nbsp;<strong>19 y los 21 grados<\/strong>. Reci\u00e9n hac\u00eda el mi\u00e9rcoles los valores empezar\u00edan a bajar.&nbsp;<\/p>\n<div id=\"jp-post-flair\" class=\"sharedaddy sd-like-enabled sd-sharing-enabled\">\n<div class=\"sharedaddy sd-sharing-enabled\">\n<div class=\"robots-nocontent sd-block sd-social sd-social-icon-text sd-sharing\">\n<h3 class=\"sd-title\">Share this:<\/h3>\n<\/div>\n<\/div>\n<div class=\"sharedaddy sd-block sd-like jetpack-likes-widget-wrapper jetpack-likes-widget-unloaded\" id=\"like-post-wrapper-143108178-7130-62e3f4db6b463\" data-src=\"\/\/widgets.wp.com\/likes\/index.html?ver=20220105#blog_id=143108178&amp;post_id=7130&amp;origin=cordobanewsnet.wordpress.com&amp;obj_id=143108178-7130-62e3f4db6b463\" data-name=\"like-post-frame-143108178-7130-62e3f4db6b463\" data-title=\"Me gusta o Compartir\">\n<h3 class=\"sd-title\">Me gusta esto:<\/h3>\n<p><span class=\"button\"><span>Me gusta<\/span><\/span> <span class=\"loading\">Cargando&#8230;<\/span><\/p>\n<p><span class=\"sd-text-color\"><\/span><\/div>\n<p><h3 class=\"jp-relatedposts-headline\"><em>Relacionado<\/em><\/h3>\n<\/p>\n<\/div><\/div>\n<p><!--\/.post-content--> <\/p>\n<footer class=\"post-meta-container clear\" readability=\"0.31279620853081\">\n<div class=\"entry-author author-avatar-show\" readability=\"13.114754098361\">\n<div class=\"author-avatar\"> <img loading=\"lazy\" alt src=\"http:\/\/nuevacordoba.net\/wp-content\/uploads\/2022\/07\/julio-se-va-con-aumento-de-temperaturas-y-sol.png\" class=\"avatar avatar-90\" height=\"90\" width=\"90\"> <\/div>\n<p><!-- .author-avatar --> <\/p>\n<p><h2 class=\"author-title\">Publicado por <span class=\"author-name\">Redacci\u00f3n<\/span><\/h2>\n<\/p>\n<p><!-- .author-heading --> <\/p>\n<p class=\"author-bio\"> <a class=\"author-link\" href=\"https:\/\/cordobanewsnet.wordpress.com\/author\/prettomatias\/\" rel=\"author\"> Ver todas las entradas de Redacci\u00f3n <\/a> <\/p>\n<p><!-- .author-bio --> <\/div>\n<p><!-- .entry-auhtor --> <\/footer>\n<p> <!-- \/post-meta-container --> <!-- #respond --> <\/p>\n","protected":false},"excerpt":{"rendered":"<p>Este&nbsp;fin de semana&nbsp;ser\u00e1 el \u00faltimo de&nbsp;julio&nbsp;y los pron\u00f3sticos indican dos d\u00edas agradables. En la previa a la llegada del mes de los vientos, el viernes inici\u00f3 con repunte de las marcas t\u00e9rmicas con una m\u00e1xima estimada para la tarde de 21 grados.&nbsp;El&nbsp;viento norte&nbsp;ser\u00e1 protagonista durante todo el&nbsp;s\u00e1bado, aportando aire m\u00e1s c\u00e1lido, con ayuda del sol [&hellip;]<\/p>\n","protected":false},"author":1,"featured_media":22557,"comment_status":"closed","ping_status":"closed","sticky":false,"template":"","format":"standard","meta":[],"categories":[14],"tags":[],"_links":{"self":[{"href":"http:\/\/nuevacordoba.net\/index.php\/wp-json\/wp\/v2\/posts\/22556"}],"collection":[{"href":"http:\/\/nuevacordoba.net\/index.php\/wp-json\/wp\/v2\/posts"}],"about":[{"href":"http:\/\/nuevacordoba.net\/index.php\/wp-json\/wp\/v2\/types\/post"}],"author":[{"embeddable":true,"href":"http:\/\/nuevacordoba.net\/index.php\/wp-json\/wp\/v2\/users\/1"}],"replies":[{"embeddable":true,"href":"http:\/\/nuevacordoba.net\/index.php\/wp-json\/wp\/v2\/comments?post=22556"}],"version-history":[{"count":0,"href":"http:\/\/nuevacordoba.net\/index.php\/wp-json\/wp\/v2\/posts\/22556\/revisions"}],"wp:featuredmedia":[{"embeddable":true,"href":"http:\/\/nuevacordoba.net\/index.php\/wp-json\/wp\/v2\/media\/22557"}],"wp:attachment":[{"href":"http:\/\/nuevacordoba.net\/index.php\/wp-json\/wp\/v2\/media?parent=22556"}],"wp:term":[{"taxonomy":"category","embeddable":true,"href":"http:\/\/nuevacordoba.net\/index.php\/wp-json\/wp\/v2\/categories?post=22556"},{"taxonomy":"post_tag","embeddable":true,"href":"http:\/\/nuevacordoba.net\/index.php\/wp-json\/wp\/v2\/tags?post=22556"}],"curies":[{"name":"wp","href":"https:\/\/api.w.org\/{rel}","templated":true}]}}