{"id":22560,"date":"2022-07-29T21:16:41","date_gmt":"2022-07-29T21:16:41","guid":{"rendered":"http:\/\/estaciontrip.com.ar\/?p=7073"},"modified":"2022-07-29T21:16:41","modified_gmt":"2022-07-29T21:16:41","slug":"al-caribe-desde-argentina-en-ultra-low-cost","status":"publish","type":"post","link":"http:\/\/nuevacordoba.net\/index.php\/2022\/07\/29\/al-caribe-desde-argentina-en-ultra-low-cost\/","title":{"rendered":"Al Caribe desde Argentina en ultra low cost"},"content":{"rendered":"<p><em>El desembargo de la aerol\u00ednea colombiana de bajo costo Viva Air, significa viajar al Caribe desde Buenos Aires a 249 d\u00f3lares por tramo y hacer conexiones a Per\u00fa, M\u00e9xico y Estados Unidos a una tarifa 40% menos que las tradicionales.<\/em><\/p>\n<p><strong>(Por Patricia Veltri).-<\/strong> <\/p>\n<p>La aerol\u00ednea ultra low cost colombiana Viva Air desembarc\u00f3 en la Argentina para convertirse en una conexi\u00f3n con el Caribe y Estados Unidos a una tarifa de hasta un 40 por ciento menos que las tradicionales del mercado aerocomercial.<\/p>\n<p>El debut fue el 16 de junio con rutas que unen Buenos Aires con Bogot\u00e1 y con Medell\u00edn, mediante cuatro frecuencias semanales hacia cada destino.<\/p>\n<p>A poco m\u00e1s de un mes de iniciadas las operaciones, el vicepresidente Comercial del Grupo Viva Air, Pablo Madri\u00f1\u00e1n, anuncia entusiasmado que \u201cla respuesta ha sido m\u00e1s que positiva, tanto que desde octubre sumaremos una quinta frecuencia para ambas rutas en Argentina\u201d -anticipa en di\u00e1logo con <strong>Estaci\u00f3n Trip<\/strong>-.<\/p>\n<div id=\"envira-gallery-wrap-7076\" class=\"envira-gallery-wrap envira-gallery-theme-base envira-lightbox-theme-base\" itemscope itemtype=\"https:\/\/schema.org\/ImageGallery\">\n<div data-row-height data-gallery-theme id=\"envira-gallery-7076\" class=\"envira-gallery-public envira-gallery-1-columns envira-clear enviratope envira-gallery-css-animations\" data-envira-columns=\"1\">\n<div id=\"envira-gallery-item-7077\" class=\"envira-gallery-item enviratope-item envira-gallery-item-1 envira-lazy-load\" itemscope itemtype=\"https:\/\/schema.org\/ImageObject\">\n<div class=\"envira-gallery-item-inner\"><a href=\"http:\/\/nuevacordoba.net\/wp-content\/uploads\/2022\/07\/al-caribe-desde-argentina-en-ultra-low-cost-1.jpg\" class=\"envira-gallery-7076 envira-gallery-link\" rel=\"enviragallery7076\" title=\"295752372_10226490293315647_5471288691022910864_n\" data-envira-caption=\"295752372_10226490293315647_5471288691022910864_n\" data-envira-retina data-thumbnail itemprop=\"contentUrl\"><\/p>\n<div class=\"envira-lazy\" data-test-width=\"640\" data-test-height=\"480\"><img id=\"envira-gallery-image-7077\" class=\"envira-gallery-image envira-gallery-image-1\" data-envira-index=\"1\" src=\"http:\/\/nuevacordoba.net\/wp-content\/uploads\/2022\/07\/al-caribe-desde-argentina-en-ultra-low-cost.jpg\" data-envira-src=\"http:\/\/nuevacordoba.net\/wp-content\/uploads\/2022\/07\/al-caribe-desde-argentina-en-ultra-low-cost.jpg\" data-envira-gallery-id=\"7076\" data-envira-item-id=\"7077\" data-envira-caption=\"295752372_10226490293315647_5471288691022910864_n\" alt title=\"295752372_10226490293315647_5471288691022910864_n\" itemprop=\"thumbnailUrl\" data-envira-srcset=\"http:\/\/nuevacordoba.net\/wp-content\/uploads\/2022\/07\/al-caribe-desde-argentina-en-ultra-low-cost.jpg 400w,http:\/\/nuevacordoba.net\/wp-content\/uploads\/2022\/07\/al-caribe-desde-argentina-en-ultra-low-cost.jpg 2x\" srcset=\"data:image\/gif;base64,R0lGODlhAQABAIAAAP\/\/\/\/\/\/\/yH5BAEKAAEALAAAAAABAAEAAAICTAEAOw==\"><\/div>\n<p><\/a><\/div>\n<\/div>\n<\/div>\n<\/div>\n<p><noscript><img src=\"http:\/\/nuevacordoba.net\/wp-content\/uploads\/2022\/07\/al-caribe-desde-argentina-en-ultra-low-cost-1.jpg\" alt><\/noscript> <\/p>\n<p><strong>-\u00bfC\u00f3mo se traduce en la pr\u00e1ctica esa respuesta positiva que menciona?<\/strong><\/p>\n<p>-En principio una muy buena aceptaci\u00f3n de los argentinos que viajan al Caribe y tambi\u00e9n hacen conexi\u00f3n a Miami. Pero tambi\u00e9n de los colombianos que est\u00e1n eligiendo conocer la Argentina. De modo que es una ruta con mucho inter\u00e9s en las dos direcciones.<\/p>\n<p><strong>-\u00bfQu\u00e9 observan en cuanto a las preferencias de los viajeros argentinos?<\/strong><\/p>\n<p>-Muchos van a Bogot\u00e1 para conocer Colombia pero tambi\u00e9n optan por Medell\u00edn, que es nuestro hub a\u00e9reo con una muy importante red hacia destinos nacionales y otros internacionales como Canc\u00fan, ciudad de M\u00e9xico, Punta Cana o Miami. Nuestros itinerarios est\u00e1n dise\u00f1ados para hacer conexiones con el vuelo que llega de Buenos Aires a las 2 de la ma\u00f1ana: s\u00f3lo una hora y media a dos y media despu\u00e9s, se est\u00e1 saliendo hacia los destinos m\u00e1s atractivos. Entonces llegan y siguen para Cartagena u otras ciudades nacionales o internaciones del Caribe.<\/p>\n<p><strong>-\u00bfQu\u00e9 es el \u201cefecto Viva\u201d?<\/strong><\/p>\n<p>-Es la posibilidad de volar a un 30, 40 y hasta 50 por ciento de reducci\u00f3n de costos en relaci\u00f3n a las tarifas tradicionales de mercado. Nacimos en 2012 y desde entonces hemos impulsado el desarrollo del mercado aerocomercial local por competencia y estimulaci\u00f3n; traemos nuevos pasajeros, personas que van a San Andr\u00e9s o Cartagena, por ejemplo, y antes no viajaban.<\/p>\n<p><strong>-Las tarifas son muy convenientes a poco del inicio de las operaciones en Argentina \u00bfpero se podr\u00e1n mantener?<\/strong><\/p>\n<p>-Por el momento, s\u00ed. Por supuesto que siempre hay que tener en cuenta la coyuntura pero las tarifas se pueden mantener por factor de ocupaci\u00f3n y creciendo a\u00fan m\u00e1s y es a lo que apostamos. Por ello tambi\u00e9n, ya estamos aumentando una frecuencia para cada ruta desde octubre pr\u00f3ximo.<\/p>\n<p><strong>-\u00bfCu\u00e1l es el segmento de pasajeros al que apunta Viva Air?<\/strong><\/p>\n<p>-Somos la primera aerol\u00ednea en Argentina con la que se puede ir desde Buenos Aires a Miami a tarifas de bajo costo, de modo que apuntamos a todas las personas con ganas de viajar y adecuados a sus necesidades porque cada pasajero puede ir sumando servicios. Claro que hay muchos j\u00f3venes entre nuestros pasajeros por una cuesti\u00f3n pr\u00e1ctica y simple de que adquirieron los tickets desde un celular o una computadora en nuestros canales directos. Pero lo real es que nuestro objetivo es estimular el deseo de viajar y ponerlo al alcance de todos.<\/p>\n<p><strong>-\u00bfQu\u00e9 contempla el servicio standard?<\/strong><\/p>\n<p>-El servicio de tarifas arranca con una mochila que quepa debajo del asiento, de hasta 10 kilogramos. Luego se le puede sumar bodega, carry-on, elecci\u00f3n de asiento\u2026<\/p>\n<p><strong>-En la planificaci\u00f3n figura sumar un aeropuerto del interior de la Argentina, como C\u00f3rdoba.<\/strong><\/p>\n<p>-Cont\u00ednuamente analizamos pr\u00f3ximos destinos pero ahora estamos abocados a expandirnos hacia la regi\u00f3n sur con San Pablo en Brasil y Buenos Aires en Argentina. Tenemos aprobado un plan de vuelo diario y hacia ese objetivo vamos. Por supuesto, para m\u00e1s adelante siempre se puede pensar en nuevas rutas.&nbsp;<\/p>\n<div id=\"envira-gallery-wrap-7078\" class=\"envira-gallery-wrap envira-gallery-theme-base envira-lightbox-theme-base\" itemscope itemtype=\"https:\/\/schema.org\/ImageGallery\">\n<div data-row-height data-gallery-theme id=\"envira-gallery-7078\" class=\"envira-gallery-public envira-gallery-1-columns envira-clear enviratope envira-gallery-css-animations\" data-envira-columns=\"1\">\n<div id=\"envira-gallery-item-7079\" class=\"envira-gallery-item enviratope-item envira-gallery-item-1 envira-lazy-load\" itemscope itemtype=\"https:\/\/schema.org\/ImageObject\">\n<div class=\"envira-gallery-item-inner\"><a href=\"http:\/\/nuevacordoba.net\/wp-content\/uploads\/2022\/07\/al-caribe-desde-argentina-en-ultra-low-cost-3.jpg\" class=\"envira-gallery-7078 envira-gallery-link\" rel=\"enviragallery7078\" title=\"295220431_10226490293195644_1091739713720912402_n\" data-envira-caption=\"295220431_10226490293195644_1091739713720912402_n\" data-envira-retina data-thumbnail itemprop=\"contentUrl\"><\/p>\n<div class=\"envira-lazy\" data-test-width=\"640\" data-test-height=\"480\"><img id=\"envira-gallery-image-7079\" class=\"envira-gallery-image envira-gallery-image-1\" data-envira-index=\"1\" src=\"http:\/\/nuevacordoba.net\/wp-content\/uploads\/2022\/07\/al-caribe-desde-argentina-en-ultra-low-cost-2.jpg\" data-envira-src=\"http:\/\/nuevacordoba.net\/wp-content\/uploads\/2022\/07\/al-caribe-desde-argentina-en-ultra-low-cost-2.jpg\" data-envira-gallery-id=\"7078\" data-envira-item-id=\"7079\" data-envira-caption=\"295220431_10226490293195644_1091739713720912402_n\" alt title=\"295220431_10226490293195644_1091739713720912402_n\" itemprop=\"thumbnailUrl\" data-envira-srcset=\"http:\/\/nuevacordoba.net\/wp-content\/uploads\/2022\/07\/al-caribe-desde-argentina-en-ultra-low-cost-2.jpg 400w,http:\/\/nuevacordoba.net\/wp-content\/uploads\/2022\/07\/al-caribe-desde-argentina-en-ultra-low-cost-2.jpg 2x\" srcset=\"data:image\/gif;base64,R0lGODlhAQABAIAAAP\/\/\/\/\/\/\/yH5BAEKAAEALAAAAAABAAEAAAICTAEAOw==\"><\/div>\n<p><\/a><\/div>\n<\/div>\n<\/div>\n<\/div>\n<p><noscript><img src=\"http:\/\/nuevacordoba.net\/wp-content\/uploads\/2022\/07\/al-caribe-desde-argentina-en-ultra-low-cost-3.jpg\" alt><\/noscript> <\/p>\n<p><strong>Rutas, tarifas y frecuencias<\/strong><\/p>\n<p>Buenos Aires- Medell\u00edn:<\/p>\n<ul>\n<li>Tickets por trayecto desde Buenos Aires: desde USD279 ida&nbsp;<\/li>\n<li>Frecuencias semanales: lunes, mi\u00e9rcoles, jueves, viernes y domingo (suma una quinta desde octubre)<\/li>\n<\/ul>\n<p>Buenos Aires- Bogot\u00e1:<\/p>\n<ul>\n<li>Tickets por trayecto desde Buenos Aires: desde USD249 ida&nbsp;<\/li>\n<li>Frecuencias semanales: lunes, mi\u00e9rcoles, jueves, viernes, domingo (suma una quinta desde octubre)<\/li>\n<\/ul>\n<p><strong>Medell\u00edn-Canc\u00fan:&nbsp;<\/strong><\/p>\n<ul>\n<li>Tickets por trayecto hacia Canc\u00fan: desde USD139 ida<strong>&nbsp;<\/strong><\/li>\n<li>Frecuencias semanales: lunes, martes, mi\u00e9rcoles, jueves, viernes, s\u00e1bado, domingo&nbsp;<\/li>\n<\/ul>\n<p><strong>Acerca de Viva Air<\/strong><\/p>\n<p>Opera 43 rutas dom\u00e9sticas en Colombia y Per\u00fa; y 13 rutas internacionales a Estados Unidos, M\u00e9xico, Per\u00fa, Rep\u00fablica Dominicana, Argentina y Brasil.&nbsp; En sus 10 a\u00f1os de historia ha transportado m\u00e1s de 31 millones de pasajeros y hace un a\u00f1o oficializ\u00f3 a Medell\u00edn como su HUB y Centro de Conexiones para sus operaciones nacionales e internacionales.&nbsp; <\/p>\n","protected":false},"excerpt":{"rendered":"<p>El desembargo de la aerol\u00ednea colombiana de bajo costo Viva Air, significa viajar al Caribe desde Buenos Aires a 249 d\u00f3lares por tramo y hacer conexiones a Per\u00fa, M\u00e9xico y Estados Unidos a una tarifa 40% menos que las tradicionales. (Por Patricia Veltri).- La aerol\u00ednea ultra low cost colombiana Viva Air desembarc\u00f3 en la Argentina [&hellip;]<\/p>\n","protected":false},"author":1,"featured_media":22561,"comment_status":"closed","ping_status":"closed","sticky":false,"template":"","format":"standard","meta":[],"categories":[11],"tags":[],"_links":{"self":[{"href":"http:\/\/nuevacordoba.net\/index.php\/wp-json\/wp\/v2\/posts\/22560"}],"collection":[{"href":"http:\/\/nuevacordoba.net\/index.php\/wp-json\/wp\/v2\/posts"}],"about":[{"href":"http:\/\/nuevacordoba.net\/index.php\/wp-json\/wp\/v2\/types\/post"}],"author":[{"embeddable":true,"href":"http:\/\/nuevacordoba.net\/index.php\/wp-json\/wp\/v2\/users\/1"}],"replies":[{"embeddable":true,"href":"http:\/\/nuevacordoba.net\/index.php\/wp-json\/wp\/v2\/comments?post=22560"}],"version-history":[{"count":0,"href":"http:\/\/nuevacordoba.net\/index.php\/wp-json\/wp\/v2\/posts\/22560\/revisions"}],"wp:featuredmedia":[{"embeddable":true,"href":"http:\/\/nuevacordoba.net\/index.php\/wp-json\/wp\/v2\/media\/22561"}],"wp:attachment":[{"href":"http:\/\/nuevacordoba.net\/index.php\/wp-json\/wp\/v2\/media?parent=22560"}],"wp:term":[{"taxonomy":"category","embeddable":true,"href":"http:\/\/nuevacordoba.net\/index.php\/wp-json\/wp\/v2\/categories?post=22560"},{"taxonomy":"post_tag","embeddable":true,"href":"http:\/\/nuevacordoba.net\/index.php\/wp-json\/wp\/v2\/tags?post=22560"}],"curies":[{"name":"wp","href":"https:\/\/api.w.org\/{rel}","templated":true}]}}