{"id":22562,"date":"2022-07-29T21:54:55","date_gmt":"2022-07-29T21:54:55","guid":{"rendered":"http:\/\/nuevacordoba.net\/index.php\/2022\/07\/29\/biden-se-postulara-para-la-reeleccion-en-2024\/"},"modified":"2022-07-29T21:54:55","modified_gmt":"2022-07-29T21:54:55","slug":"biden-se-postulara-para-la-reeleccion-en-2024","status":"publish","type":"post","link":"http:\/\/nuevacordoba.net\/index.php\/2022\/07\/29\/biden-se-postulara-para-la-reeleccion-en-2024\/","title":{"rendered":"Biden se postular\u00e1 para la reelecci\u00f3n en 2024"},"content":{"rendered":"<figure class=\"mb-3\"><img loading=\"lazy\" src=\"http:\/\/nuevacordoba.net\/wp-content\/uploads\/2022\/07\/biden-se-postulara-para-la-reeleccion-en-2024.jpg\" width=\"100%\" height=\"100%\" alt=\"Con apenas un 38 Biden tiene la tasa de aprobacin ms baja desde que asumi Foto AFP\"><figcaption> Con apenas un 38%, Biden tiene la tasa de aprobaci\u00f3n m\u00e1s baja desde que asumi\u00f3 \/ Foto: AFP. <\/figcaption><\/figure>\n<p>El presidente de Estados Unidos, Joe Biden, muy golpeado por las \u00faltimas encuestas que marcan un r\u00e9cord de desaprobaci\u00f3n ciudadana desde que asumi\u00f3, intentar\u00e1 buscar su reelecci\u00f3n en los comicios de 2024, cuando est\u00e9 por cumplir 82 a\u00f1os, confirm\u00f3 la secretaria de prensa de la Casa Blanca, Karine Jean-Pierre.<\/p>\n<p>\u00ab<strong>El presidente tiene la intenci\u00f3n de postularse en 2024. <\/strong>Estamos muy lejos de eso. No puedo entrar en detalles de ninguna encuesta electoral pol\u00edtica, porque estoy detr\u00e1s de este podio\u00bb, dijo Jean-Pierre en una sesi\u00f3n informativa al pregunt\u00e1rsele sobre las encuestas que muestran la baja popularidad entre los propios dem\u00f3cratas, que de persistir har\u00edan decaer las chances de Biden.<\/p>\n<blockquote class=\"twitter-tweet\" readability=\"4.6235294117647\">\n<p lang=\"en\" dir=\"ltr\">White House Press Secretary Karine Jean-Pierre says President Biden intends to run again in the 2024 race. <a href=\"https:\/\/t.co\/P7zou4HuCq\">pic.twitter.com\/P7zou4HuCq<\/a><\/p>\n<p>\u2014 CBS News (@CBSNews) <a href=\"https:\/\/twitter.com\/CBSNews\/status\/1552783254738145281?ref_src=twsrc%5Etfw\">July 28, 2022<\/a><\/p><\/blockquote>\n<p>El 61% de los consultados para un sondeo realizado por NewsNation-Decision Desk HQ afirm\u00f3 que prefiere que el actual presidente Biden no opte por la reelecci\u00f3n, refiri\u00f3 la agencia de noticias Sputnik.<\/p>\n<p>La desaprobaci\u00f3n de Biden ronda el 60%, entre otros motivos por la inflaci\u00f3n hist\u00f3rica que sufre Estados Unidos, que se desat\u00f3 durante la pandemia de coronavirus y recrudeci\u00f3 en los cinco meses que lleva la guerra entre Rusia y Ucrania, hasta trepar al 9,1%.<\/p>\n<p>Esto gener\u00f3 a su vez una suba tambi\u00e9n sin precedentes en las tasas de inter\u00e9s, que ascendi\u00f3 al 1,5%.<\/p>\n<p>Con apenas un 38%, <strong>Biden tiene la tasa de aprobaci\u00f3n m\u00e1s baja desde que asumi\u00f3.<\/strong><\/p>\n<p>Biden, de 79 a\u00f1os, acaba de superar airosamente un cuadro de Covid-19 y <strong>volver\u00eda a enfrentarse con el magnate republicano Donald Trump en los cruciales comicios del 5 de noviembre de 2024<\/strong>, quince d\u00edas antes de que cumpla 82.<\/p>\n<p>En las \u00faltimas elecciones generales, Biden super\u00f3 a Trump por una ventaja m\u00ednima, lo que llev\u00f3 al pol\u00edtico ultraderechista a denunciar m\u00faltiples veces, incluso en estos d\u00edas, la existencia de fraude, aunque sin aportar nunca pruebas concretas. <\/p>\n","protected":false},"excerpt":{"rendered":"<p>Con apenas un 38%, Biden tiene la tasa de aprobaci\u00f3n m\u00e1s baja desde que asumi\u00f3 \/ Foto: AFP. El presidente de Estados Unidos, Joe Biden, muy golpeado por las \u00faltimas encuestas que marcan un r\u00e9cord de desaprobaci\u00f3n ciudadana desde que asumi\u00f3, intentar\u00e1 buscar su reelecci\u00f3n en los comicios de 2024, cuando est\u00e9 por cumplir 82 [&hellip;]<\/p>\n","protected":false},"author":1,"featured_media":22563,"comment_status":"closed","ping_status":"closed","sticky":false,"template":"","format":"standard","meta":[],"categories":[13],"tags":[],"_links":{"self":[{"href":"http:\/\/nuevacordoba.net\/index.php\/wp-json\/wp\/v2\/posts\/22562"}],"collection":[{"href":"http:\/\/nuevacordoba.net\/index.php\/wp-json\/wp\/v2\/posts"}],"about":[{"href":"http:\/\/nuevacordoba.net\/index.php\/wp-json\/wp\/v2\/types\/post"}],"author":[{"embeddable":true,"href":"http:\/\/nuevacordoba.net\/index.php\/wp-json\/wp\/v2\/users\/1"}],"replies":[{"embeddable":true,"href":"http:\/\/nuevacordoba.net\/index.php\/wp-json\/wp\/v2\/comments?post=22562"}],"version-history":[{"count":0,"href":"http:\/\/nuevacordoba.net\/index.php\/wp-json\/wp\/v2\/posts\/22562\/revisions"}],"wp:featuredmedia":[{"embeddable":true,"href":"http:\/\/nuevacordoba.net\/index.php\/wp-json\/wp\/v2\/media\/22563"}],"wp:attachment":[{"href":"http:\/\/nuevacordoba.net\/index.php\/wp-json\/wp\/v2\/media?parent=22562"}],"wp:term":[{"taxonomy":"category","embeddable":true,"href":"http:\/\/nuevacordoba.net\/index.php\/wp-json\/wp\/v2\/categories?post=22562"},{"taxonomy":"post_tag","embeddable":true,"href":"http:\/\/nuevacordoba.net\/index.php\/wp-json\/wp\/v2\/tags?post=22562"}],"curies":[{"name":"wp","href":"https:\/\/api.w.org\/{rel}","templated":true}]}}