{"id":22571,"date":"2022-07-28T13:27:59","date_gmt":"2022-07-28T13:27:59","guid":{"rendered":"http:\/\/cordobanewsnet.wordpress.com\/?p=7119"},"modified":"2022-07-28T13:27:59","modified_gmt":"2022-07-28T13:27:59","slug":"manana-complicada-en-cordoba-por-movilizaciones","status":"publish","type":"post","link":"http:\/\/nuevacordoba.net\/index.php\/2022\/07\/28\/manana-complicada-en-cordoba-por-movilizaciones\/","title":{"rendered":"Ma\u00f1ana complicada en C\u00f3rdoba por movilizaciones"},"content":{"rendered":"<div><img src=\"http:\/\/nuevacordoba.net\/wp-content\/uploads\/2022\/07\/manana-complicada-en-cordoba-por-movilizaciones.jpg\" class=\"ff-og-image-inserted\"><\/div>\n<p>Organizaciones sociales y piqueteras ligadas a Barrios de Pie y Libres del Sur&nbsp;<strong>marchan este jueves por las calles de C\u00f3rdoba<\/strong>&nbsp;desde las 10 de la ma\u00f1ana, en sinton\u00eda con&nbsp;el resto de las movilizaciones que se llevar\u00e1n a cabo&nbsp;durante el d\u00eda en distintos puntos del pa\u00eds.<\/p>\n<p>La consigna de la protesta es&nbsp;<strong>\u00abcontra el ajuste, el hambre y la pobreza\u00bb<\/strong>&nbsp;y para pedir por la expulsi\u00f3n del Fondo Monetario Internacional. Las organizaciones&nbsp;<strong>partir\u00e1n desde Col\u00f3n y Ca\u00f1ada.&nbsp;<\/strong><\/p>\n<p>En tanto, la Polic\u00eda de C\u00f3rdoba mantiene un fuerte operativo en los principales puentes de acceso al centro de la capital provincial.<\/p>\n<p>Las organizaciones plantean un&nbsp;<strong>aumento del Salario M\u00ednimo igual a la canasta b\u00e1sica,<\/strong>&nbsp;que actualmente se encuentra superando los 100 mil pesos. Tambi\u00e9n reclaman por la entrega de bolsones de alimentos y por herramientas e insumos para el plan Potenciar Trabajo.<\/p>\n<p>Desde temprano, se registraban&nbsp;<strong>cortes de media calzada<\/strong>&nbsp;el puente Centenario y complicaciones de tr\u00e1nsito en el puente Ant\u00e1rtida. En tanto, permanec\u00edan cortadas la mitad de las calles Maip\u00fa y Olmos.<\/p>\n<p>Todas las manifestaciones confluyen hacia el a<strong>cto que se realizar\u00e1 en el casco c\u00e9ntrico<\/strong>&nbsp;de la ciudad de C\u00f3rdoba en horas del mediod\u00eda.<\/p>\n<div id=\"jp-post-flair\" class=\"sharedaddy sd-like-enabled sd-sharing-enabled\">\n<div class=\"sharedaddy sd-sharing-enabled\">\n<div class=\"robots-nocontent sd-block sd-social sd-social-icon-text sd-sharing\">\n<h3 class=\"sd-title\">Share this:<\/h3>\n<\/div>\n<\/div>\n<div class=\"sharedaddy sd-block sd-like jetpack-likes-widget-wrapper jetpack-likes-widget-unloaded\" id=\"like-post-wrapper-143108178-7119-62e4daaaac0d0\" data-src=\"\/\/widgets.wp.com\/likes\/index.html?ver=20220105#blog_id=143108178&amp;post_id=7119&amp;origin=cordobanewsnet.wordpress.com&amp;obj_id=143108178-7119-62e4daaaac0d0\" data-name=\"like-post-frame-143108178-7119-62e4daaaac0d0\" data-title=\"Me gusta o Compartir\">\n<h3 class=\"sd-title\">Me gusta esto:<\/h3>\n<p><span class=\"button\"><span>Me gusta<\/span><\/span> <span class=\"loading\">Cargando&#8230;<\/span><\/p>\n<p><span class=\"sd-text-color\"><\/span><\/div>\n<p><h3 class=\"jp-relatedposts-headline\"><em>Relacionado<\/em><\/h3>\n<\/p>\n<\/div>\n","protected":false},"excerpt":{"rendered":"<p>Organizaciones sociales y piqueteras ligadas a Barrios de Pie y Libres del Sur&nbsp;marchan este jueves por las calles de C\u00f3rdoba&nbsp;desde las 10 de la ma\u00f1ana, en sinton\u00eda con&nbsp;el resto de las movilizaciones que se llevar\u00e1n a cabo&nbsp;durante el d\u00eda en distintos puntos del pa\u00eds. La consigna de la protesta es&nbsp;\u00abcontra el ajuste, el hambre y [&hellip;]<\/p>\n","protected":false},"author":1,"featured_media":22572,"comment_status":"closed","ping_status":"closed","sticky":false,"template":"","format":"standard","meta":[],"categories":[14],"tags":[],"_links":{"self":[{"href":"http:\/\/nuevacordoba.net\/index.php\/wp-json\/wp\/v2\/posts\/22571"}],"collection":[{"href":"http:\/\/nuevacordoba.net\/index.php\/wp-json\/wp\/v2\/posts"}],"about":[{"href":"http:\/\/nuevacordoba.net\/index.php\/wp-json\/wp\/v2\/types\/post"}],"author":[{"embeddable":true,"href":"http:\/\/nuevacordoba.net\/index.php\/wp-json\/wp\/v2\/users\/1"}],"replies":[{"embeddable":true,"href":"http:\/\/nuevacordoba.net\/index.php\/wp-json\/wp\/v2\/comments?post=22571"}],"version-history":[{"count":0,"href":"http:\/\/nuevacordoba.net\/index.php\/wp-json\/wp\/v2\/posts\/22571\/revisions"}],"wp:featuredmedia":[{"embeddable":true,"href":"http:\/\/nuevacordoba.net\/index.php\/wp-json\/wp\/v2\/media\/22572"}],"wp:attachment":[{"href":"http:\/\/nuevacordoba.net\/index.php\/wp-json\/wp\/v2\/media?parent=22571"}],"wp:term":[{"taxonomy":"category","embeddable":true,"href":"http:\/\/nuevacordoba.net\/index.php\/wp-json\/wp\/v2\/categories?post=22571"},{"taxonomy":"post_tag","embeddable":true,"href":"http:\/\/nuevacordoba.net\/index.php\/wp-json\/wp\/v2\/tags?post=22571"}],"curies":[{"name":"wp","href":"https:\/\/api.w.org\/{rel}","templated":true}]}}