{"id":22584,"date":"2022-07-29T19:41:42","date_gmt":"2022-07-29T19:41:42","guid":{"rendered":"https:\/\/es.digitaltrends.com\/?p=955447"},"modified":"2022-07-29T19:41:42","modified_gmt":"2022-07-29T19:41:42","slug":"star-plus-transmitira-el-popular-festival-de-vina-del-mar","status":"publish","type":"post","link":"http:\/\/nuevacordoba.net\/index.php\/2022\/07\/29\/star-plus-transmitira-el-popular-festival-de-vina-del-mar\/","title":{"rendered":"Star Plus transmitir\u00e1 el popular Festival de Vi\u00f1a del Mar"},"content":{"rendered":"<p>El Festival de Vi\u00f1a del Mar que se realiza en Chile desde el 21 de febrero de 1960 y que solo fue interrumpido por la pandemia de COVID-19 los \u00faltimos dos a\u00f1os, regresar\u00e1 ahora de la mano de la transmisi\u00f3n del servicio de <a href=\"https:\/\/es.digitaltrends.com\/entretenimiento\/dispositivos-compatibles-star-plus\/\"><strong>streaming Star Plus<\/strong><\/a>.<\/p>\n<p>La&nbsp;<a href=\"https:\/\/www.instagram.com\/starplusla\/\">plataforma<\/a> en concreto, emitir\u00e1 las <strong>versiones 2023 y 2024&nbsp;<\/strong>del certamen vi\u00f1amarino.<\/p>\n<p>\u201cEn l\u00ednea con nuestro objetivo principal de ofrecer al p\u00fablico los contenidos m\u00e1s relevantes en todas nuestras propuestas de entretenimiento, nos enorgullece anunciar que el prestigioso festival de Vi\u00f1a del Mar ser\u00e1 parte de la oferta de nuestro servicio de streaming Star+, a trav\u00e9s de la propuesta de<strong>&nbsp;Star+ Live Music que cada vez suma m\u00e1s contenidos de este tipo\u201d,<\/strong>&nbsp;coment\u00f3 Natalia Scalia, Vicepresidenta S\u00e9nior de Direct-to-Consumer, The Walt Disney Company Latin America.<\/p>\n<figure class=\"alignnone\"><img src=\"http:\/\/nuevacordoba.net\/wp-content\/uploads\/2022\/07\/star-plus-transmitira-el-popular-festival-de-vina-del-mar.gif\" data-dt-lazy-src=\"https:\/\/es.digitaltrends.com\/wp-content\/uploads\/2022\/07\/luis-miguel.jpg?fit=720%2C360&amp;p=1\" onerror=\"dti_load_error(this)\" class=\" size-large wp-image-955463 dt-lazy-load dt-lazy-pending\" alt><\/figure>\n<p>La 62\u00b0 edici\u00f3n del evento se llevar\u00e1 a cabo entre el 19 y el 24 de febrero de 2023 y los suscriptores de&nbsp;<a href=\"https:\/\/es.digitaltrends.com\/entretenimiento\/las-mejores-peliculas-en-star-plus\/\"><strong>Star Plus<\/strong><\/a> de Am\u00e9rica Latina de habla hispana podr\u00e1n disfrutar de las 6 noches por streaming en vivo desde sus dispositivos favoritos.<\/p>\n<p>El Festival de Vi\u00f1a del Mar es el evento hispanoamericano m\u00e1s popular de la m\u00fasica, y que ha tenido desde sus inicios a figuras transversales como Julio Iglesias, Luis Miguel, Juan Gabriel, Miguel Bos\u00e9, Shakira, Soda Stereo, Los Prisioneros y una interminable lista.<\/p>\n<h4 class=\"b-editors-recs-title h-editors-recs-title\"> Recomendaciones del editor\t<\/h4>\n<p> <span id=\"publisher-md\" itemprop=\"publisher\" itemscope itemtype=\"https:\/\/schema.org\/Organization\"> <span itemprop=\"url\" itemtype=\"https:\/\/schema.org\/Url\" content=\"https:\/\/es.digitaltrends.com\"> <span itemprop=\"logo\" itemscope itemtype=\"https:\/\/schema.org\/ImageObject\"> <meta itemprop=\"url\" content=\"https:\/\/cdn.dtcn.com\/dt\/dt-logo-small.png\"> <meta itemprop=\"width\" content=\"0\"> <meta itemprop=\"height\" content=\"0\"> <\/span> <meta itemprop=\"name\" content=\"Digital Trends Espa\u00f1ol\"> <\/span> <span itemprop=\"image\" itemscope itemtype=\"https:\/\/schema.org\/ImageObject\"> <meta itemprop=\"url\" content=\"https:\/\/es.digitaltrends.com\/wp-content\/uploads\/2022\/07\/luis-miguel.jpg?p=1\"> <\/span> <\/span><\/p>\n","protected":false},"excerpt":{"rendered":"<p>El Festival de Vi\u00f1a del Mar que se realiza en Chile desde el 21 de febrero de 1960 y que solo fue interrumpido por la pandemia de COVID-19 los \u00faltimos dos a\u00f1os, regresar\u00e1 ahora de la mano de la transmisi\u00f3n del servicio de streaming Star Plus. La&nbsp;plataforma en concreto, emitir\u00e1 las versiones 2023 y 2024&nbsp;del [&hellip;]<\/p>\n","protected":false},"author":1,"featured_media":22585,"comment_status":"open","ping_status":"closed","sticky":false,"template":"","format":"standard","meta":[],"categories":[7],"tags":[],"_links":{"self":[{"href":"http:\/\/nuevacordoba.net\/index.php\/wp-json\/wp\/v2\/posts\/22584"}],"collection":[{"href":"http:\/\/nuevacordoba.net\/index.php\/wp-json\/wp\/v2\/posts"}],"about":[{"href":"http:\/\/nuevacordoba.net\/index.php\/wp-json\/wp\/v2\/types\/post"}],"author":[{"embeddable":true,"href":"http:\/\/nuevacordoba.net\/index.php\/wp-json\/wp\/v2\/users\/1"}],"replies":[{"embeddable":true,"href":"http:\/\/nuevacordoba.net\/index.php\/wp-json\/wp\/v2\/comments?post=22584"}],"version-history":[{"count":0,"href":"http:\/\/nuevacordoba.net\/index.php\/wp-json\/wp\/v2\/posts\/22584\/revisions"}],"wp:featuredmedia":[{"embeddable":true,"href":"http:\/\/nuevacordoba.net\/index.php\/wp-json\/wp\/v2\/media\/22585"}],"wp:attachment":[{"href":"http:\/\/nuevacordoba.net\/index.php\/wp-json\/wp\/v2\/media?parent=22584"}],"wp:term":[{"taxonomy":"category","embeddable":true,"href":"http:\/\/nuevacordoba.net\/index.php\/wp-json\/wp\/v2\/categories?post=22584"},{"taxonomy":"post_tag","embeddable":true,"href":"http:\/\/nuevacordoba.net\/index.php\/wp-json\/wp\/v2\/tags?post=22584"}],"curies":[{"name":"wp","href":"https:\/\/api.w.org\/{rel}","templated":true}]}}