{"id":22588,"date":"2022-07-30T12:15:32","date_gmt":"2022-07-30T12:15:32","guid":{"rendered":"https:\/\/www.bbc.com\/mundo\/noticias-62239818"},"modified":"2022-07-30T12:15:32","modified_gmt":"2022-07-30T12:15:32","slug":"la-fascinante-historia-de-los-uigures-el-milenario-pueblo-duramente-reprimido-por-china","status":"publish","type":"post","link":"http:\/\/nuevacordoba.net\/index.php\/2022\/07\/30\/la-fascinante-historia-de-los-uigures-el-milenario-pueblo-duramente-reprimido-por-china\/","title":{"rendered":"La fascinante historia de los uigures, el milenario pueblo duramente reprimido por China"},"content":{"rendered":"<div dir=\"ltr\" class=\"e1j2237y6 bbc-q4ibpr ebmt73l0\">\n<div class=\"bbc-1atl7vu euvj3t14\">\n<ul role=\"list\" class=\"bbc-k0l9bd euvj3t12\">\n<li role=\"listitem\" class=\"bbc-1a3w4ok euvj3t11\">Paula Rosas<\/li>\n<li role=\"listitem\" class=\"bbc-1p92jtu euvj3t10\">BBC News Mundo<\/li>\n<\/ul>\n<\/div>\n<\/div>\n<p><time datetime=\"2022-07-30\" class=\"bbc-1dafq0j e1mklfmt0\">6 horas<\/time><\/p>\n<div dir=\"ltr\" class=\"bbc-1ka88fa ebmt73l0\">\n<figure class=\"bbc-1qdcvv9 e1aczekt0\">\n<div dir=\"ltr\" class=\"bbc-172p16q ebmt73l0\">\n<div dir=\"ltr\" class=\"bbc-189y18v ebmt73l0\" readability=\"6.5\">\n<div data-e2e=\"image-placeholder\" class=\"bbc-997y1y eihqrxw0\" readability=\"8\"><picture class=\"bbc-yfiktt e1mo64ex1\"><source srcset=\"https:\/\/ichef.bbci.co.uk\/news\/240\/cpsprodpb\/14DA3\/production\/_126011458_d5b4a98e-b9fc-4e5b-84c7-9eb33bc9b007.jpg.webp 240w, https:\/\/ichef.bbci.co.uk\/news\/320\/cpsprodpb\/14DA3\/production\/_126011458_d5b4a98e-b9fc-4e5b-84c7-9eb33bc9b007.jpg.webp 320w, https:\/\/ichef.bbci.co.uk\/news\/480\/cpsprodpb\/14DA3\/production\/_126011458_d5b4a98e-b9fc-4e5b-84c7-9eb33bc9b007.jpg.webp 480w, https:\/\/ichef.bbci.co.uk\/news\/624\/cpsprodpb\/14DA3\/production\/_126011458_d5b4a98e-b9fc-4e5b-84c7-9eb33bc9b007.jpg.webp 624w, https:\/\/ichef.bbci.co.uk\/news\/800\/cpsprodpb\/14DA3\/production\/_126011458_d5b4a98e-b9fc-4e5b-84c7-9eb33bc9b007.jpg.webp 800w\" type=\"image\/webp\" sizes=\"(min-width: 1008px) 645px, 100vw\"><source srcset=\"https:\/\/ichef.bbci.co.uk\/news\/240\/cpsprodpb\/14DA3\/production\/_126011458_d5b4a98e-b9fc-4e5b-84c7-9eb33bc9b007.jpg 240w, https:\/\/ichef.bbci.co.uk\/news\/320\/cpsprodpb\/14DA3\/production\/_126011458_d5b4a98e-b9fc-4e5b-84c7-9eb33bc9b007.jpg 320w, https:\/\/ichef.bbci.co.uk\/news\/480\/cpsprodpb\/14DA3\/production\/_126011458_d5b4a98e-b9fc-4e5b-84c7-9eb33bc9b007.jpg 480w, https:\/\/ichef.bbci.co.uk\/news\/624\/cpsprodpb\/14DA3\/production\/_126011458_d5b4a98e-b9fc-4e5b-84c7-9eb33bc9b007.jpg 624w, https:\/\/ichef.bbci.co.uk\/news\/800\/cpsprodpb\/14DA3\/production\/_126011458_d5b4a98e-b9fc-4e5b-84c7-9eb33bc9b007.jpg 800w\" type=\"image\/jpeg\" sizes=\"(min-width: 1008px) 645px, 100vw\"><img loading=\"lazy\" src=\"http:\/\/nuevacordoba.net\/wp-content\/uploads\/2022\/07\/la-fascinante-historia-de-los-uigures-el-milenario-pueblo-duramente-reprimido-por-china.jpg\" alt=\"M\u00fasicos tocando.\" width=\"976\" height=\"549\" class=\"e3vrtyk0 bbc-rb7xa0 e1mo64ex0\"><\/picture>\n<p role=\"text\" class=\"bbc-1s1cxbv ewbcsnk0\"><span class=\"bbc-1gnhmg2 ed7bp6y0\">Fuente de la imagen, <\/span><span lang=\"en-GB\">Getty Images<\/span><\/p>\n<\/div>\n<\/div>\n<div dir=\"ltr\" class=\"bbc-3edg7g ebmt73l0\" readability=\"6\"><figcaption dir=\"ltr\" class=\"bbc-rhuvwm e6i104o0\" readability=\"2\"><span class=\"bbc-1gnhmg2 ed7bp6y0\">Pie de foto, <\/span><\/p>\n<p>M\u00fasicos tocando en lo alto de una mezquita en Xinjiang para celebrar el fin del ramad\u00e1n.<\/p>\n<\/figcaption><\/div>\n<\/div>\n<\/figure>\n<\/div>\n<div dir=\"ltr\" class=\"bbc-19j92fr ebmt73l0\" readability=\"9\">\n<p dir=\"ltr\" class=\"bbc-hhl7in e17g058b0\"><b>Hoy son un pueblo sometido que vive, posiblemente, el peor momento de su historia. <\/b><\/p>\n<\/div>\n<div dir=\"ltr\" class=\"bbc-19j92fr ebmt73l0\" readability=\"12\">\n<p dir=\"ltr\" class=\"bbc-hhl7in e17g058b0\">Pero los uigures fueron en su d\u00eda un imperio que domin\u00f3 las estepas de Mongolia, Gengis Khan adopt\u00f3 de ellos la escritura, fueron conquistados por Tamerl\u00e1n, crearon una teocracia suf\u00ed y en dos ocasiones en el siglo XX llegaron a formar una rep\u00fablica independiente.<\/p>\n<\/div>\n<div dir=\"ltr\" class=\"bbc-19j92fr ebmt73l0\" readability=\"10\">\n<p dir=\"ltr\" class=\"bbc-hhl7in e17g058b0\">Con una cultura, lengua y religi\u00f3n diferenciados, los uigures son un pueblo con una larga y<b> fascinante historia que se remonta al siglo VIII.<\/b><\/p>\n<\/div>\n<div dir=\"ltr\" class=\"bbc-19j92fr ebmt73l0\" readability=\"15\">\n<p dir=\"ltr\" class=\"bbc-hhl7in e17g058b0\">Aunque existen discrepancias sobre su origen, \u00ablas primeras pruebas que tenemos de ellos datan de esta \u00e9poca, cuando viven en el <b>territorio de la actual Mongolia<\/b> y forman lo que se conoce como un \u00ab<b>kanato<\/b>\u00ab, un imperio o reino que va a durar un siglo\u00bb, explica a BBC Mundo el historiador franc\u00e9s Alexandre Papas, del Centro Nacional de Investigaci\u00f3n Cient\u00edfica de Francia<\/p>\n<\/div>\n<div dir=\"ltr\" class=\"bbc-19j92fr ebmt73l0\" readability=\"16\">\n<p dir=\"ltr\" class=\"bbc-hhl7in e17g058b0\">El pueblo que hoy conocemos como mongol no exist\u00eda entonces, y los uigures, una<b> poblaci\u00f3n t\u00farquica <\/b>originaria de Asia Central, ocupaban un vasto territorio donde practicaban el <b>manique\u00edsmo<\/b>, la religi\u00f3n sincr\u00e9tica fundada por el persa Mani, que se extendi\u00f3 hasta el extremo oriente por la <b>Ruta de la Seda<\/b>. Ten\u00edan relaciones con China y llevaban una vida h\u00edbrida, n\u00f3mada y sedentaria. <\/p>\n<\/div>\n<div dir=\"ltr\" class=\"bbc-1ka88fa ebmt73l0\">\n<figure class=\"bbc-1qdcvv9 e1aczekt0\">\n<div dir=\"ltr\" class=\"bbc-172p16q ebmt73l0\">\n<div dir=\"ltr\" class=\"bbc-189y18v ebmt73l0\" readability=\"6.5\">\n<div data-e2e=\"image-placeholder\" class=\"bbc-997y1y eihqrxw0\" readability=\"8\"><noscript><picture class=\"bbc-yfiktt e1mo64ex1\"><source srcset=\"http:\/\/nuevacordoba.net\/wp-content\/uploads\/2022\/07\/la-fascinante-historia-de-los-uigures-el-milenario-pueblo-duramente-reprimido-por-china.webp 240w, http:\/\/nuevacordoba.net\/wp-content\/uploads\/2022\/07\/la-fascinante-historia-de-los-uigures-el-milenario-pueblo-duramente-reprimido-por-china-1.webp 320w, http:\/\/nuevacordoba.net\/wp-content\/uploads\/2022\/07\/la-fascinante-historia-de-los-uigures-el-milenario-pueblo-duramente-reprimido-por-china-2.webp 480w, http:\/\/nuevacordoba.net\/wp-content\/uploads\/2022\/07\/la-fascinante-historia-de-los-uigures-el-milenario-pueblo-duramente-reprimido-por-china-3.webp 624w, http:\/\/nuevacordoba.net\/wp-content\/uploads\/2022\/07\/la-fascinante-historia-de-los-uigures-el-milenario-pueblo-duramente-reprimido-por-china-4.webp 800w\" type=\"image\/webp\" sizes=\"(min-width: 1008px) 645px, 100vw\"><source srcset=\"https:\/\/ichef.bbci.co.uk\/news\/240\/cpsprodpb\/0F64\/production\/_126004930_gettyimages-1221845611.jpg 240w, https:\/\/ichef.bbci.co.uk\/news\/320\/cpsprodpb\/0F64\/production\/_126004930_gettyimages-1221845611.jpg 320w, https:\/\/ichef.bbci.co.uk\/news\/480\/cpsprodpb\/0F64\/production\/_126004930_gettyimages-1221845611.jpg 480w, https:\/\/ichef.bbci.co.uk\/news\/624\/cpsprodpb\/0F64\/production\/_126004930_gettyimages-1221845611.jpg 624w, https:\/\/ichef.bbci.co.uk\/news\/800\/cpsprodpb\/0F64\/production\/_126004930_gettyimages-1221845611.jpg 800w\" type=\"image\/jpeg\" sizes=\"(min-width: 1008px) 645px, 100vw\"><img loading=\"lazy\" src=\"http:\/\/nuevacordoba.net\/wp-content\/uploads\/2022\/07\/la-fascinante-historia-de-los-uigures-el-milenario-pueblo-duramente-reprimido-por-china-1.jpg\" alt=\"Un hombre montado a caballo sujeta un \u00e1guila en la estepa mongola.\" width=\"976\" height=\"549\" class=\"e3vrtyk0 bbc-rb7xa0 e1mo64ex0\"><\/picture><\/noscript><\/p>\n<p role=\"text\" class=\"bbc-1s1cxbv ewbcsnk0\"><span class=\"bbc-1gnhmg2 ed7bp6y0\">Fuente de la imagen, <\/span><span lang=\"en-GB\">Getty Images<\/span><\/p>\n<\/div>\n<\/div>\n<div dir=\"ltr\" class=\"bbc-3edg7g ebmt73l0\" readability=\"6\"><figcaption dir=\"ltr\" class=\"bbc-rhuvwm e6i104o0\" readability=\"2\"><span class=\"bbc-1gnhmg2 ed7bp6y0\">Pie de foto, <\/span><\/p>\n<p>Los uigures formaron un imperio o \u00abkanato\u00bb en la estepa mongola en el s. VIII.<\/p>\n<\/figcaption><\/div>\n<\/div>\n<\/figure>\n<\/div>\n<div dir=\"ltr\" class=\"bbc-19j92fr ebmt73l0\" readability=\"16\">\n<p dir=\"ltr\" class=\"bbc-hhl7in e17g058b0\">Los uigures son, de hecho, primos muy lejanos de los actuales turcos. Los que hoy habitan Turqu\u00eda tambi\u00e9n surgieron del mismo pueblo de Asia Central, pero viajaron al oeste, se asentaron en la pen\u00ednsula de Anatolia y se mezclaron con griegos, armenios y otras poblaciones. Los uigures tomaron el camino opuesto, rumbo al este.<\/p>\n<\/div>\n<div dir=\"ltr\" class=\"bbc-19j92fr ebmt73l0\" readability=\"9\">\n<p dir=\"ltr\" class=\"bbc-hhl7in e17g058b0\">Hasta el siglo IX no se asientan en la regi\u00f3n que hoy conocemos como<b> Turquest\u00e1n Oriental o Xinjiang<\/b>, apelaci\u00f3n china que literalmente significa \u00abnueva frontera\u00bb y que ellos perciben como colonial.<\/p>\n<\/div>\n<div dir=\"ltr\" class=\"bbc-19j92fr ebmt73l0\" readability=\"10\">\n<p dir=\"ltr\" class=\"bbc-hhl7in e17g058b0\">\u00abNo sabemos muy bien por qu\u00e9 emigran, aunque lo habitual es que fueran en busca de nuevos pastos o recursos o que fueran empujados por otras poblaciones\u00bb, se\u00f1ala Papas. <\/p>\n<\/div>\n<div dir=\"ltr\" class=\"e18mih2h1 bbc-9m7iam ebmt73l0\">\n<figure class=\"bbc-1qdcvv9 e1aczekt0\">\n<div dir=\"ltr\" class=\"bbc-vx18wi ebmt73l0\">\n<div dir=\"ltr\" class=\"bbc-rprdln ebmt73l0\" readability=\"6.5\">\n<div data-e2e=\"image-placeholder\" class=\"bbc-997y1y eihqrxw0\" readability=\"8\"><noscript><picture class=\"bbc-yfiktt e1mo64ex1\"><source srcset=\"http:\/\/nuevacordoba.net\/wp-content\/uploads\/2022\/07\/la-fascinante-historia-de-los-uigures-el-milenario-pueblo-duramente-reprimido-por-china-5.webp 240w, http:\/\/nuevacordoba.net\/wp-content\/uploads\/2022\/07\/la-fascinante-historia-de-los-uigures-el-milenario-pueblo-duramente-reprimido-por-china-6.webp 320w, http:\/\/nuevacordoba.net\/wp-content\/uploads\/2022\/07\/la-fascinante-historia-de-los-uigures-el-milenario-pueblo-duramente-reprimido-por-china-7.webp 480w, http:\/\/nuevacordoba.net\/wp-content\/uploads\/2022\/07\/la-fascinante-historia-de-los-uigures-el-milenario-pueblo-duramente-reprimido-por-china-8.webp 624w, http:\/\/nuevacordoba.net\/wp-content\/uploads\/2022\/07\/la-fascinante-historia-de-los-uigures-el-milenario-pueblo-duramente-reprimido-por-china-9.webp 765w\" type=\"image\/webp\" sizes=\"(min-width: 1008px) 645px, 100vw\"><source srcset=\"https:\/\/ichef.bbci.co.uk\/news\/240\/cpsprodpb\/F578\/production\/_126004826_gettyimages-1354466696.jpg 240w, https:\/\/ichef.bbci.co.uk\/news\/320\/cpsprodpb\/F578\/production\/_126004826_gettyimages-1354466696.jpg 320w, https:\/\/ichef.bbci.co.uk\/news\/480\/cpsprodpb\/F578\/production\/_126004826_gettyimages-1354466696.jpg 480w, https:\/\/ichef.bbci.co.uk\/news\/624\/cpsprodpb\/F578\/production\/_126004826_gettyimages-1354466696.jpg 624w, https:\/\/ichef.bbci.co.uk\/news\/765\/cpsprodpb\/F578\/production\/_126004826_gettyimages-1354466696.jpg 765w\" type=\"image\/jpeg\" sizes=\"(min-width: 1008px) 645px, 100vw\"><img loading=\"lazy\" src=\"http:\/\/nuevacordoba.net\/wp-content\/uploads\/2022\/07\/la-fascinante-historia-de-los-uigures-el-milenario-pueblo-duramente-reprimido-por-china-2.jpg\" alt=\"L\u00e1pida nestoriana\" width=\"765\" height=\"1024\" class=\"e3vrtyk0 bbc-rb7xa0 e1mo64ex0\"><\/picture><\/noscript><\/p>\n<p role=\"text\" class=\"bbc-1s1cxbv ewbcsnk0\"><span class=\"bbc-1gnhmg2 ed7bp6y0\">Fuente de la imagen, <\/span><span lang=\"en-GB\">Getty Images<\/span><\/p>\n<\/div>\n<\/div>\n<div dir=\"ltr\" class=\"bbc-3edg7g ebmt73l0\" readability=\"6\"><figcaption dir=\"ltr\" class=\"bbc-rhuvwm e6i104o0\" readability=\"2\"><span class=\"bbc-1gnhmg2 ed7bp6y0\">Pie de foto, <\/span><\/p>\n<p>L\u00e1pida nestoriana con inscripciones en uigur fechada en 1312.<\/p>\n<\/figcaption><\/div>\n<\/div>\n<\/figure>\n<\/div>\n<div dir=\"ltr\" class=\"bbc-19j92fr ebmt73l0\" readability=\"11\">\n<p dir=\"ltr\" class=\"bbc-hhl7in e17g058b0\">All\u00ed se hacen completamente sedentarios y cambian de religi\u00f3n. Una parte se hace budista y la otra adopta el <b>nestorianismo<\/b>, una de las ramas m\u00e1s antiguas del cristianismo, que llega a trav\u00e9s de misioneros que vienen de Asia Central.<\/p>\n<\/div>\n<div dir=\"ltr\" class=\"bbc-19j92fr ebmt73l0\" readability=\"8\">\n<p dir=\"ltr\" class=\"bbc-hhl7in e17g058b0\">Pero no va a durar mucho. El <b>islam llega con una fuerza arrolladora a mediados del siglo X <\/b>y los uigures se hacen mayoritariamente musulmanes. <\/p>\n<\/div>\n<p><h2 id=\"Gengis-Kan\" tabindex=\"-1\" class=\"bbc-1f03ibc eglt09e0\">Gengis Kan<\/h2>\n<\/p>\n<div dir=\"ltr\" class=\"bbc-19j92fr ebmt73l0\" readability=\"12\">\n<p dir=\"ltr\" class=\"bbc-hhl7in e17g058b0\">En el siglo XIII surge una figura que va aponer patas arriba toda la regi\u00f3n y cuya fuerza conquistadora llegar\u00e1 incluso hasta Europa. Es Gengis Kan, que <b>consigue unificar las tribus n\u00f3madas mongolas<\/b> y que, entre los muchos territorios conquistados, tambi\u00e9n invade el Turquest\u00e1n Oriental. <\/p>\n<\/div>\n<div dir=\"ltr\" class=\"bbc-19j92fr ebmt73l0\" readability=\"13\">\n<p dir=\"ltr\" class=\"bbc-hhl7in e17g058b0\">\u00abDentro del imperio mongol, <b>los uigures representan una suerte de \u00e9lite intelectual<\/b>. Ya no son un potencia pol\u00edtica, pero s\u00ed est\u00e1n m\u00e1s desarrollados intelectualmente. De hecho, son ellos los que les dan la escritura a los mongoles\u00bb, relata el investigador franc\u00e9s. <\/p>\n<\/div>\n<div dir=\"ltr\" class=\"e18mih2h1 bbc-9m7iam ebmt73l0\">\n<figure class=\"bbc-1qdcvv9 e1aczekt0\">\n<div dir=\"ltr\" class=\"bbc-vx18wi ebmt73l0\">\n<div dir=\"ltr\" class=\"bbc-rprdln ebmt73l0\" readability=\"6.5\">\n<div data-e2e=\"image-placeholder\" class=\"bbc-997y1y eihqrxw0\" readability=\"8\"><noscript><picture class=\"bbc-yfiktt e1mo64ex1\"><source srcset=\"http:\/\/nuevacordoba.net\/wp-content\/uploads\/2022\/07\/la-fascinante-historia-de-los-uigures-el-milenario-pueblo-duramente-reprimido-por-china-10.webp 240w, http:\/\/nuevacordoba.net\/wp-content\/uploads\/2022\/07\/la-fascinante-historia-de-los-uigures-el-milenario-pueblo-duramente-reprimido-por-china-11.webp 320w, http:\/\/nuevacordoba.net\/wp-content\/uploads\/2022\/07\/la-fascinante-historia-de-los-uigures-el-milenario-pueblo-duramente-reprimido-por-china-12.webp 480w, http:\/\/nuevacordoba.net\/wp-content\/uploads\/2022\/07\/la-fascinante-historia-de-los-uigures-el-milenario-pueblo-duramente-reprimido-por-china-13.webp 624w, http:\/\/nuevacordoba.net\/wp-content\/uploads\/2022\/07\/la-fascinante-historia-de-los-uigures-el-milenario-pueblo-duramente-reprimido-por-china-14.webp 773w\" type=\"image\/webp\" sizes=\"(min-width: 1008px) 645px, 100vw\"><source srcset=\"https:\/\/ichef.bbci.co.uk\/news\/240\/cpsprodpb\/5168\/production\/_126004802_gettyimages-1354454853.jpg 240w, https:\/\/ichef.bbci.co.uk\/news\/320\/cpsprodpb\/5168\/production\/_126004802_gettyimages-1354454853.jpg 320w, https:\/\/ichef.bbci.co.uk\/news\/480\/cpsprodpb\/5168\/production\/_126004802_gettyimages-1354454853.jpg 480w, https:\/\/ichef.bbci.co.uk\/news\/624\/cpsprodpb\/5168\/production\/_126004802_gettyimages-1354454853.jpg 624w, https:\/\/ichef.bbci.co.uk\/news\/773\/cpsprodpb\/5168\/production\/_126004802_gettyimages-1354454853.jpg 773w\" type=\"image\/jpeg\" sizes=\"(min-width: 1008px) 645px, 100vw\"><img loading=\"lazy\" src=\"http:\/\/nuevacordoba.net\/wp-content\/uploads\/2022\/07\/la-fascinante-historia-de-los-uigures-el-milenario-pueblo-duramente-reprimido-por-china-3.jpg\" alt=\"Retrato de Gengis Kan.\" width=\"773\" height=\"1024\" class=\"e3vrtyk0 bbc-rb7xa0 e1mo64ex0\"><\/picture><\/noscript><\/p>\n<p role=\"text\" class=\"bbc-1s1cxbv ewbcsnk0\"><span class=\"bbc-1gnhmg2 ed7bp6y0\">Fuente de la imagen, <\/span><span lang=\"en-GB\">Getty Images<\/span><\/p>\n<\/div>\n<\/div>\n<div dir=\"ltr\" class=\"bbc-3edg7g ebmt73l0\"><figcaption dir=\"ltr\" class=\"bbc-rhuvwm e6i104o0\"><span class=\"bbc-1gnhmg2 ed7bp6y0\">Pie de foto, <\/span><\/p>\n<p>Gengis Kan.<\/p>\n<\/figcaption><\/div>\n<\/div>\n<\/figure>\n<\/div>\n<div dir=\"ltr\" class=\"bbc-19j92fr ebmt73l0\" readability=\"10\">\n<p dir=\"ltr\" class=\"bbc-hhl7in e17g058b0\">El alfabeto mongol, que hoy se sigue utilizando en la regi\u00f3n china de Mongolia Interior, procede de la <b>escritura uigur antigua<\/b>. <\/p>\n<\/div>\n<div dir=\"ltr\" class=\"bbc-19j92fr ebmt73l0\" readability=\"14\">\n<p dir=\"ltr\" class=\"bbc-hhl7in e17g058b0\">Esta, a su vez, surgi\u00f3 del arameo, sufri\u00f3 cambios alfab\u00e9ticos del sogdiano, una lengua iran\u00ed, y fue abandonado cuando se islamizaron, pues adoptan el alfabeto \u00e1rabe.<\/p>\n<\/div>\n<div dir=\"ltr\" class=\"bbc-19j92fr ebmt73l0\" readability=\"13\">\n<p dir=\"ltr\" class=\"bbc-hhl7in e17g058b0\">Como su propia historia, <b>la evoluci\u00f3n de la escritura uigur fue turbulenta<\/b>. Este \u00e1rabe uigur se us\u00f3 hasta principios del siglo XX. Cuando la China nacionalista se hizo con la regi\u00f3n se pas\u00f3 al alfabeto cir\u00edlico, por la influencia sovi\u00e9tica, luego al latino y a finales de los a\u00f1os 70 se vuelve al \u00e1rabe.<\/p>\n<\/div>\n<div dir=\"ltr\" class=\"bbc-19j92fr ebmt73l0\" readability=\"11\">\n<p dir=\"ltr\" class=\"bbc-hhl7in e17g058b0\">Tras la muerte de Gengis Kan, el imperio se divide entre sus hijos y la regi\u00f3n donde est\u00e1n los uigures le toca al segundo de ellos, <b>Chagatai<\/b>, que forma un kanato que llevar\u00e1 su nombre. <\/p>\n<\/div>\n<div dir=\"ltr\" class=\"bbc-19j92fr ebmt73l0\" readability=\"12\">\n<p dir=\"ltr\" class=\"bbc-hhl7in e17g058b0\">\u00abLos uigures son completamente absorbidos por esa sociedad e incluso desaparece su nombre. En ese momento apenas se habla de uigures, sino de poblaci\u00f3n t\u00farquica. Ya no son los primeros uigures de la edad media, ni una etnia como entonces\u00bb, explica Papas. <\/p>\n<\/div>\n<div dir=\"ltr\" class=\"bbc-19j92fr ebmt73l0\" readability=\"15\">\n<p dir=\"ltr\" class=\"bbc-hhl7in e17g058b0\">Pero<b> los reinos e imperios duran poco en esa \u00e9poca<\/b>. El kanato de Chagatai, que entonces dirigen sus descendientes, es <b>conquistado por Tamerl\u00e1n<\/b> en 1370. Este noble de origen t\u00farquico y mongol, tambi\u00e9n conocido como \u00abTimur el Cojo\u00bb, que consigui\u00f3 llegar a las puertas de Mosc\u00fa, se hace con las riendas de la regi\u00f3n en 1370. Lo perder\u00e1 m\u00e1s adelante y los Chagatai seguir\u00e1n reinando hasta finales del siglo XVII.<\/p>\n<\/div>\n<div class=\"bbc-sffzb7 e1hrqbfn0\">\n<div dir=\"ltr\" class=\"e18mih2h1 bbc-9m7iam ebmt73l0\">\n<figure class=\"bbc-1qdcvv9 e1aczekt0\">\n<div dir=\"ltr\" class=\"bbc-vx18wi ebmt73l0\">\n<div dir=\"ltr\" class=\"bbc-rprdln ebmt73l0\" readability=\"6.5\">\n<div data-e2e=\"image-placeholder\" class=\"bbc-997y1y eihqrxw0\" readability=\"8\"><noscript><picture class=\"bbc-yfiktt e1mo64ex1\"><source srcset=\"http:\/\/nuevacordoba.net\/wp-content\/uploads\/2022\/07\/la-fascinante-historia-de-los-uigures-el-milenario-pueblo-duramente-reprimido-por-china-15.webp 240w, http:\/\/nuevacordoba.net\/wp-content\/uploads\/2022\/07\/la-fascinante-historia-de-los-uigures-el-milenario-pueblo-duramente-reprimido-por-china-16.webp 320w, http:\/\/nuevacordoba.net\/wp-content\/uploads\/2022\/07\/la-fascinante-historia-de-los-uigures-el-milenario-pueblo-duramente-reprimido-por-china-17.webp 480w, http:\/\/nuevacordoba.net\/wp-content\/uploads\/2022\/07\/la-fascinante-historia-de-los-uigures-el-milenario-pueblo-duramente-reprimido-por-china-18.webp 624w, http:\/\/nuevacordoba.net\/wp-content\/uploads\/2022\/07\/la-fascinante-historia-de-los-uigures-el-milenario-pueblo-duramente-reprimido-por-china-19.webp 696w\" type=\"image\/webp\" sizes=\"(min-width: 1008px) 645px, 100vw\"><source srcset=\"https:\/\/ichef.bbci.co.uk\/news\/240\/cpsprodpb\/2A58\/production\/_126004801_gettyimages-542380775.jpg 240w, https:\/\/ichef.bbci.co.uk\/news\/320\/cpsprodpb\/2A58\/production\/_126004801_gettyimages-542380775.jpg 320w, https:\/\/ichef.bbci.co.uk\/news\/480\/cpsprodpb\/2A58\/production\/_126004801_gettyimages-542380775.jpg 480w, https:\/\/ichef.bbci.co.uk\/news\/624\/cpsprodpb\/2A58\/production\/_126004801_gettyimages-542380775.jpg 624w, https:\/\/ichef.bbci.co.uk\/news\/696\/cpsprodpb\/2A58\/production\/_126004801_gettyimages-542380775.jpg 696w\" type=\"image\/jpeg\" sizes=\"(min-width: 1008px) 645px, 100vw\"><img loading=\"lazy\" src=\"http:\/\/nuevacordoba.net\/wp-content\/uploads\/2022\/07\/la-fascinante-historia-de-los-uigures-el-milenario-pueblo-duramente-reprimido-por-china-4.jpg\" alt=\"Dibujo del conquistador Tamerl\u00e1n cazando.\" width=\"696\" height=\"1024\" class=\"e3vrtyk0 bbc-rb7xa0 e1mo64ex0\"><\/picture><\/noscript><\/p>\n<p role=\"text\" class=\"bbc-1s1cxbv ewbcsnk0\"><span class=\"bbc-1gnhmg2 ed7bp6y0\">Fuente de la imagen, <\/span><span lang=\"en-GB\">Getty Images<\/span><\/p>\n<\/div>\n<\/div>\n<div dir=\"ltr\" class=\"bbc-3edg7g ebmt73l0\"><figcaption dir=\"ltr\" class=\"bbc-rhuvwm e6i104o0\"><span class=\"bbc-1gnhmg2 ed7bp6y0\">Pie de foto, <\/span><\/p>\n<p>Tamerl\u00e1n cazando.<\/p>\n<\/figcaption><\/div>\n<\/div>\n<\/figure>\n<\/div>\n<\/div>\n<p><h2 id=\"Teocracia-suf\u00ed\" tabindex=\"-1\" class=\"bbc-1f03ibc eglt09e0\">Teocracia suf\u00ed<\/h2>\n<\/p>\n<div dir=\"ltr\" class=\"bbc-19j92fr ebmt73l0\" readability=\"12\">\n<p dir=\"ltr\" class=\"bbc-hhl7in e17g058b0\">Una nueva oleada mongola conquista entonces la regi\u00f3n. Aunque algunos eran budistas e intentaron convertir a la poblaci\u00f3n, quienes consiguen finalmente imponerse son unas dinast\u00edas religiosas musulmanas originarias de la regi\u00f3n de Kashgar, los \u00ab<b>khoyas<\/b>\u00ab, que eran suf\u00edes.<\/p>\n<\/div>\n<div dir=\"ltr\" class=\"bbc-19j92fr ebmt73l0\" readability=\"8\">\n<p dir=\"ltr\" class=\"bbc-hhl7in e17g058b0\">El <b>sufismo <\/b>hab\u00eda entrado en la regi\u00f3n donde viv\u00edan los uigures a trav\u00e9s de misioneros desde la segunda mitad del siglo XVI.<\/p>\n<\/div>\n<div dir=\"ltr\" class=\"bbc-19j92fr ebmt73l0\" readability=\"13\">\n<p dir=\"ltr\" class=\"bbc-hhl7in e17g058b0\">Esta <b>corriente m\u00edstica<\/b> que predica un islam espiritual, trae consigo toda una cultura literaria, intelectual y filos\u00f3fica que revoluciona entonces las conciencias religiosas de los uigures. Algunos de los mausoleos y mezquitas m\u00e1s hermosos del Turquest\u00e1n Oriental datan de esa fecha, y a\u00fan siguen siendo lugares de peregrinaje y reuni\u00f3n.<\/p>\n<\/div>\n<div dir=\"ltr\" class=\"bbc-19j92fr ebmt73l0\" readability=\"11\">\n<p dir=\"ltr\" class=\"bbc-hhl7in e17g058b0\">Aunque la regi\u00f3n sigue siendo una suerte de protectorado mongol, los \u00abkhoyas\u00bb son los aut\u00e9nticos gobernantes, e imponen una teocracia suf\u00ed que se mantiene hasta la llegada de los ej\u00e9rcitos chinos en 1754.<\/p>\n<\/div>\n<p><h2 id=\"Dinast\u00eda-Qing\" tabindex=\"-1\" class=\"bbc-1f03ibc eglt09e0\">Dinast\u00eda Qing<\/h2>\n<\/p>\n<div dir=\"ltr\" class=\"bbc-19j92fr ebmt73l0\" readability=\"13\">\n<p dir=\"ltr\" class=\"bbc-hhl7in e17g058b0\">Durante siglos, el imperio chino y el Turquest\u00e1n Oriental <b>hab\u00edan mantenido relaciones comerciales y diplom\u00e1ticas<\/b>, pero no es hasta la dinast\u00eda Qing, tambi\u00e9n conocida como dinast\u00eda manch\u00fa, que se produce una invasi\u00f3n.<\/p>\n<\/div>\n<div dir=\"ltr\" class=\"bbc-1ka88fa ebmt73l0\">\n<figure class=\"bbc-1qdcvv9 e1aczekt0\">\n<div dir=\"ltr\" class=\"bbc-172p16q ebmt73l0\">\n<div dir=\"ltr\" class=\"bbc-189y18v ebmt73l0\" readability=\"6.5\">\n<div data-e2e=\"image-placeholder\" class=\"bbc-997y1y eihqrxw0\" readability=\"8\"><noscript><picture class=\"bbc-yfiktt e1mo64ex1\"><source srcset=\"http:\/\/nuevacordoba.net\/wp-content\/uploads\/2022\/07\/la-fascinante-historia-de-los-uigures-el-milenario-pueblo-duramente-reprimido-por-china-20.webp 240w, http:\/\/nuevacordoba.net\/wp-content\/uploads\/2022\/07\/la-fascinante-historia-de-los-uigures-el-milenario-pueblo-duramente-reprimido-por-china-21.webp 320w, http:\/\/nuevacordoba.net\/wp-content\/uploads\/2022\/07\/la-fascinante-historia-de-los-uigures-el-milenario-pueblo-duramente-reprimido-por-china-22.webp 480w, http:\/\/nuevacordoba.net\/wp-content\/uploads\/2022\/07\/la-fascinante-historia-de-los-uigures-el-milenario-pueblo-duramente-reprimido-por-china-23.webp 624w, http:\/\/nuevacordoba.net\/wp-content\/uploads\/2022\/07\/la-fascinante-historia-de-los-uigures-el-milenario-pueblo-duramente-reprimido-por-china-24.webp 800w\" type=\"image\/webp\" sizes=\"(min-width: 1008px) 645px, 100vw\"><source srcset=\"https:\/\/ichef.bbci.co.uk\/news\/240\/cpsprodpb\/12693\/production\/_126011457_gettyimages-1182235138.jpg 240w, https:\/\/ichef.bbci.co.uk\/news\/320\/cpsprodpb\/12693\/production\/_126011457_gettyimages-1182235138.jpg 320w, https:\/\/ichef.bbci.co.uk\/news\/480\/cpsprodpb\/12693\/production\/_126011457_gettyimages-1182235138.jpg 480w, https:\/\/ichef.bbci.co.uk\/news\/624\/cpsprodpb\/12693\/production\/_126011457_gettyimages-1182235138.jpg 624w, https:\/\/ichef.bbci.co.uk\/news\/800\/cpsprodpb\/12693\/production\/_126011457_gettyimages-1182235138.jpg 800w\" type=\"image\/jpeg\" sizes=\"(min-width: 1008px) 645px, 100vw\"><img loading=\"lazy\" src=\"http:\/\/nuevacordoba.net\/wp-content\/uploads\/2022\/07\/la-fascinante-historia-de-los-uigures-el-milenario-pueblo-duramente-reprimido-por-china-5.jpg\" alt=\"El minarete y mezquita de Emin.\" width=\"2091\" height=\"1433\" class=\"e3vrtyk0 bbc-rb7xa0 e1mo64ex0\"><\/picture><\/noscript><\/p>\n<p role=\"text\" class=\"bbc-1s1cxbv ewbcsnk0\"><span class=\"bbc-1gnhmg2 ed7bp6y0\">Fuente de la imagen, <\/span><span lang=\"en-GB\">Getty Images<\/span><\/p>\n<\/div>\n<\/div>\n<div dir=\"ltr\" class=\"bbc-3edg7g ebmt73l0\" readability=\"7\"><figcaption dir=\"ltr\" class=\"bbc-rhuvwm e6i104o0\" readability=\"4\"><span class=\"bbc-1gnhmg2 ed7bp6y0\">Pie de foto, <\/span><\/p>\n<p>El minarete y la mezquita de Emin, en el oasis de Turf\u00e1n, ubicado en la Ruta de la Seda.<\/p>\n<\/figcaption><\/div>\n<\/div>\n<\/figure>\n<\/div>\n<div dir=\"ltr\" class=\"bbc-19j92fr ebmt73l0\" readability=\"9\">\n<p dir=\"ltr\" class=\"bbc-hhl7in e17g058b0\">\u00abLos Qing se preocupan mucho de la inestabilidad de sus fronteras y en 5 a\u00f1os se anexionan el territorio del Turquest\u00e1n Oriental y casi exterminan a los mongoles\u00bb, relata Papas.<\/p>\n<\/div>\n<div dir=\"ltr\" class=\"bbc-19j92fr ebmt73l0\" readability=\"13\">\n<p dir=\"ltr\" class=\"bbc-hhl7in e17g058b0\">Sin embargo, aunque ganan militarmente, <b>la poblaci\u00f3n no los apoya.<\/b> Crean una especie de protectorado y constantemente hay sublevaciones. Los descendientes de los \u00abkhoya\u00bb, que se hab\u00edan replegado en Asia Central, vuelven a entrar y retoman el poder peri\u00f3dicamente. <\/p>\n<\/div>\n<div dir=\"ltr\" class=\"bbc-19j92fr ebmt73l0\" readability=\"14\">\n<p dir=\"ltr\" class=\"bbc-hhl7in e17g058b0\">Durante un siglo la regi\u00f3n va a experimentar una enorme inestabilidad hasta que <b>Yaqub Beg crea un emirato<\/b> \u00abque no permanece mucho tiempo, pero que es interesante porque es cortejado por los rusos y los brit\u00e1nicos, cuyos imperios est\u00e1n cristalizando en ese momento en la regi\u00f3n, para intentar hacer el juego contra los chinos\u00bb, explica el historiador. <\/p>\n<\/div>\n<div dir=\"ltr\" class=\"e18mih2h1 bbc-9m7iam ebmt73l0\">\n<figure class=\"bbc-1qdcvv9 e1aczekt0\">\n<div dir=\"ltr\" class=\"bbc-vx18wi ebmt73l0\">\n<div dir=\"ltr\" class=\"bbc-rprdln ebmt73l0\" readability=\"6.5\">\n<div data-e2e=\"image-placeholder\" class=\"bbc-997y1y eihqrxw0\" readability=\"8\"><noscript><picture class=\"bbc-yfiktt e1mo64ex1\"><source srcset=\"http:\/\/nuevacordoba.net\/wp-content\/uploads\/2022\/07\/la-fascinante-historia-de-los-uigures-el-milenario-pueblo-duramente-reprimido-por-china-25.webp 240w, http:\/\/nuevacordoba.net\/wp-content\/uploads\/2022\/07\/la-fascinante-historia-de-los-uigures-el-milenario-pueblo-duramente-reprimido-por-china-26.webp 320w, http:\/\/nuevacordoba.net\/wp-content\/uploads\/2022\/07\/la-fascinante-historia-de-los-uigures-el-milenario-pueblo-duramente-reprimido-por-china-27.webp 480w, http:\/\/nuevacordoba.net\/wp-content\/uploads\/2022\/07\/la-fascinante-historia-de-los-uigures-el-milenario-pueblo-duramente-reprimido-por-china-28.webp 624w, http:\/\/nuevacordoba.net\/wp-content\/uploads\/2022\/07\/la-fascinante-historia-de-los-uigures-el-milenario-pueblo-duramente-reprimido-por-china-29.webp 679w\" type=\"image\/webp\" sizes=\"(min-width: 1008px) 645px, 100vw\"><source srcset=\"https:\/\/ichef.bbci.co.uk\/news\/240\/cpsprodpb\/8048\/production\/_126004823_gettyimages-1354450480.jpg 240w, https:\/\/ichef.bbci.co.uk\/news\/320\/cpsprodpb\/8048\/production\/_126004823_gettyimages-1354450480.jpg 320w, https:\/\/ichef.bbci.co.uk\/news\/480\/cpsprodpb\/8048\/production\/_126004823_gettyimages-1354450480.jpg 480w, https:\/\/ichef.bbci.co.uk\/news\/624\/cpsprodpb\/8048\/production\/_126004823_gettyimages-1354450480.jpg 624w, https:\/\/ichef.bbci.co.uk\/news\/679\/cpsprodpb\/8048\/production\/_126004823_gettyimages-1354450480.jpg 679w\" type=\"image\/jpeg\" sizes=\"(min-width: 1008px) 645px, 100vw\"><img loading=\"lazy\" src=\"http:\/\/nuevacordoba.net\/wp-content\/uploads\/2022\/07\/la-fascinante-historia-de-los-uigures-el-milenario-pueblo-duramente-reprimido-por-china-6.jpg\" alt=\"Retrato de Yaqub Beg.\" width=\"679\" height=\"1024\" class=\"e3vrtyk0 bbc-rb7xa0 e1mo64ex0\"><\/picture><\/noscript><\/p>\n<p role=\"text\" class=\"bbc-1s1cxbv ewbcsnk0\"><span class=\"bbc-1gnhmg2 ed7bp6y0\">Fuente de la imagen, <\/span><span lang=\"en-GB\">Getty Images<\/span><\/p>\n<\/div>\n<\/div>\n<div dir=\"ltr\" class=\"bbc-3edg7g ebmt73l0\" readability=\"6\"><figcaption dir=\"ltr\" class=\"bbc-rhuvwm e6i104o0\" readability=\"2\"><span class=\"bbc-1gnhmg2 ed7bp6y0\">Pie de foto, <\/span><\/p>\n<p>Yaqub Beg cre\u00f3 un emirato y fue cortejado por rusos y brit\u00e1nicos.<\/p>\n<\/figcaption><\/div>\n<\/div>\n<\/figure>\n<\/div>\n<p><h2 id=\"China-nacionalista\" tabindex=\"-1\" class=\"bbc-1f03ibc eglt09e0\">China nacionalista<\/h2>\n<\/p>\n<div dir=\"ltr\" class=\"bbc-19j92fr ebmt73l0\" readability=\"12\">\n<p dir=\"ltr\" class=\"bbc-hhl7in e17g058b0\">Empieza entonces la \u00e9poca de los nacionalismos. La revoluci\u00f3n de 1911 acaba con el imperio chino, pero la situaci\u00f3n apenas cambia en el Turquest\u00e1n Oriental. \u00abLos uigures pueden hablar su lengua, practicar su religi\u00f3n y <b>ni siquiera tienen obligaci\u00f3n de conocer el chino<\/b>\u00ab, explica Papas. <\/p>\n<\/div>\n<div dir=\"ltr\" class=\"bbc-19j92fr ebmt73l0\" readability=\"12\">\n<p dir=\"ltr\" class=\"bbc-hhl7in e17g058b0\">Al calor de los nacionalismos, en Xinjiang <b>muchos empiezan a tomar consciencia de su identidad como pueblo<\/b>. La regi\u00f3n hace frontera con territorios de la URSS que se convertir\u00e1n luego en rep\u00fablicas socialistas sovi\u00e9ticas de Asia Central, y esa inquietud empieza a transmitirse por el Turquest\u00e1n Oriental. <\/p>\n<\/div>\n<div dir=\"ltr\" class=\"bbc-19j92fr ebmt73l0\" readability=\"11\">\n<p dir=\"ltr\" class=\"bbc-hhl7in e17g058b0\">Para empezar, en los a\u00f1os 30 <b>se recupera el nombre \u00abuigur\u00bb<\/b>, que pr\u00e1cticamente se hab\u00eda perdido, y que se mantiene hasta hoy.<\/p>\n<\/div>\n<div dir=\"ltr\" class=\"e18mih2h1 bbc-9m7iam ebmt73l0\">\n<figure class=\"bbc-1qdcvv9 e1aczekt0\">\n<div dir=\"ltr\" class=\"bbc-vx18wi ebmt73l0\">\n<div dir=\"ltr\" class=\"bbc-rprdln ebmt73l0\" readability=\"6.5\">\n<div data-e2e=\"image-placeholder\" class=\"bbc-997y1y eihqrxw0\" readability=\"8\"><noscript><picture class=\"bbc-yfiktt e1mo64ex1\"><source srcset=\"http:\/\/nuevacordoba.net\/wp-content\/uploads\/2022\/07\/la-fascinante-historia-de-los-uigures-el-milenario-pueblo-duramente-reprimido-por-china-30.webp 240w, http:\/\/nuevacordoba.net\/wp-content\/uploads\/2022\/07\/la-fascinante-historia-de-los-uigures-el-milenario-pueblo-duramente-reprimido-por-china-31.webp 320w, http:\/\/nuevacordoba.net\/wp-content\/uploads\/2022\/07\/la-fascinante-historia-de-los-uigures-el-milenario-pueblo-duramente-reprimido-por-china-32.webp 480w, http:\/\/nuevacordoba.net\/wp-content\/uploads\/2022\/07\/la-fascinante-historia-de-los-uigures-el-milenario-pueblo-duramente-reprimido-por-china-33.webp 624w, http:\/\/nuevacordoba.net\/wp-content\/uploads\/2022\/07\/la-fascinante-historia-de-los-uigures-el-milenario-pueblo-duramente-reprimido-por-china-34.webp 672w\" type=\"image\/webp\" sizes=\"(min-width: 1008px) 645px, 100vw\"><source srcset=\"https:\/\/ichef.bbci.co.uk\/news\/240\/cpsprodpb\/672B\/production\/_126011462_52fd0aa0-becd-4e36-8b4b-58adb0e9668e.jpg 240w, https:\/\/ichef.bbci.co.uk\/news\/320\/cpsprodpb\/672B\/production\/_126011462_52fd0aa0-becd-4e36-8b4b-58adb0e9668e.jpg 320w, https:\/\/ichef.bbci.co.uk\/news\/480\/cpsprodpb\/672B\/production\/_126011462_52fd0aa0-becd-4e36-8b4b-58adb0e9668e.jpg 480w, https:\/\/ichef.bbci.co.uk\/news\/624\/cpsprodpb\/672B\/production\/_126011462_52fd0aa0-becd-4e36-8b4b-58adb0e9668e.jpg 624w, https:\/\/ichef.bbci.co.uk\/news\/672\/cpsprodpb\/672B\/production\/_126011462_52fd0aa0-becd-4e36-8b4b-58adb0e9668e.jpg 672w\" type=\"image\/jpeg\" sizes=\"(min-width: 1008px) 645px, 100vw\"><img loading=\"lazy\" src=\"http:\/\/nuevacordoba.net\/wp-content\/uploads\/2022\/07\/la-fascinante-historia-de-los-uigures-el-milenario-pueblo-duramente-reprimido-por-china-7.jpg\" alt=\"Khoya Niyaz.\" width=\"672\" height=\"1024\" class=\"e3vrtyk0 bbc-rb7xa0 e1mo64ex0\"><\/picture><\/noscript><\/p>\n<p role=\"text\" class=\"bbc-1s1cxbv ewbcsnk0\"><span class=\"bbc-1gnhmg2 ed7bp6y0\">Fuente de la imagen, <\/span><span lang=\"en-GB\">Getty Images<\/span><\/p>\n<\/div>\n<\/div>\n<div dir=\"ltr\" class=\"bbc-3edg7g ebmt73l0\" readability=\"6.5\"><figcaption dir=\"ltr\" class=\"bbc-rhuvwm e6i104o0\" readability=\"3\"><span class=\"bbc-1gnhmg2 ed7bp6y0\">Pie de foto, <\/span><\/p>\n<p>El l\u00edder independentista uigur Khoya Niyaz fue el primer y \u00fanico presidente de la Primera Rep\u00fablica del Turquest\u00e1n Oriental.<\/p>\n<\/figcaption><\/div>\n<\/div>\n<\/figure>\n<\/div>\n<div dir=\"ltr\" class=\"bbc-19j92fr ebmt73l0\" readability=\"14\">\n<p dir=\"ltr\" class=\"bbc-hhl7in e17g058b0\">Ese caldo de cultivo les lleva a crear una<b> Primera Rep\u00fablica del Turquest\u00e1n Oriental<\/b> en 1933. Solo durar\u00e1 un a\u00f1o, pero el deseo independentista ya ha prendido, y entre 1944 y 1949 el experimento se repite con una <b>Segunda Rep\u00fablica<\/b>, en la que conviven dos corrientes: una nacionalista musulmana y otra comunista, intelectuales que se hab\u00edan formado en la URSS entre los a\u00f1os 30-40. <\/p>\n<\/div>\n<div dir=\"ltr\" class=\"bbc-19j92fr ebmt73l0\" readability=\"9\">\n<p dir=\"ltr\" class=\"bbc-hhl7in e17g058b0\">El territorio funcionaba casi como un protectorado sovi\u00e9tico, que fue finalmente derrotado por el Ej\u00e9rcito de la Liberaci\u00f3n del Pueblo de Mao Tse Tung.<\/p>\n<\/div>\n<div dir=\"ltr\" class=\"bbc-19j92fr ebmt73l0\" readability=\"15\">\n<p dir=\"ltr\" class=\"bbc-hhl7in e17g058b0\">Se crea entonces la <b>Regi\u00f3n Aut\u00f3noma Uigur de Xinjiang<\/b>. Mao establece un sistema de nacionalidades o \u00abminzu\u00bb chinas, entre las que est\u00e1 la mayoritaria, la etnia \u00abhan\u00bb, que compone gran parte de la poblaci\u00f3n, y 55 minor\u00edas, entre las que est\u00e1n los tibetanos, los mongoles o los uigures. <\/p>\n<\/div>\n<div dir=\"ltr\" class=\"bbc-1ka88fa ebmt73l0\">\n<figure class=\"bbc-1qdcvv9 e1aczekt0\">\n<div dir=\"ltr\" class=\"bbc-172p16q ebmt73l0\">\n<div dir=\"ltr\" class=\"bbc-189y18v ebmt73l0\" readability=\"6.5\">\n<div data-e2e=\"image-placeholder\" class=\"bbc-997y1y eihqrxw0\" readability=\"8\"><noscript><picture class=\"bbc-yfiktt e1mo64ex1\"><source srcset=\"http:\/\/nuevacordoba.net\/wp-content\/uploads\/2022\/07\/la-fascinante-historia-de-los-uigures-el-milenario-pueblo-duramente-reprimido-por-china-35.webp 240w, http:\/\/nuevacordoba.net\/wp-content\/uploads\/2022\/07\/la-fascinante-historia-de-los-uigures-el-milenario-pueblo-duramente-reprimido-por-china-36.webp 320w, http:\/\/nuevacordoba.net\/wp-content\/uploads\/2022\/07\/la-fascinante-historia-de-los-uigures-el-milenario-pueblo-duramente-reprimido-por-china-37.webp 480w, http:\/\/nuevacordoba.net\/wp-content\/uploads\/2022\/07\/la-fascinante-historia-de-los-uigures-el-milenario-pueblo-duramente-reprimido-por-china-38.webp 624w, http:\/\/nuevacordoba.net\/wp-content\/uploads\/2022\/07\/la-fascinante-historia-de-los-uigures-el-milenario-pueblo-duramente-reprimido-por-china-39.webp 800w\" type=\"image\/webp\" sizes=\"(min-width: 1008px) 645px, 100vw\"><source srcset=\"https:\/\/ichef.bbci.co.uk\/news\/240\/cpsprodpb\/1106C\/production\/_126004796_gettyimages-831242744.jpg 240w, https:\/\/ichef.bbci.co.uk\/news\/320\/cpsprodpb\/1106C\/production\/_126004796_gettyimages-831242744.jpg 320w, https:\/\/ichef.bbci.co.uk\/news\/480\/cpsprodpb\/1106C\/production\/_126004796_gettyimages-831242744.jpg 480w, https:\/\/ichef.bbci.co.uk\/news\/624\/cpsprodpb\/1106C\/production\/_126004796_gettyimages-831242744.jpg 624w, https:\/\/ichef.bbci.co.uk\/news\/800\/cpsprodpb\/1106C\/production\/_126004796_gettyimages-831242744.jpg 800w\" type=\"image\/jpeg\" sizes=\"(min-width: 1008px) 645px, 100vw\"><img loading=\"lazy\" src=\"http:\/\/nuevacordoba.net\/wp-content\/uploads\/2022\/07\/la-fascinante-historia-de-los-uigures-el-milenario-pueblo-duramente-reprimido-por-china-8.jpg\" alt=\"Cartel con una imagen de Mao Tse Tung dando la mano a un campesino uigur.\" width=\"976\" height=\"549\" class=\"e3vrtyk0 bbc-rb7xa0 e1mo64ex0\"><\/picture><\/noscript><\/p>\n<p role=\"text\" class=\"bbc-1s1cxbv ewbcsnk0\"><span class=\"bbc-1gnhmg2 ed7bp6y0\">Fuente de la imagen, <\/span><span lang=\"en-GB\">Getty Images<\/span><\/p>\n<\/div>\n<\/div>\n<div dir=\"ltr\" class=\"bbc-3edg7g ebmt73l0\" readability=\"7.5\"><figcaption dir=\"ltr\" class=\"bbc-rhuvwm e6i104o0\" readability=\"5\"><span class=\"bbc-1gnhmg2 ed7bp6y0\">Pie de foto, <\/span><\/p>\n<p>Mao Tse Tung reconoci\u00f3 56 nacionalidades chinas, entre ella los uigures, los mongoles o los tibetanos.<\/p>\n<\/figcaption><\/div>\n<\/div>\n<\/figure>\n<\/div>\n<div dir=\"ltr\" class=\"bbc-19j92fr ebmt73l0\" readability=\"16\">\n<p dir=\"ltr\" class=\"bbc-hhl7in e17g058b0\">A pesar de su reconocimiento como minor\u00eda, Xinjiang, que significa \u00abnueva frontera\u00bb en chino, es <b>considerado como una especie de \u00abfar west\u00bb<\/b> que hay que repoblar con migraciones \u00abhan\u00bb para integrarlo. A partir de los a\u00f1os 60, el nacionalismo uigur, que hasta la fecha hab\u00eda sido tolerado, se empieza a ver en China como algo que \u00abhay que rectificar\u00bb.<\/p>\n<\/div>\n<div dir=\"ltr\" class=\"bbc-19j92fr ebmt73l0\" readability=\"12\">\n<p dir=\"ltr\" class=\"bbc-hhl7in e17g058b0\">La<b> Revoluci\u00f3n Cultural<\/b>, que comienza en 1967 y cuyos efectos duran una d\u00e9cada, es devastadora para la regi\u00f3n. Se detiene a intelectuales y l\u00edderes religiosos y se destruyen mezquitas y mausoleos. Xinjiang se convierte en un <b>gran campo de trabajos forzados<\/b> adonde llegan detenidos de toda China que el nuevo r\u00e9gimen considera reaccionarios o burgueses. <\/p>\n<\/div>\n<div dir=\"ltr\" class=\"bbc-19j92fr ebmt73l0\" readability=\"14\">\n<p dir=\"ltr\" class=\"bbc-hhl7in e17g058b0\">Con <b>Deng Xiaoping<\/b>, a principios de los a\u00f1os 80, las cosas cambian. \u00abSe produce un gran cambio en relaci\u00f3n a las minor\u00edas. Ya no se consideran s\u00edmbolos de costumbres reaccionarias y empieza una democratizaci\u00f3n con una libertad relativa de expresi\u00f3n\u00bb, explica Papas. Se produce entonces una actividad intelectual muy rica, un <b>aut\u00e9ntico florecimiento cultural <\/b>en el que se reconstruye lo que se hab\u00eda destruido.<\/p>\n<\/div>\n<div dir=\"ltr\" class=\"bbc-1ka88fa ebmt73l0\">\n<figure class=\"bbc-1qdcvv9 e1aczekt0\">\n<div dir=\"ltr\" class=\"bbc-172p16q ebmt73l0\">\n<div dir=\"ltr\" class=\"bbc-189y18v ebmt73l0\" readability=\"6.5\">\n<div data-e2e=\"image-placeholder\" class=\"bbc-997y1y eihqrxw0\" readability=\"8\"><noscript><picture class=\"bbc-yfiktt e1mo64ex1\"><source srcset=\"https:\/\/ichef.bbci.co.uk\/news\/240\/cpsprodpb\/174B3\/production\/_126011459_gettyimages-1134515739.jpg.webp 240w, https:\/\/ichef.bbci.co.uk\/news\/320\/cpsprodpb\/174B3\/production\/_126011459_gettyimages-1134515739.jpg.webp 320w, https:\/\/ichef.bbci.co.uk\/news\/480\/cpsprodpb\/174B3\/production\/_126011459_gettyimages-1134515739.jpg.webp 480w, https:\/\/ichef.bbci.co.uk\/news\/624\/cpsprodpb\/174B3\/production\/_126011459_gettyimages-1134515739.jpg.webp 624w, https:\/\/ichef.bbci.co.uk\/news\/800\/cpsprodpb\/174B3\/production\/_126011459_gettyimages-1134515739.jpg.webp 800w\" type=\"image\/webp\" sizes=\"(min-width: 1008px) 645px, 100vw\"><source srcset=\"https:\/\/ichef.bbci.co.uk\/news\/240\/cpsprodpb\/174B3\/production\/_126011459_gettyimages-1134515739.jpg 240w, https:\/\/ichef.bbci.co.uk\/news\/320\/cpsprodpb\/174B3\/production\/_126011459_gettyimages-1134515739.jpg 320w, https:\/\/ichef.bbci.co.uk\/news\/480\/cpsprodpb\/174B3\/production\/_126011459_gettyimages-1134515739.jpg 480w, https:\/\/ichef.bbci.co.uk\/news\/624\/cpsprodpb\/174B3\/production\/_126011459_gettyimages-1134515739.jpg 624w, https:\/\/ichef.bbci.co.uk\/news\/800\/cpsprodpb\/174B3\/production\/_126011459_gettyimages-1134515739.jpg 800w\" type=\"image\/jpeg\" sizes=\"(min-width: 1008px) 645px, 100vw\"><img loading=\"lazy\" src=\"https:\/\/ichef.bbci.co.uk\/news\/640\/cpsprodpb\/174B3\/production\/_126011459_gettyimages-1134515739.jpg\" alt=\"Cementerio y mausoleo en Tuyoq.\" width=\"3456\" height=\"2304\" class=\"e3vrtyk0 bbc-rb7xa0 e1mo64ex0\"><\/picture><\/noscript><\/p>\n<p role=\"text\" class=\"bbc-1s1cxbv ewbcsnk0\"><span class=\"bbc-1gnhmg2 ed7bp6y0\">Fuente de la imagen, <\/span><span lang=\"en-GB\">Getty Images<\/span><\/p>\n<\/div>\n<\/div>\n<div dir=\"ltr\" class=\"bbc-3edg7g ebmt73l0\" readability=\"6\"><figcaption dir=\"ltr\" class=\"bbc-rhuvwm e6i104o0\" readability=\"2\"><span class=\"bbc-1gnhmg2 ed7bp6y0\">Pie de foto, <\/span><\/p>\n<p>Muchas mezquitas y mausoleos fueron destruidos durante la Revoluci\u00f3n Cultural en Xinjiang.<\/p>\n<\/figcaption><\/div>\n<\/div>\n<\/figure>\n<\/div>\n<div dir=\"ltr\" class=\"bbc-19j92fr ebmt73l0\" readability=\"11\">\n<p dir=\"ltr\" class=\"bbc-hhl7in e17g058b0\">Se forma asociaciones culturales en las universidades y un <b>movimiento estudiantil que el 12 de diciembre de 1985<\/b> sale a las calles en Urumqi, la capital regional, para pedir m\u00e1s democracia y protestar por los ensayos nucleares que han tenido lugar en el Turquest\u00e1n Oriental.<\/p>\n<\/div>\n<p><h2 id=\"Tiananmen\" tabindex=\"-1\" class=\"bbc-1f03ibc eglt09e0\">Tiananmen<\/h2>\n<\/p>\n<div dir=\"ltr\" class=\"bbc-19j92fr ebmt73l0\" readability=\"9\">\n<p dir=\"ltr\" class=\"bbc-hhl7in e17g058b0\">El ambiente de tolerancia cambia en todo el pa\u00eds en 1989, a\u00f1o en el que se produce la <b>matanza de estudiantes<\/b> en la plaza de Tiananmen en Pek\u00edn.<\/p>\n<\/div>\n<div dir=\"ltr\" class=\"bbc-19j92fr ebmt73l0\" readability=\"14\">\n<p dir=\"ltr\" class=\"bbc-hhl7in e17g058b0\">Las autoridades empiezan a desconfiar de todas las reuniones, que consideran focos de separatismo uigur, y ponen en el punto de mira los <b>\u00abmeshrep\u00bb<\/b>, unas asambleas festivas de hombres j\u00f3venes, en las que se escucha m\u00fasica tradicional conocida como <b>\u00abmuqam\u00bb<\/b>, se baila y se charla. <\/p>\n<\/div>\n<div dir=\"ltr\" class=\"bbc-1ka88fa ebmt73l0\">\n<figure class=\"bbc-1qdcvv9 e1aczekt0\">\n<div dir=\"ltr\" class=\"bbc-172p16q ebmt73l0\">\n<div dir=\"ltr\" class=\"bbc-189y18v ebmt73l0\">\n<div data-e2e=\"image-placeholder\" class=\"bbc-997y1y eihqrxw0\"><noscript><picture class=\"bbc-yfiktt e1mo64ex1\"><source srcset=\"http:\/\/nuevacordoba.net\/wp-content\/uploads\/2022\/07\/la-fascinante-historia-de-los-uigures-el-milenario-pueblo-duramente-reprimido-por-china-40.webp 240w, http:\/\/nuevacordoba.net\/wp-content\/uploads\/2022\/07\/la-fascinante-historia-de-los-uigures-el-milenario-pueblo-duramente-reprimido-por-china-41.webp 320w, http:\/\/nuevacordoba.net\/wp-content\/uploads\/2022\/07\/la-fascinante-historia-de-los-uigures-el-milenario-pueblo-duramente-reprimido-por-china-42.webp 480w, http:\/\/nuevacordoba.net\/wp-content\/uploads\/2022\/07\/la-fascinante-historia-de-los-uigures-el-milenario-pueblo-duramente-reprimido-por-china-43.webp 624w, http:\/\/nuevacordoba.net\/wp-content\/uploads\/2022\/07\/la-fascinante-historia-de-los-uigures-el-milenario-pueblo-duramente-reprimido-por-china-44.webp 800w\" type=\"image\/webp\" sizes=\"(min-width: 1008px) 645px, 100vw\"><source srcset=\"https:\/\/ichef.bbci.co.uk\/news\/240\/cpsprodpb\/190B\/production\/_126011460_ea2398e380ce517525c08bf66f631bd54c115ad8.jpg 240w, https:\/\/ichef.bbci.co.uk\/news\/320\/cpsprodpb\/190B\/production\/_126011460_ea2398e380ce517525c08bf66f631bd54c115ad8.jpg 320w, https:\/\/ichef.bbci.co.uk\/news\/480\/cpsprodpb\/190B\/production\/_126011460_ea2398e380ce517525c08bf66f631bd54c115ad8.jpg 480w, https:\/\/ichef.bbci.co.uk\/news\/624\/cpsprodpb\/190B\/production\/_126011460_ea2398e380ce517525c08bf66f631bd54c115ad8.jpg 624w, https:\/\/ichef.bbci.co.uk\/news\/800\/cpsprodpb\/190B\/production\/_126011460_ea2398e380ce517525c08bf66f631bd54c115ad8.jpg 800w\" type=\"image\/jpeg\" sizes=\"(min-width: 1008px) 645px, 100vw\"><img loading=\"lazy\" src=\"http:\/\/nuevacordoba.net\/wp-content\/uploads\/2022\/07\/la-fascinante-historia-de-los-uigures-el-milenario-pueblo-duramente-reprimido-por-china-9.jpg\" alt=\"M\u00fasicos uigures.\" width=\"2048\" height=\"1365\" class=\"e3vrtyk0 bbc-rb7xa0 e1mo64ex0\"><\/picture><\/noscript><\/div>\n<\/div>\n<div dir=\"ltr\" class=\"bbc-3edg7g ebmt73l0\" readability=\"6\"><figcaption dir=\"ltr\" class=\"bbc-rhuvwm e6i104o0\" readability=\"2\"><span class=\"bbc-1gnhmg2 ed7bp6y0\">Pie de foto, <\/span><\/p>\n<p>La m\u00fasica \u00abmuqam\u00bb forma parte de la tradici\u00f3n cultural uigur.<\/p>\n<\/figcaption><\/div>\n<\/div>\n<\/figure>\n<\/div>\n<div dir=\"ltr\" class=\"bbc-19j92fr ebmt73l0\" readability=\"12\">\n<p dir=\"ltr\" class=\"bbc-hhl7in e17g058b0\">En 1997 en la ciudad de Ghujla, los \u00abmeshrep\u00bb fueron violentamente reprimidos y, ante la resistencia uigur, la represi\u00f3n fue dur\u00edsima, con un <b>centenar de muertos y miles de heridos<\/b>. <\/p>\n<\/div>\n<div dir=\"ltr\" class=\"bbc-19j92fr ebmt73l0\" readability=\"12\">\n<p dir=\"ltr\" class=\"bbc-hhl7in e17g058b0\">\u00abCuando no hay posibilidad de expresi\u00f3n pol\u00edtica, los movimientos acaban arm\u00e1ndose\u00bb, advierte Alexandre Papas. Nace entonces el llamado <b>\u00ab<\/b><b>terrorismo uigur<\/b><b>\u00ab<\/b>, con ataques puntuales como el que en<b> 1997<\/b> mata a dos personas en un autob\u00fas en Pek\u00edn.<\/p>\n<\/div>\n<div dir=\"ltr\" class=\"bbc-19j92fr ebmt73l0\" readability=\"16\">\n<p dir=\"ltr\" class=\"bbc-hhl7in e17g058b0\">La tensi\u00f3n vuelve a explotar en <b>2009<\/b>, cuando estalla <b>por primera vez un conflicto inter\u00e9tnico<\/b> en Urumqi. \u00abDesde entonces, la tensi\u00f3n no ha descendido en la regi\u00f3n, se ha producido una represi\u00f3n muy violenta del Estado chino, que ha instalado un sistema de segregaci\u00f3n por el que los uigures no pueden acceder a muchos puestos, por ejemplo\u00bb, afirma Papas. <\/p>\n<\/div>\n<div dir=\"ltr\" class=\"bbc-19j92fr ebmt73l0\" readability=\"11\">\n<p dir=\"ltr\" class=\"bbc-hhl7in e17g058b0\">Una <b>oleada de atentados en 2013 y 2014 <\/b>son reivindicados por el <b>Partido Isl\u00e1mico del <\/b><b>Turquest\u00e1n<\/b>, \u00abun movimiento peque\u00f1o pero bastante oscuro vinculado al Estado Isl\u00e1mico en Irak y Siria, adonde algunos de sus miembros fueron a formarse\u00bb. <\/p>\n<\/div>\n<div dir=\"ltr\" class=\"bbc-1ka88fa ebmt73l0\">\n<figure class=\"bbc-1qdcvv9 e1aczekt0\">\n<div dir=\"ltr\" class=\"bbc-172p16q ebmt73l0\">\n<div dir=\"ltr\" class=\"bbc-189y18v ebmt73l0\" readability=\"6.5\">\n<div data-e2e=\"image-placeholder\" class=\"bbc-997y1y eihqrxw0\" readability=\"8\"><noscript><picture class=\"bbc-yfiktt e1mo64ex1\"><source srcset=\"http:\/\/nuevacordoba.net\/wp-content\/uploads\/2022\/07\/la-fascinante-historia-de-los-uigures-el-milenario-pueblo-duramente-reprimido-por-china-45.webp 240w, http:\/\/nuevacordoba.net\/wp-content\/uploads\/2022\/07\/la-fascinante-historia-de-los-uigures-el-milenario-pueblo-duramente-reprimido-por-china-46.webp 320w, http:\/\/nuevacordoba.net\/wp-content\/uploads\/2022\/07\/la-fascinante-historia-de-los-uigures-el-milenario-pueblo-duramente-reprimido-por-china-47.webp 480w, http:\/\/nuevacordoba.net\/wp-content\/uploads\/2022\/07\/la-fascinante-historia-de-los-uigures-el-milenario-pueblo-duramente-reprimido-por-china-48.webp 624w, http:\/\/nuevacordoba.net\/wp-content\/uploads\/2022\/07\/la-fascinante-historia-de-los-uigures-el-milenario-pueblo-duramente-reprimido-por-china-49.webp 800w\" type=\"image\/webp\" sizes=\"(min-width: 1008px) 645px, 100vw\"><source srcset=\"https:\/\/ichef.bbci.co.uk\/news\/240\/cpsprodpb\/FF83\/production\/_126011456_centroreeducacion.jpg 240w, https:\/\/ichef.bbci.co.uk\/news\/320\/cpsprodpb\/FF83\/production\/_126011456_centroreeducacion.jpg 320w, https:\/\/ichef.bbci.co.uk\/news\/480\/cpsprodpb\/FF83\/production\/_126011456_centroreeducacion.jpg 480w, https:\/\/ichef.bbci.co.uk\/news\/624\/cpsprodpb\/FF83\/production\/_126011456_centroreeducacion.jpg 624w, https:\/\/ichef.bbci.co.uk\/news\/800\/cpsprodpb\/FF83\/production\/_126011456_centroreeducacion.jpg 800w\" type=\"image\/jpeg\" sizes=\"(min-width: 1008px) 645px, 100vw\"><img loading=\"lazy\" src=\"http:\/\/nuevacordoba.net\/wp-content\/uploads\/2022\/07\/la-fascinante-historia-de-los-uigures-el-milenario-pueblo-duramente-reprimido-por-china-10.jpg\" alt=\"Centro de reeducaci\u00f3n en Dabancheng.\" width=\"2400\" height=\"1600\" class=\"e3vrtyk0 bbc-rb7xa0 e1mo64ex0\"><\/picture><\/noscript><\/p>\n<p role=\"text\" class=\"bbc-1s1cxbv ewbcsnk0\"><span class=\"bbc-1gnhmg2 ed7bp6y0\">Fuente de la imagen, <\/span><span lang=\"en-GB\">Reuters<\/span><\/p>\n<\/div>\n<\/div>\n<div dir=\"ltr\" class=\"bbc-3edg7g ebmt73l0\" readability=\"6.5\"><figcaption dir=\"ltr\" class=\"bbc-rhuvwm e6i104o0\" readability=\"3\"><span class=\"bbc-1gnhmg2 ed7bp6y0\">Pie de foto, <\/span><\/p>\n<p>Un 10% de los uigures han sido internados en campos de reeducaci\u00f3n como este de Dabancheng. Foto de archivo.<\/p>\n<\/figcaption><\/div>\n<\/div>\n<\/figure>\n<\/div>\n<p><h2 id=\"Campos-de-reeducaci\u00f3n\" tabindex=\"-1\" class=\"bbc-1f03ibc eglt09e0\">Campos de reeducaci\u00f3n<\/h2>\n<\/p>\n<div dir=\"ltr\" class=\"bbc-19j92fr ebmt73l0\" readability=\"11\">\n<p dir=\"ltr\" class=\"bbc-hhl7in e17g058b0\">Pero, cuando parec\u00eda que las cosas no pod\u00edan ir a peor para los uigures, aparecen en 2017 los campos de reeducaci\u00f3n, que suponen un <b>punto de inflexi\u00f3n.<\/b><\/p>\n<\/div>\n<div dir=\"ltr\" class=\"bbc-19j92fr ebmt73l0\" readability=\"16\">\n<p dir=\"ltr\" class=\"bbc-hhl7in e17g058b0\">\u00abLos campos de trabajos forzados del pasado formaban parte de un sistema de justicia, quiz\u00e1s injusto, pero eran un castigo a una supuesta falta cometida. Los campos de reeducaci\u00f3n, sin embargo, son masivos y hay <b>todo tipo de poblaci\u00f3n<\/b>, gente que no ha hecho nada\u00bb, explica el investigador franc\u00e9s.<\/p>\n<\/div>\n<div dir=\"ltr\" class=\"bbc-19j92fr ebmt73l0\" readability=\"10\">\n<p dir=\"ltr\" class=\"bbc-hhl7in e17g058b0\">Se cree que m\u00e1s de un mill\u00f3n de personas, un 10% de toda la poblaci\u00f3n uigur, est\u00e1n encerrados en ellos. <\/p>\n<\/div>\n<div dir=\"ltr\" class=\"bbc-19j92fr ebmt73l0\" readability=\"12\">\n<p dir=\"ltr\" class=\"bbc-hhl7in e17g058b0\">\u00abLa gente desaparece de un d\u00eda para otro sin que se sepa d\u00f3nde est\u00e1n internados ni se d\u00e9 ning\u00fan tipo de informaci\u00f3n a las familias. Son <b>secuestrados por el Estado<\/b>. Y los que est\u00e1n fuera son objeto de un control permanente, el Turquest\u00e1n Oriental se ha convertido en un laboratorio para la tecnolog\u00eda de la vigilancia\u00bb, denuncia el historiador.<\/p>\n<\/div>\n<div dir=\"ltr\" class=\"bbc-1ka88fa ebmt73l0\">\n<figure class=\"bbc-1qdcvv9 e1aczekt0\">\n<div dir=\"ltr\" class=\"bbc-172p16q ebmt73l0\">\n<div dir=\"ltr\" class=\"bbc-189y18v ebmt73l0\">\n<div data-e2e=\"image-placeholder\" class=\"bbc-997y1y eihqrxw0\"><noscript><picture class=\"bbc-yfiktt e1mo64ex1\"><source srcset=\"http:\/\/nuevacordoba.net\/wp-content\/uploads\/2022\/07\/la-fascinante-historia-de-los-uigures-el-milenario-pueblo-duramente-reprimido-por-china-50.webp 240w, http:\/\/nuevacordoba.net\/wp-content\/uploads\/2022\/07\/la-fascinante-historia-de-los-uigures-el-milenario-pueblo-duramente-reprimido-por-china-51.webp 320w, http:\/\/nuevacordoba.net\/wp-content\/uploads\/2022\/07\/la-fascinante-historia-de-los-uigures-el-milenario-pueblo-duramente-reprimido-por-china-52.webp 480w, http:\/\/nuevacordoba.net\/wp-content\/uploads\/2022\/07\/la-fascinante-historia-de-los-uigures-el-milenario-pueblo-duramente-reprimido-por-china-53.webp 624w, http:\/\/nuevacordoba.net\/wp-content\/uploads\/2022\/07\/la-fascinante-historia-de-los-uigures-el-milenario-pueblo-duramente-reprimido-por-china-54.webp 800w\" type=\"image\/webp\" sizes=\"(min-width: 1008px) 645px, 100vw\"><source srcset=\"https:\/\/ichef.bbci.co.uk\/news\/240\/cpsprodpb\/D873\/production\/_126011455_reeducacion.jpg 240w, https:\/\/ichef.bbci.co.uk\/news\/320\/cpsprodpb\/D873\/production\/_126011455_reeducacion.jpg 320w, https:\/\/ichef.bbci.co.uk\/news\/480\/cpsprodpb\/D873\/production\/_126011455_reeducacion.jpg 480w, https:\/\/ichef.bbci.co.uk\/news\/624\/cpsprodpb\/D873\/production\/_126011455_reeducacion.jpg 624w, https:\/\/ichef.bbci.co.uk\/news\/800\/cpsprodpb\/D873\/production\/_126011455_reeducacion.jpg 800w\" type=\"image\/jpeg\" sizes=\"(min-width: 1008px) 645px, 100vw\"><img loading=\"lazy\" src=\"http:\/\/nuevacordoba.net\/wp-content\/uploads\/2022\/07\/la-fascinante-historia-de-los-uigures-el-milenario-pueblo-duramente-reprimido-por-china-11.jpg\" alt=\"Detenidos.\" width=\"976\" height=\"549\" class=\"e3vrtyk0 bbc-rb7xa0 e1mo64ex0\"><\/picture><\/noscript><\/div>\n<\/div>\n<div dir=\"ltr\" class=\"bbc-3edg7g ebmt73l0\" readability=\"6\"><figcaption dir=\"ltr\" class=\"bbc-rhuvwm e6i104o0\" readability=\"2\"><span class=\"bbc-1gnhmg2 ed7bp6y0\">Pie de foto, <\/span><\/p>\n<p>Los detenidos son sometidos a sesiones de adoctrinamiento en los centros de reeducaci\u00f3n.<\/p>\n<\/figcaption><\/div>\n<\/div>\n<\/figure>\n<\/div>\n<div dir=\"ltr\" class=\"bbc-19j92fr ebmt73l0\" readability=\"12\">\n<p dir=\"ltr\" class=\"bbc-hhl7in e17g058b0\">La represi\u00f3n ha generado una enorme di\u00e1spora que se encuentra desperdigada por los pa\u00edses lim\u00edtrofes, Europa y Estados Unidos y que intenta aglutinar el <b>Congreso Mundial Uigur,<\/b> que tiene su sede en Munich, Alemania. <\/p>\n<\/div>\n<div dir=\"ltr\" class=\"bbc-19j92fr ebmt73l0\" readability=\"14\">\n<p dir=\"ltr\" class=\"bbc-hhl7in e17g058b0\">Pese a su fe isl\u00e1mica y sus ra\u00edces t\u00farquicas, los uigures<b> reciben poca solidaridad<\/b> de otros pa\u00edses musulmanes o de sus vecinos de Asia Central. Los intereses geopol\u00edticos y la pujanza de China los han condenado al ostracismo. Como explica Papas, \u00abmuchos pa\u00edses musulmanes prefieren mantener intactos los v\u00ednculos con China y, adem\u00e1s, los consideran musulmanes demasiado diferentes para sentirse solidarios\u00bb.<\/p>\n<\/div>\n<div dir=\"ltr\" class=\"bbc-19j92fr ebmt73l0\" readability=\"9\">\n<p dir=\"ltr\" class=\"bbc-hhl7in e17g058b0\">Realmente, lamenta el investigador, \u00abviven el peor momento de su larga historia\u00bb.<\/p>\n<\/div>\n<div dir=\"ltr\" class=\"bbc-1ka88fa ebmt73l0\">\n<figure class=\"bbc-1qdcvv9 e1aczekt0\">\n<div dir=\"ltr\" class=\"bbc-172p16q ebmt73l0\">\n<div dir=\"ltr\" class=\"bbc-189y18v ebmt73l0\">\n<div data-e2e=\"image-placeholder\" class=\"bbc-997y1y eihqrxw0\"><noscript><picture class=\"bbc-yfiktt e1mo64ex1\"><source srcset=\"http:\/\/nuevacordoba.net\/wp-content\/uploads\/2022\/07\/la-fascinante-historia-de-los-uigures-el-milenario-pueblo-duramente-reprimido-por-china-55.webp 240w, http:\/\/nuevacordoba.net\/wp-content\/uploads\/2022\/07\/la-fascinante-historia-de-los-uigures-el-milenario-pueblo-duramente-reprimido-por-china-56.webp 320w, http:\/\/nuevacordoba.net\/wp-content\/uploads\/2022\/07\/la-fascinante-historia-de-los-uigures-el-milenario-pueblo-duramente-reprimido-por-china-57.webp 464w\" type=\"image\/webp\" sizes=\"(min-width: 1008px) 645px, 100vw\"><source srcset=\"https:\/\/ichef.bbci.co.uk\/news\/240\/cpsprodpb\/FEE7\/production\/_113055256_line976.jpg 240w, https:\/\/ichef.bbci.co.uk\/news\/320\/cpsprodpb\/FEE7\/production\/_113055256_line976.jpg 320w, https:\/\/ichef.bbci.co.uk\/news\/464\/cpsprodpb\/FEE7\/production\/_113055256_line976.jpg 464w\" type=\"image\/jpeg\" sizes=\"(min-width: 1008px) 645px, 100vw\"><img loading=\"lazy\" src=\"http:\/\/nuevacordoba.net\/wp-content\/uploads\/2022\/07\/la-fascinante-historia-de-los-uigures-el-milenario-pueblo-duramente-reprimido-por-china-12.jpg\" alt=\"L\u00ednea\" width=\"464\" height=\"2\" class=\"e3vrtyk0 bbc-rb7xa0 e1mo64ex0\"><\/picture><\/noscript><\/div>\n<\/div>\n<\/div>\n<\/figure>\n<\/div>\n<div dir=\"ltr\" class=\"bbc-19j92fr ebmt73l0\" readability=\"8\">\n<p dir=\"ltr\" class=\"bbc-hhl7in e17g058b0\"><i class=\"bbc-h1y5j7 eih42320\">Ahora puedes recibir notificaciones de BBC News Mundo. Descarga nuestra app y act\u00edvalas para no perderte nuestro mejor contenido.<\/i><\/p>\n<\/div>\n","protected":false},"excerpt":{"rendered":"<p>Paula Rosas BBC News Mundo 6 horas Fuente de la imagen, Getty Images Pie de foto, M\u00fasicos tocando en lo alto de una mezquita en Xinjiang para celebrar el fin del ramad\u00e1n. Hoy son un pueblo sometido que vive, posiblemente, el peor momento de su historia. Pero los uigures fueron en su d\u00eda un imperio [&hellip;]<\/p>\n","protected":false},"author":1,"featured_media":22589,"comment_status":"closed","ping_status":"closed","sticky":false,"template":"","format":"standard","meta":[],"categories":[13],"tags":[],"_links":{"self":[{"href":"http:\/\/nuevacordoba.net\/index.php\/wp-json\/wp\/v2\/posts\/22588"}],"collection":[{"href":"http:\/\/nuevacordoba.net\/index.php\/wp-json\/wp\/v2\/posts"}],"about":[{"href":"http:\/\/nuevacordoba.net\/index.php\/wp-json\/wp\/v2\/types\/post"}],"author":[{"embeddable":true,"href":"http:\/\/nuevacordoba.net\/index.php\/wp-json\/wp\/v2\/users\/1"}],"replies":[{"embeddable":true,"href":"http:\/\/nuevacordoba.net\/index.php\/wp-json\/wp\/v2\/comments?post=22588"}],"version-history":[{"count":0,"href":"http:\/\/nuevacordoba.net\/index.php\/wp-json\/wp\/v2\/posts\/22588\/revisions"}],"wp:featuredmedia":[{"embeddable":true,"href":"http:\/\/nuevacordoba.net\/index.php\/wp-json\/wp\/v2\/media\/22589"}],"wp:attachment":[{"href":"http:\/\/nuevacordoba.net\/index.php\/wp-json\/wp\/v2\/media?parent=22588"}],"wp:term":[{"taxonomy":"category","embeddable":true,"href":"http:\/\/nuevacordoba.net\/index.php\/wp-json\/wp\/v2\/categories?post=22588"},{"taxonomy":"post_tag","embeddable":true,"href":"http:\/\/nuevacordoba.net\/index.php\/wp-json\/wp\/v2\/tags?post=22588"}],"curies":[{"name":"wp","href":"https:\/\/api.w.org\/{rel}","templated":true}]}}