{"id":22590,"date":"2022-07-29T19:55:28","date_gmt":"2022-07-29T19:55:28","guid":{"rendered":"https:\/\/www.ole.com.ar\/autos\/reutemann-quedo-ensayo-libre_0_FSCiU7rK11.html"},"modified":"2022-07-29T19:55:28","modified_gmt":"2022-07-29T19:55:28","slug":"reutemann-pego-primero","status":"publish","type":"post","link":"http:\/\/nuevacordoba.net\/index.php\/2022\/07\/29\/reutemann-pego-primero\/","title":{"rendered":"Reutemann peg\u00f3 primero"},"content":{"rendered":"<p>El Top Race abri\u00f3 su actividad para las 100 Millas YPF en Rafaela, donde en el ensayo libre del viernes Ian Reutemann con el Camry fue el m\u00e1s r\u00e1pido. Seguido por Stefano Di Palma y Jorge Barrio.<\/p>\n<div class=\"sp__SM\">\n<div class=\"content-new \"> <span class=\"tit-mobile\">Mir\u00e1 tambi\u00e9n<\/span> <\/p>\n<div class=\"mg\">\n<div class=\"wrap-figure\"> <picture> <a href=\"https:\/\/www.ole.com.ar\/autos\/charles-leclerc-f1-gp-hungria-ferrari_0_8lnw1hxjw3.html\" target=\"_self\" rel=\"noopener\"> <img class=\"img-responsive\" alt=\"Leclerc marc\u00f3 el ritmo en los entrenamientos\" src=\"http:\/\/nuevacordoba.net\/wp-content\/uploads\/2022\/07\/reutemann-pego-primero.jpg\" loading=\"lazy\"> <\/a> <\/picture> <\/div><\/div><\/div>\n<\/div>\n<p><mark>Reutemann cerr\u00f3 una vuelta de 1m33s331 y qued\u00f3 en la primera colocaci\u00f3n. Stefano Di Palma fue segundo a una diferencia de 12 cent\u00e9simas y tercero finaliz\u00f3 Barrio a 163 mil\u00e9simas. <\/mark>Mientras que cerraron el top five Jos\u00e9 Manuel Sapag y Gast\u00f3n Rossi.<\/p>\n<div class=\"sp__SM\">\n<div class=\"content-new \"> <span class=\"tit-mobile\">Mir\u00e1 tambi\u00e9n<\/span> <\/p>\n<div class=\"mg\">\n<div class=\"wrap-figure\"> <picture> <a href=\"https:\/\/www.ole.com.ar\/autos\/checo-perez-mensaje-retiro-vettel-f1_0_f7zOEOw72x.html\" target=\"_self\" rel=\"noopener\"> <img class=\"img-responsive\" alt=\"El sentido mensaje de Checo P\u00e9rez tras el anuncio de retiro de Vettel\" src=\"http:\/\/nuevacordoba.net\/wp-content\/uploads\/2022\/07\/reutemann-pego-primero-1.jpg\" loading=\"lazy\"> <\/a> <\/picture> <\/div><\/div><\/div>\n<\/div>\n<p><mark>La acci\u00f3n para el Top Race en Rafaela continuar\u00e1 el s\u00e1bado a las 9.25<\/mark>, cuando comience el primer entrenamiento oficial.<\/p>\n<div class=\"entry-tags\">\n<h2>TEMAS QUE APARECEN EN ESTA NOTA<\/h2>\n<\/p><\/div>\n","protected":false},"excerpt":{"rendered":"<p>El Top Race abri\u00f3 su actividad para las 100 Millas YPF en Rafaela, donde en el ensayo libre del viernes Ian Reutemann con el Camry fue el m\u00e1s r\u00e1pido. Seguido por Stefano Di Palma y Jorge Barrio. Mir\u00e1 tambi\u00e9n Reutemann cerr\u00f3 una vuelta de 1m33s331 y qued\u00f3 en la primera colocaci\u00f3n. Stefano Di Palma fue [&hellip;]<\/p>\n","protected":false},"author":1,"featured_media":22591,"comment_status":"closed","ping_status":"closed","sticky":false,"template":"","format":"standard","meta":[],"categories":[10],"tags":[],"_links":{"self":[{"href":"http:\/\/nuevacordoba.net\/index.php\/wp-json\/wp\/v2\/posts\/22590"}],"collection":[{"href":"http:\/\/nuevacordoba.net\/index.php\/wp-json\/wp\/v2\/posts"}],"about":[{"href":"http:\/\/nuevacordoba.net\/index.php\/wp-json\/wp\/v2\/types\/post"}],"author":[{"embeddable":true,"href":"http:\/\/nuevacordoba.net\/index.php\/wp-json\/wp\/v2\/users\/1"}],"replies":[{"embeddable":true,"href":"http:\/\/nuevacordoba.net\/index.php\/wp-json\/wp\/v2\/comments?post=22590"}],"version-history":[{"count":0,"href":"http:\/\/nuevacordoba.net\/index.php\/wp-json\/wp\/v2\/posts\/22590\/revisions"}],"wp:featuredmedia":[{"embeddable":true,"href":"http:\/\/nuevacordoba.net\/index.php\/wp-json\/wp\/v2\/media\/22591"}],"wp:attachment":[{"href":"http:\/\/nuevacordoba.net\/index.php\/wp-json\/wp\/v2\/media?parent=22590"}],"wp:term":[{"taxonomy":"category","embeddable":true,"href":"http:\/\/nuevacordoba.net\/index.php\/wp-json\/wp\/v2\/categories?post=22590"},{"taxonomy":"post_tag","embeddable":true,"href":"http:\/\/nuevacordoba.net\/index.php\/wp-json\/wp\/v2\/tags?post=22590"}],"curies":[{"name":"wp","href":"https:\/\/api.w.org\/{rel}","templated":true}]}}