{"id":22592,"date":"2022-07-29T16:15:17","date_gmt":"2022-07-29T16:15:17","guid":{"rendered":"https:\/\/puntoapunto.com.ar\/?p=336248"},"modified":"2022-07-29T16:15:17","modified_gmt":"2022-07-29T16:15:17","slug":"massa-recibe-los-primeros-guinos-de-la-industria-pyme","status":"publish","type":"post","link":"http:\/\/nuevacordoba.net\/index.php\/2022\/07\/29\/massa-recibe-los-primeros-guinos-de-la-industria-pyme\/","title":{"rendered":"Massa recibe los primeros gui\u00f1os de la industria pyme"},"content":{"rendered":"<div class=\"g g-37\">\n<div class=\"g-single a-29\"><a class=\"gofollow\" data-track=\"MjksMzcsMSw2MA==\" href=\"https:\/\/www.harmoniechateau.com.ar\/\" target=\"_blank\" rel=\"noopener\"><img src=\"http:\/\/nuevacordoba.net\/wp-content\/uploads\/2022\/07\/massa-recibe-los-primeros-guinos-de-la-industria-pyme.gif\"><\/a><\/div>\n<\/div>\n<p>Diversos dirigentes de c\u00e1maras empresarias industriales y pymes se manifestaron este viernes a favor de la designaci\u00f3n de Sergio Massa como nuevo titular de una cartera que unificar\u00e1 los actuales ministerios de Econom\u00eda, Desarrollo Productivo y Agricultura.<\/p>\n<p>Entre las voces que respaldaron el nombramiento de Massa se encuentran los presidentes de Industriales Pymes Argentinos (IPA).<\/p>\n<p><strong>Daniel Rosato, presidente de IPA<\/strong>, consider\u00f3 que la llegada del actual presidente de la C\u00e1mara de Diputados al gabinete nacional \u201cva a ser muy importante\u201d, y destac\u00f3 el equipo de trabajo que asumir\u00e1 de su mano, el cual ser\u00e1 anunciado a partir del pr\u00f3ximo lunes.<\/p>\n<div class=\"g g-38\">\n<div class=\"g-single a-12\"><a class=\"gofollow\" data-track=\"MTIsMzgsMSw2MA==\" href=\"https:\/\/puntoapunto.com.ar\/llega-la-empresa-en-los-genes-un-producto-para-celebrar-los-25-anos-de-punto-a-punto\/\"><img src=\"http:\/\/nuevacordoba.net\/wp-content\/uploads\/2022\/07\/massa-recibe-los-primeros-guinos-de-la-industria-pyme-1.gif\"><\/a><\/div>\n<\/div>\n<p>\u201cMassa cuenta con un equipo de gente con mucho conocimiento y experiencia en las diferentes \u00e1reas, gente que realmente ha realizado muy buen trabajo\u201d, destac\u00f3 Rosato en di\u00e1logo con T\u00e9lam Radio.<\/p>\n<p>En ese sentido, el empresario mencion\u00f3 como ejemplo la tarea realizada por Guillermo Michel y Jos\u00e9 Ignacio de Mendiguren, al frente de la Aduana y del Banco de Inversi\u00f3n y Comercio Exterior (BICE), respectivamente.<\/p>\n<p>\u201cGuillermo Michel ha demostrado realmente hacer un trabajo muy serio y el vasco De Mendiguren en el \u00e1mbito de la producci\u00f3n da una cuota importante de garant\u00eda y esperanza de que el sector industrial, m\u00e1s que nada el sector pyme, va a estar muy bien contenido y escuchado\u201d, afirm\u00f3 Rosato.<\/p>\n","protected":false},"excerpt":{"rendered":"<p>Diversos dirigentes de c\u00e1maras empresarias industriales y pymes se manifestaron este viernes a favor de la designaci\u00f3n de Sergio Massa como nuevo titular de una cartera que unificar\u00e1 los actuales ministerios de Econom\u00eda, Desarrollo Productivo y Agricultura. Entre las voces que respaldaron el nombramiento de Massa se encuentran los presidentes de Industriales Pymes Argentinos (IPA). [&hellip;]<\/p>\n","protected":false},"author":1,"featured_media":22593,"comment_status":"open","ping_status":"closed","sticky":false,"template":"","format":"standard","meta":[],"categories":[12,14],"tags":[],"_links":{"self":[{"href":"http:\/\/nuevacordoba.net\/index.php\/wp-json\/wp\/v2\/posts\/22592"}],"collection":[{"href":"http:\/\/nuevacordoba.net\/index.php\/wp-json\/wp\/v2\/posts"}],"about":[{"href":"http:\/\/nuevacordoba.net\/index.php\/wp-json\/wp\/v2\/types\/post"}],"author":[{"embeddable":true,"href":"http:\/\/nuevacordoba.net\/index.php\/wp-json\/wp\/v2\/users\/1"}],"replies":[{"embeddable":true,"href":"http:\/\/nuevacordoba.net\/index.php\/wp-json\/wp\/v2\/comments?post=22592"}],"version-history":[{"count":0,"href":"http:\/\/nuevacordoba.net\/index.php\/wp-json\/wp\/v2\/posts\/22592\/revisions"}],"wp:featuredmedia":[{"embeddable":true,"href":"http:\/\/nuevacordoba.net\/index.php\/wp-json\/wp\/v2\/media\/22593"}],"wp:attachment":[{"href":"http:\/\/nuevacordoba.net\/index.php\/wp-json\/wp\/v2\/media?parent=22592"}],"wp:term":[{"taxonomy":"category","embeddable":true,"href":"http:\/\/nuevacordoba.net\/index.php\/wp-json\/wp\/v2\/categories?post=22592"},{"taxonomy":"post_tag","embeddable":true,"href":"http:\/\/nuevacordoba.net\/index.php\/wp-json\/wp\/v2\/tags?post=22592"}],"curies":[{"name":"wp","href":"https:\/\/api.w.org\/{rel}","templated":true}]}}