{"id":22596,"date":"2022-07-30T15:45:42","date_gmt":"2022-07-30T15:45:42","guid":{"rendered":"http:\/\/nuevacordoba.net\/index.php\/2022\/07\/30\/estrena-queer-as-folk-remake-de-la-serie-de-culto-britanica\/"},"modified":"2022-07-30T15:45:42","modified_gmt":"2022-07-30T15:45:42","slug":"estrena-queer-as-folk-remake-de-la-serie-de-culto-britanica","status":"publish","type":"post","link":"http:\/\/nuevacordoba.net\/index.php\/2022\/07\/30\/estrena-queer-as-folk-remake-de-la-serie-de-culto-britanica\/","title":{"rendered":"Estrena \u201cQueer As Folk\u201d, remake de la serie de culto brit\u00e1nica"},"content":{"rendered":"<figure class=\"mb-3\"><img loading=\"lazy\" src=\"http:\/\/nuevacordoba.net\/wp-content\/uploads\/2022\/07\/estrena-queer-as-folk-remake-de-la-serie-de-culto-britanica.jpg\" width=\"100%\" height=\"100%\" alt=\"La nueva versin de 2022 fue creada por Stephen Dunn\"><figcaption> La nueva versi\u00f3n de 2022 fue creada por Stephen Dunn. <\/figcaption><\/figure>\n<p><strong>\u201cQueer As Folk\u201d<\/strong>, remake de la serie brit\u00e1nica del mismo nombre que, en 1999, fue pionera en la pantalla chica al presentar una trama protagonizada por miembros de la comunidad gay en una \u00e9poca en la que todav\u00eda el tema era tab\u00fa, estrena este domingo a trav\u00e9s de la plataforma <strong>Starzplay<\/strong>, con un retrato emplazado en la Nueva Orleans actual.<\/p>\n<p>Centrada en<strong> la vida cotidiana de tres j\u00f3venes homosexuales de la Manchester de fines de siglo<\/strong>, la serie creada por Russell T. Davies emitida originalmente por Channel 4 caus\u00f3 no pocas controversias cuando vio la luz por primera vez.<\/p>\n<p>De los tres protagonistas, dos alcanzar\u00edan status de estrellas de la pantalla: Aidan Gillen, que encarnaba al desprejuiciado y promiscuo Stuart, encaden\u00f3 m\u00e1s adelante un trabajo reconocido atr\u00e1s de otro, entre los que destaca especialmente el de Petyr \u201cLittlefinger\u201d Baelish en \u201cGame of Thrones\u201d. Charlie Hunnam, que interpretaba al adolescente Nathan, tampoco se qued\u00f3 atr\u00e1s y muchos lo recuerdan por ser el personaje principal de \u201cSons of Anarchy\u201d.<\/p>\n<figure class=\"mb-3\"><img loading=\"lazy\" src=\"http:\/\/nuevacordoba.net\/wp-content\/uploads\/2022\/07\/estrena-queer-as-folk-remake-de-la-serie-de-culto-britanica-1.jpg\" width=\"100%\" height=\"100%\" alt=\"La serie se propone reivindicatoria del espritu de la original britnica\"><figcaption> La serie se propone reivindicatoria del esp\u00edritu de la original brit\u00e1nica. <\/figcaption><\/figure>\n<p>Una temporada de ocho episodios y dos cap\u00edtulos especiales al a\u00f1o siguiente, en 2000, fue todo su recorrido. Pero fue suficiente extensi\u00f3n para que su lenguaje sin censura ni tapujos, las escenas subidas de tono y, sobre todo, la contundencia con la que derribaba los estereotipos de d\u00e9cadas de representaci\u00f3n homof\u00f3bica marcaran un hito.<\/p>\n<p>Algo comenzaba a sacudirse en los \u00faltimos a\u00f1os de los 90, y el colectivo LGBTIQ+ comenzaba a tener minutos de pantalla ya no solo con personajes secundarios, habitualmente objetivos de burla o esc\u00e1ndalo. Justamente en 1998 estren\u00f3 la sitcom \u201cWill &amp; Grace\u201d, que aunque en otro tono tambi\u00e9n rompi\u00f3 con prejuicios e introdujo la tem\u00e1tica en el prime time televisivo.<\/p>\n<p>Tambi\u00e9n en 2000 fue cuando estren\u00f3 la primera remake de \u201cQueer As Folk\u201d, ambientada en Pittsburgh, Estados Unidos, que se mantuvo por cinco temporadas en la cadena premium Showtime pero no fue tan popular.<\/p>\n<figure class=\"mb-3\"><img loading=\"lazy\" src=\"http:\/\/nuevacordoba.net\/wp-content\/uploads\/2022\/07\/estrena-queer-as-folk-remake-de-la-serie-de-culto-britanica-2.jpg\" width=\"100%\" height=\"100%\" alt=\"La trama sigue a un grupo de amigos cuya vida cambia abruptamente luego de un tiroteo en un club nocturno de temtica queer\"><figcaption> La trama sigue a un grupo de amigos cuya vida cambia abruptamente luego de un tiroteo en un club nocturno de tem\u00e1tica queer. <\/figcaption><\/figure>\n<p>La <strong>nueva versi\u00f3n<\/strong> de 2022, creada por <strong>Stephen Dunn<\/strong> y con una temporada de<strong> ocho episodios<\/strong> (que se subir\u00e1n de a dos por domingo), se propone reivindicatoria del esp\u00edritu de la original brit\u00e1nica.<\/p>\n<p>La trama se ambienta en Nueva Orleans y sigue a un grupo de amigos cuya vida cambia abruptamente luego de un tiroteo en un club nocturno de tem\u00e1tica queer llamado Babylon (en clara referencia a la masacre en la discoteca Pulse de Orlando de 2016, en la que un hombre ingres\u00f3 con un fusil semiautom\u00e1tico y una pistola y mat\u00f3 a 49 personas e hiri\u00f3 a otras 53).<\/p>\n<p>La producci\u00f3n busc\u00f3 conformar un elenco que expresara diversidad de g\u00e9nero, sexo y raza donde \u201clos actores interpretan lo que son\u201d, se detall\u00f3 en un comunicado de prensa; una diferencia con la \u201cQueer As Folk\u201d inglesa, cuyos tres personajes principales estaban a cargo de int\u00e9rpretes heterosexuales.<\/p>\n<p>El reparto est\u00e1 liderado por Devin Way, Fin Argus, Jesse James Keitel, CG, Johnny Sibilly y Ryan O\u2019Connell, y adem\u00e1s cuenta con importantes estrellas invitadas de la talla de <strong>Kim Cattrall, Juliette Lewis y Ed Begley Jr.<\/strong> <\/p>\n","protected":false},"excerpt":{"rendered":"<p>La nueva versi\u00f3n de 2022 fue creada por Stephen Dunn. \u201cQueer As Folk\u201d, remake de la serie brit\u00e1nica del mismo nombre que, en 1999, fue pionera en la pantalla chica al presentar una trama protagonizada por miembros de la comunidad gay en una \u00e9poca en la que todav\u00eda el tema era tab\u00fa, estrena este domingo [&hellip;]<\/p>\n","protected":false},"author":1,"featured_media":22597,"comment_status":"closed","ping_status":"closed","sticky":false,"template":"","format":"standard","meta":[],"categories":[9],"tags":[],"_links":{"self":[{"href":"http:\/\/nuevacordoba.net\/index.php\/wp-json\/wp\/v2\/posts\/22596"}],"collection":[{"href":"http:\/\/nuevacordoba.net\/index.php\/wp-json\/wp\/v2\/posts"}],"about":[{"href":"http:\/\/nuevacordoba.net\/index.php\/wp-json\/wp\/v2\/types\/post"}],"author":[{"embeddable":true,"href":"http:\/\/nuevacordoba.net\/index.php\/wp-json\/wp\/v2\/users\/1"}],"replies":[{"embeddable":true,"href":"http:\/\/nuevacordoba.net\/index.php\/wp-json\/wp\/v2\/comments?post=22596"}],"version-history":[{"count":0,"href":"http:\/\/nuevacordoba.net\/index.php\/wp-json\/wp\/v2\/posts\/22596\/revisions"}],"wp:featuredmedia":[{"embeddable":true,"href":"http:\/\/nuevacordoba.net\/index.php\/wp-json\/wp\/v2\/media\/22597"}],"wp:attachment":[{"href":"http:\/\/nuevacordoba.net\/index.php\/wp-json\/wp\/v2\/media?parent=22596"}],"wp:term":[{"taxonomy":"category","embeddable":true,"href":"http:\/\/nuevacordoba.net\/index.php\/wp-json\/wp\/v2\/categories?post=22596"},{"taxonomy":"post_tag","embeddable":true,"href":"http:\/\/nuevacordoba.net\/index.php\/wp-json\/wp\/v2\/tags?post=22596"}],"curies":[{"name":"wp","href":"https:\/\/api.w.org\/{rel}","templated":true}]}}