{"id":22598,"date":"2022-07-30T20:24:59","date_gmt":"2022-07-30T20:24:59","guid":{"rendered":"http:\/\/nuevacordoba.net\/index.php\/2022\/07\/30\/manifestantes-vuelven-a-tomar-el-parlamento-de-irak-y-se-suspenden-las-sesiones\/"},"modified":"2022-07-30T20:24:59","modified_gmt":"2022-07-30T20:24:59","slug":"manifestantes-vuelven-a-tomar-el-parlamento-de-irak-y-se-suspenden-las-sesiones","status":"publish","type":"post","link":"http:\/\/nuevacordoba.net\/index.php\/2022\/07\/30\/manifestantes-vuelven-a-tomar-el-parlamento-de-irak-y-se-suspenden-las-sesiones\/","title":{"rendered":"Manifestantes vuelven a tomar el Parlamento de Irak y se suspenden las sesiones"},"content":{"rendered":"<figure class=\"mb-3\"><img loading=\"lazy\" src=\"http:\/\/nuevacordoba.net\/wp-content\/uploads\/2022\/07\/manifestantes-vuelven-a-tomar-el-parlamento-de-irak-y-se-suspenden-las-sesiones.jpg\" width=\"100%\" height=\"100%\" alt=\"Al menos 26 manifestantes resultaron heridos Foto AFP\"><figcaption> Al menos 26 manifestantes resultaron heridos \/ Foto: AFP. <\/figcaption><\/figure>\n<p>Los partidarios del l\u00edder chiita Muqtada Al Sadr asaltaron este s\u00e1bado el Parlamento iraqu\u00ed, donde pretenden quedarse hasta una nueva orden,<strong> tras entrar por segunda vez en pocos d\u00edas en la protegida zona verde de Bagdad<\/strong>, obligando a la suspensi\u00f3n de las sesiones hasta nuevo aviso y profundizando la crisis pol\u00edtica que sacude a Irak desde las elecciones de octubre.<\/p>\n<p>Los manifestantes, que rechazan la candidatura de Mohamed Chia al Sudani para el puesto de primer ministro, ondeaban banderas iraqu\u00edes e im\u00e1genes de Al Sadr dentro del edificio, mientras que<strong> miles de personas protestaban afuera<\/strong>, constat\u00f3 la agencia de noticias AFP. En el hemiciclo, se paseaban haciendo la se\u00f1al de victoria y tom\u00e1ndose selfies.<\/p>\n<p>Seg\u00fan un comunicado de la corriente sadrista, los asaltantes har\u00e1n una \u00absentada\u00bb que durar\u00e1 \u00abhasta nueva orden\u00bb.<\/p>\n<blockquote class><p>Los asaltantes har\u00e1n una \u00absentada\u00bb que durar\u00e1 \u00abhasta nueva orden\u00bb.<\/p><\/blockquote>\n<p>Tirados en la alfombra de los pasillos y apoyados en las columnas, algunos manifestantes mataban el tiempo con sus celulares, mientras que otros se abanicaban con trozos de cart\u00f3n.<\/p>\n<p>El presidente del Parlamento, Mohamed al Halbusi, pidi\u00f3 a los servicios de seguridad del hemiciclo que se abstengan de usar la violencia contra los partidarios de Al Sadr y que no lleven armas, seg\u00fan la agencia de noticias iraqu\u00ed INA.<\/p>\n<p>Adem\u00e1s, anunci\u00f3 la <strong>suspensi\u00f3n de todas las sesiones hasta nuevo aviso.<\/strong><\/p>\n<p>Al Halbusi llam\u00f3 al Gobierno a proteger las instituciones estatales y a los partidos pol\u00edticos a entablar un di\u00e1logo pac\u00edfico.<\/p>\n<p>A las llamadas a la calma de las \u00faltimas horas se sum\u00f3 la Liga \u00c1rabe, cuyo secretario general, Ahmed Aboul Gheit, pidi\u00f3 a todas las fuerzas iraqu\u00edes que desactiven la tensi\u00f3n reinante.<\/p>\n<figure class=\"mb-3\"><img loading=\"lazy\" src=\"http:\/\/nuevacordoba.net\/wp-content\/uploads\/2022\/07\/manifestantes-vuelven-a-tomar-el-parlamento-de-irak-y-se-suspenden-las-sesiones-1.jpg\" width=\"100%\" height=\"100%\" alt=\"El mircoles miles de manifestantes sadristas ocuparon brevemente el parlamento Foto AFP\"><figcaption> El mi\u00e9rcoles, miles de manifestantes sadristas ocuparon brevemente el parlamento \/ Foto: AFP. <\/figcaption><\/figure>\n<p>El vocero del secretario general, Jamal Rushdie, declar\u00f3 que su superior \u00abest\u00e1 siguiendo de cerca el curso de la crisis actual en Irak, y que une su voz con la de los sabios l\u00edderes iraqu\u00edes para que todos asuman responsabilidad, que todas las partes act\u00faen con prudencia y antepongan el inter\u00e9s de Irak por encima de todo\u00bb, inform\u00f3 la agencia oficial de noticias iraqu\u00ed INA.<\/p>\n<p>Por su parte, <strong>la misi\u00f3n de Naciones Unidas en Irak hizo un llamado a la \u00abraz\u00f3n y a la sabidur\u00eda\u00bb para \u00abprevenir m\u00e1s violencia\u00bb<\/strong> en beneficio de todos los iraqu\u00edes, seg\u00fan recogi\u00f3 la agencia de noticias Europa Press.<\/p>\n<p>Los simpatizantes de Al Sadr se congregaron en el centro de Bagdad para denunciar la candidatura al puesto de primer ministro de Al Sudani, considerado cercano al exjefe de Gobierno Nuri al-Maliki.<\/p>\n<p>Anticip\u00e1ndose a la protesta, las fuerzas del orden cerraron varias rutas importantes de la capital que conducen a la zona verde, donde se hallan las instituciones gubernamentales y embajadas y lanzaron gases lacrim\u00f3genos y agua desde camiones hidrantes, sin lograr impedir que los manifestantes accedieran a las instalaciones.<\/p>\n<blockquote class><p>Los simpatizantes de Al Sadr se congregaron en el centro de Bagdad para denunciar la candidatura al puesto de primer ministro de Al Sudani, considerado cercano al exjefe de Gobierno Nuri al-Maliki.<\/p><\/blockquote>\n<p>El mi\u00e9rcoles, miles de manifestantes sadristas asaltaron el distrito y ocuparon brevemente el Parlamento para rechazar la candidatura de Sudani, un exministro y exgobernador provincial de 52 a\u00f1os.<\/p>\n<p>Se trata del candidato del Marco de Coordinaci\u00f3n, una alianza de facciones chiitas proiran\u00edes que incluye al partido del ex primer ministro Al-Maliki y a representantes de los Hashd al-Shaabi, antiguos paramilitares integrados en las fuerzas regulares.<\/p>\n<p>En junio, 73 diputados de la corriente del l\u00edder chiita, el mayor bloque en el Parlamento de Irak entre los 329 legisladores, presentaron su dimisi\u00f3n, para presionar en la formaci\u00f3n de un gobierno, estancado desde las legislativas de 2021.<\/p>\n<p>En un comunicado publicado este s\u00e1bado, <strong>el Marco de Coordinaci\u00f3n critic\u00f3 los \u00abataques a las instituciones constitucionales\u00bb tras las incursiones en el Parlamento.<\/strong><\/p>\n<p>Asimismo, la coalici\u00f3n llam\u00f3 a \u00ablas masas populares (&#8230;) a manifestarse de manera pac\u00edfica para defender el Estado y su legitimidad\u00bb.<\/p>\n<p>\u00abSeguir con la escalada pol\u00edtica aumenta las tensiones en la calle\u00bb, lament\u00f3 el actual primer ministro Mustafa al-Kazimi, en un comunicado.<\/p>\n<p><strong>Al menos 100 manifestantes y 25 miembros de las fuerzas del orden resultaron heridos por las nuevas protestas<\/strong>, inform\u00f3 el Ministerio de Salud.<\/p>\n<p>Irak es un pa\u00eds multiconfesional en el que las mismas figuras dominan la vida p\u00fablica desde 2003, cuando cay\u00f3 el presidente Saddam Hussein.<\/p>\n<p>El estancamiento pol\u00edtico es total diez meses despu\u00e9s de las elecciones legislativas de octubre de 2021. Desde entonces, las negociaciones para formar gobierno y nombrar primer ministro siguen sin avanzar. <\/p>\n","protected":false},"excerpt":{"rendered":"<p>Al menos 26 manifestantes resultaron heridos \/ Foto: AFP. Los partidarios del l\u00edder chiita Muqtada Al Sadr asaltaron este s\u00e1bado el Parlamento iraqu\u00ed, donde pretenden quedarse hasta una nueva orden, tras entrar por segunda vez en pocos d\u00edas en la protegida zona verde de Bagdad, obligando a la suspensi\u00f3n de las sesiones hasta nuevo aviso [&hellip;]<\/p>\n","protected":false},"author":1,"featured_media":22599,"comment_status":"closed","ping_status":"closed","sticky":false,"template":"","format":"standard","meta":[],"categories":[13],"tags":[],"_links":{"self":[{"href":"http:\/\/nuevacordoba.net\/index.php\/wp-json\/wp\/v2\/posts\/22598"}],"collection":[{"href":"http:\/\/nuevacordoba.net\/index.php\/wp-json\/wp\/v2\/posts"}],"about":[{"href":"http:\/\/nuevacordoba.net\/index.php\/wp-json\/wp\/v2\/types\/post"}],"author":[{"embeddable":true,"href":"http:\/\/nuevacordoba.net\/index.php\/wp-json\/wp\/v2\/users\/1"}],"replies":[{"embeddable":true,"href":"http:\/\/nuevacordoba.net\/index.php\/wp-json\/wp\/v2\/comments?post=22598"}],"version-history":[{"count":0,"href":"http:\/\/nuevacordoba.net\/index.php\/wp-json\/wp\/v2\/posts\/22598\/revisions"}],"wp:featuredmedia":[{"embeddable":true,"href":"http:\/\/nuevacordoba.net\/index.php\/wp-json\/wp\/v2\/media\/22599"}],"wp:attachment":[{"href":"http:\/\/nuevacordoba.net\/index.php\/wp-json\/wp\/v2\/media?parent=22598"}],"wp:term":[{"taxonomy":"category","embeddable":true,"href":"http:\/\/nuevacordoba.net\/index.php\/wp-json\/wp\/v2\/categories?post=22598"},{"taxonomy":"post_tag","embeddable":true,"href":"http:\/\/nuevacordoba.net\/index.php\/wp-json\/wp\/v2\/tags?post=22598"}],"curies":[{"name":"wp","href":"https:\/\/api.w.org\/{rel}","templated":true}]}}