{"id":22611,"date":"2022-07-29T12:05:13","date_gmt":"2022-07-29T12:05:13","guid":{"rendered":"https:\/\/puntoapunto.com.ar\/?p=336243"},"modified":"2022-07-29T12:05:13","modified_gmt":"2022-07-29T12:05:13","slug":"introduccion-al-coleccionismo-el-pro-arte-invita-a-formar-parte-de-sus-cursos-online","status":"publish","type":"post","link":"http:\/\/nuevacordoba.net\/index.php\/2022\/07\/29\/introduccion-al-coleccionismo-el-pro-arte-invita-a-formar-parte-de-sus-cursos-online\/","title":{"rendered":"Introducci\u00f3n al coleccionismo: el Pro Arte invita a formar parte de sus cursos online"},"content":{"rendered":"\n<p>La&nbsp;<strong>Fundaci\u00f3n Pro Arte C\u00f3rdoba<\/strong>&nbsp;invita a participar de un nuevo curso coordinado por la Lic.&nbsp;<strong>Natalia Albanese Gisbert: Introducci\u00f3n al colecccionismo<\/strong>&nbsp;<strong>(edici\u00f3n 2022)<\/strong>.<\/p>\n<p>El mismo dar\u00e1 inicio el&nbsp;pr\u00f3ximo&nbsp;mi\u00e9rcoles&nbsp;<strong>3 de agosto&nbsp;<\/strong>y se dictar\u00e1 de forma online (por Zoom)<strong>&nbsp;todos los mi\u00e9rcoles<\/strong>&nbsp;de ese mes,&nbsp;<strong>de 19 a 20:30 hs<\/strong>.<strong>&nbsp;<\/strong><\/p>\n<p>A lo largo&nbsp;<strong>de 5 encuentros<\/strong>, esta propuesta abordar\u00e1 unas primeras aproximaciones a las nociones sobre el mercado del arte moderno y contempor\u00e1neo, haciendo foco en la pr\u00e1ctica del coleccionismo privado e institucional, en los distintos modelos de coleccionar, e incorporando conocimientos sobre tasaci\u00f3n de obras de arte. La modalidad de abordaje de los temas a tratar, se realizar\u00e1 a partir de una exposici\u00f3n dialogada con los participantes, videos, textos y entrevistados.<\/p>\n<p>Para conocer el programa completo, poder hacer<strong><a href=\"https:\/\/docs.google.com\/document\/d\/1FxDxyDqiGExXpgvy52BGEK1TlAssXqjO\/edit?utm_admin=142450\" target=\"_blank\" rel=\"noopener\"> clic aqu\u00ed<\/a><\/strong>. No se requieren conocimientos previos para participar.<\/p>\n<p><strong>Horarios:<\/strong>&nbsp;mi\u00e9rcoles 19 a 20:30 hs a partir del 3\u00b0 de agosto.<u><\/u><u><\/u><\/p>\n<p><strong>Duraci\u00f3n:<\/strong>&nbsp;5 clases (3, 10, 17, 24, 31 de agosto).<u><\/u><u><\/u><\/p>\n<p><strong>Precio curso completo:<\/strong>&nbsp;$5500<u><\/u><u><\/u><\/p>\n<p><strong>Precio por clase:<\/strong>&nbsp;$1700<\/p>\n<p><img loading=\"lazy\" class=\"alignnone wp-image-336244\" src=\"http:\/\/nuevacordoba.net\/wp-content\/uploads\/2022\/07\/introduccion-al-coleccionismo-el-pro-arte-invita-a-formar-parte-de-sus-cursos-online.png\" alt width=\"878\" height=\"720\" srcset=\"http:\/\/nuevacordoba.net\/wp-content\/uploads\/2022\/07\/introduccion-al-coleccionismo-el-pro-arte-invita-a-formar-parte-de-sus-cursos-online.png 300w, http:\/\/nuevacordoba.net\/wp-content\/uploads\/2022\/07\/introduccion-al-coleccionismo-el-pro-arte-invita-a-formar-parte-de-sus-cursos-online-1.png 768w, http:\/\/nuevacordoba.net\/wp-content\/uploads\/2022\/07\/introduccion-al-coleccionismo-el-pro-arte-invita-a-formar-parte-de-sus-cursos-online-2.png 750w, http:\/\/nuevacordoba.net\/wp-content\/uploads\/2022\/07\/introduccion-al-coleccionismo-el-pro-arte-invita-a-formar-parte-de-sus-cursos-online-3.png 1000w\" sizes=\"(max-width: 878px) 100vw, 878px\"><\/p>\n<p><strong>M\u00f3dulos<\/strong><\/p>\n<p>1.- Mercado primario, mercado secundario y subastas. Entrevista a Sebasti\u00e1n Bocazzi de Subastas Roldan.<br \/>2.- Mercado de arte internacional y local. Agentes que intervienen en el sistema.<br \/>3.- Presentaci\u00f3n del C\u00f3digo de \u00e9tica de coleccionismo a cargo de la abogada y coleccionista In\u00e9s Justo. 4.- De lo dom\u00e9stico a lo institucional. Lineamientos generales de una colecci\u00f3n. Entrevista a la curadora Mar\u00eda Elena Ortiz ( Puerto Rico) que comentar\u00e1 la experiencia del PAMM y otras instituciones de las que form\u00f3 parte.<br \/><u><\/u>5.- Aspectos generales a la hora de pensar en la cotizaci\u00f3n y conservaci\u00f3n de la pieza. Valor econ\u00f3mico y simb\u00f3lico.<\/p>\n<p><strong>Formas de pago:&nbsp;<\/strong>Transferencia bancaria o pago online v\u00eda Eventbrite.<\/p>\n<p>Para mayor informaci\u00f3n, visitar <a href=\"https:\/\/142450.clicks.tstes.net\/track\/click?u=2837850&amp;p=3134323435303a3130363a39313a303a333a30&amp;s=b434af77ce7c40f2362990baa9a8bb6e&amp;m=3538\" target=\"_blank\" rel=\"noopener\" data-saferedirecturl=\"https:\/\/www.google.com\/url?q=https:\/\/142450.clicks.tstes.net\/track\/click?u%3D2837850%26p%3D3134323435303a3130363a39313a303a333a30%26s%3Db434af77ce7c40f2362990baa9a8bb6e%26m%3D3538&amp;source=gmail&amp;ust=1659181935387000&amp;usg=AOvVaw20zDVOOS4lWb-3Awj440_i\">proartecordoba.org<\/a><\/p>\n<p>Mail:<strong>&nbsp;<\/strong><a href=\"https:\/\/puntoapunto.com.ar\/cdn-cgi\/l\/email-protection#dbafbab7b7bea9bea89baba9b4baa9afbeb8b4a9bfb4b9baf5b4a9bc\" target=\"_blank\" rel=\"noopener\"><span class=\"__cf_email__\" data-cfemail=\"aedacfc2c2cbdccbddeededcc1cfdcdacbcdc1dccac1cccf80c1dcc9\">[email&nbsp;protected]<\/span><\/a><\/p>\n<p>Tel\u00e9fono:&nbsp;<a href=\"https:\/\/142450.clicks.tstes.net\/track\/click?u=2656400&amp;p=3134323435303a3130363a39313a303a353a30&amp;s=b434af77ce7c40f2362990baa9a8bb6e&amp;m=3538\" target=\"_blank\" rel=\"noopener\" data-saferedirecturl=\"https:\/\/www.google.com\/url?q=https:\/\/142450.clicks.tstes.net\/track\/click?u%3D2656400%26p%3D3134323435303a3130363a39313a303a353a30%26s%3Db434af77ce7c40f2362990baa9a8bb6e%26m%3D3538&amp;source=gmail&amp;ust=1659181935387000&amp;usg=AOvVaw1YkdeIbQeZIsx_ACgO8p8_\">+54 9 351 652 0234<strong>&nbsp;<\/strong><\/a><\/p>\n","protected":false},"excerpt":{"rendered":"<p>La&nbsp;Fundaci\u00f3n Pro Arte C\u00f3rdoba&nbsp;invita a participar de un nuevo curso coordinado por la Lic.&nbsp;Natalia Albanese Gisbert: Introducci\u00f3n al colecccionismo&nbsp;(edici\u00f3n 2022). El mismo dar\u00e1 inicio el&nbsp;pr\u00f3ximo&nbsp;mi\u00e9rcoles&nbsp;3 de agosto&nbsp;y se dictar\u00e1 de forma online (por Zoom)&nbsp;todos los mi\u00e9rcoles&nbsp;de ese mes,&nbsp;de 19 a 20:30 hs.&nbsp; A lo largo&nbsp;de 5 encuentros, esta propuesta abordar\u00e1 unas primeras aproximaciones a las [&hellip;]<\/p>\n","protected":false},"author":1,"featured_media":22612,"comment_status":"open","ping_status":"closed","sticky":false,"template":"","format":"standard","meta":[],"categories":[14],"tags":[],"_links":{"self":[{"href":"http:\/\/nuevacordoba.net\/index.php\/wp-json\/wp\/v2\/posts\/22611"}],"collection":[{"href":"http:\/\/nuevacordoba.net\/index.php\/wp-json\/wp\/v2\/posts"}],"about":[{"href":"http:\/\/nuevacordoba.net\/index.php\/wp-json\/wp\/v2\/types\/post"}],"author":[{"embeddable":true,"href":"http:\/\/nuevacordoba.net\/index.php\/wp-json\/wp\/v2\/users\/1"}],"replies":[{"embeddable":true,"href":"http:\/\/nuevacordoba.net\/index.php\/wp-json\/wp\/v2\/comments?post=22611"}],"version-history":[{"count":0,"href":"http:\/\/nuevacordoba.net\/index.php\/wp-json\/wp\/v2\/posts\/22611\/revisions"}],"wp:featuredmedia":[{"embeddable":true,"href":"http:\/\/nuevacordoba.net\/index.php\/wp-json\/wp\/v2\/media\/22612"}],"wp:attachment":[{"href":"http:\/\/nuevacordoba.net\/index.php\/wp-json\/wp\/v2\/media?parent=22611"}],"wp:term":[{"taxonomy":"category","embeddable":true,"href":"http:\/\/nuevacordoba.net\/index.php\/wp-json\/wp\/v2\/categories?post=22611"},{"taxonomy":"post_tag","embeddable":true,"href":"http:\/\/nuevacordoba.net\/index.php\/wp-json\/wp\/v2\/tags?post=22611"}],"curies":[{"name":"wp","href":"https:\/\/api.w.org\/{rel}","templated":true}]}}