{"id":22613,"date":"2022-07-31T02:56:02","date_gmt":"2022-07-31T02:56:02","guid":{"rendered":"http:\/\/nuevacordoba.net\/index.php\/2022\/07\/31\/steven-knight-anuncio-que-pronto-comenzaran-los-rodajes-de-la-secuela-de-peaky-blinders\/"},"modified":"2022-07-31T02:56:02","modified_gmt":"2022-07-31T02:56:02","slug":"steven-knight-anuncio-que-pronto-comenzaran-los-rodajes-de-la-secuela-de-peaky-blinders","status":"publish","type":"post","link":"http:\/\/nuevacordoba.net\/index.php\/2022\/07\/31\/steven-knight-anuncio-que-pronto-comenzaran-los-rodajes-de-la-secuela-de-peaky-blinders\/","title":{"rendered":"Steven Knight anunci\u00f3 que pronto comenzar\u00e1n los rodajes de la secuela de \u00abPeaky Blinders\u00bb"},"content":{"rendered":"<figure class=\"mb-3\"><img loading=\"lazy\" src=\"http:\/\/nuevacordoba.net\/wp-content\/uploads\/2022\/07\/steven-knight-anuncio-que-pronto-comenzaran-los-rodajes-de-la-secuela-de-peaky-blinders.jpg\" width=\"100%\" height=\"100%\" alt=\"Tommy Shelby al mando de los Peaky Blinders Foto archivo\"><figcaption> Tommy Shelby al mando de los Peaky Blinders \/ Foto archivo <\/figcaption><\/figure>\n<p><strong>Steven Knight, creador de la exitosa serie de drama criminal \u00abPeaky Blinders\u00bb<\/strong>, que lanz\u00f3 su sexta y \u00faltima temporada en febrero pasado, asegur\u00f3 que ya est\u00e1 cerca de finalizar el guion de la pel\u00edcula que dar\u00e1 continuidad a la historia de los mafiosos irlandeses comandados por Tommy Shelby y que pronto comenzar\u00e1n los rodajes de la producci\u00f3n.<\/p>\n<p>Seg\u00fan inform\u00f3 el sitio especializado Indie Wire, Knight agreg\u00f3 en declaraciones a la prensa internacional que la cinta se filmar\u00e1 en Birmingham, el escenario principal de la narrativa de la tira original, y especialmente en Digbeth y Small Heath, las zonas de la ciudad en las que se mov\u00edan los verdaderos Peaky Blinders, la pandilla callejera de la historia real que estuvo en actividad a principios del siglo 20.<\/p>\n<p>En cuanto al p\u00fablico que la serie cosech\u00f3 lenta pero sostenidamente, aunque de manera concentrada en sus \u00faltimas temporadas, el realizador explic\u00f3 que una de las posibilidades que le abre la pel\u00edcula es \u00abpermitir a esos fans que llegaron tard\u00edamente que puedan ver &#8216;Peaky Blinders&#8217; juntos en un cine\u00bb.<\/p>\n<p>\u00abEstoy muy ansioso por crear un evento de esta historia que la gente pueda mirar de manera comunitaria. Las comunidades en las redes sociales son muy fuertes y las personas hablan entre s\u00ed, pero realmente estar juntos f\u00edsicamente para esto va a ser muy interesante\u00bb, a\u00f1adi\u00f3.<\/p>\n<p>Por su parte, el <strong>actor irland\u00e9s Cillian Murphy<\/strong>, que durante estos a\u00f1os ofreci\u00f3 una inconfundible interpretaci\u00f3n del papel protag\u00f3nico, dijo d\u00edas atr\u00e1s que desconoce de qu\u00e9 se tratar\u00e1 el filme, pero que est\u00e1 muy interesado en volver a encarnar al l\u00edder de los Shelby.<\/p>\n<p>\u00abEstar\u00eda feliz como cualquiera si pudiera leer el guion. Pero creo que es bueno para todos que nos demos un peque\u00f1o respiro. Eso siempre fue algo saludable y luego podemos reagruparnos. Steve es un escritor muy ocupado y demandado, pero s\u00e9 que ama escribir para &#8216;Peaky Blinders&#8217; sobre todo, lo adora. As\u00ed que cuando llegue el momento, si hay m\u00e1s historia para contar, va a estar ah\u00ed\u00bb, se\u00f1al\u00f3.<\/p>\n<p>La confirmaci\u00f3n de que la serie inglesa tendr\u00eda una secuela cinematogr\u00e1fica lleg\u00f3 de la mano de Knight a mediados del a\u00f1o pasado, cuando tambi\u00e9n adelant\u00f3 que <strong>se tratar\u00e1 \u00abprobablemente del final del camino de los Peaky Blinders tal y como los conocemos<\/strong>\u00bb y sugiri\u00f3 que podr\u00eda haber otras tiras relacionadas con ese universo en el futuro. <\/p>\n","protected":false},"excerpt":{"rendered":"<p>Tommy Shelby al mando de los Peaky Blinders \/ Foto archivo Steven Knight, creador de la exitosa serie de drama criminal \u00abPeaky Blinders\u00bb, que lanz\u00f3 su sexta y \u00faltima temporada en febrero pasado, asegur\u00f3 que ya est\u00e1 cerca de finalizar el guion de la pel\u00edcula que dar\u00e1 continuidad a la historia de los mafiosos irlandeses [&hellip;]<\/p>\n","protected":false},"author":1,"featured_media":22614,"comment_status":"closed","ping_status":"closed","sticky":false,"template":"","format":"standard","meta":[],"categories":[9],"tags":[],"_links":{"self":[{"href":"http:\/\/nuevacordoba.net\/index.php\/wp-json\/wp\/v2\/posts\/22613"}],"collection":[{"href":"http:\/\/nuevacordoba.net\/index.php\/wp-json\/wp\/v2\/posts"}],"about":[{"href":"http:\/\/nuevacordoba.net\/index.php\/wp-json\/wp\/v2\/types\/post"}],"author":[{"embeddable":true,"href":"http:\/\/nuevacordoba.net\/index.php\/wp-json\/wp\/v2\/users\/1"}],"replies":[{"embeddable":true,"href":"http:\/\/nuevacordoba.net\/index.php\/wp-json\/wp\/v2\/comments?post=22613"}],"version-history":[{"count":0,"href":"http:\/\/nuevacordoba.net\/index.php\/wp-json\/wp\/v2\/posts\/22613\/revisions"}],"wp:featuredmedia":[{"embeddable":true,"href":"http:\/\/nuevacordoba.net\/index.php\/wp-json\/wp\/v2\/media\/22614"}],"wp:attachment":[{"href":"http:\/\/nuevacordoba.net\/index.php\/wp-json\/wp\/v2\/media?parent=22613"}],"wp:term":[{"taxonomy":"category","embeddable":true,"href":"http:\/\/nuevacordoba.net\/index.php\/wp-json\/wp\/v2\/categories?post=22613"},{"taxonomy":"post_tag","embeddable":true,"href":"http:\/\/nuevacordoba.net\/index.php\/wp-json\/wp\/v2\/tags?post=22613"}],"curies":[{"name":"wp","href":"https:\/\/api.w.org\/{rel}","templated":true}]}}