{"id":22632,"date":"2022-07-31T14:05:19","date_gmt":"2022-07-31T14:05:19","guid":{"rendered":"http:\/\/nuevacordoba.net\/index.php\/2022\/07\/31\/del-mastro-y-el-clasico-de-broadway-tick-tick-boom-contamos-algo-universal\/"},"modified":"2022-07-31T14:05:19","modified_gmt":"2022-07-31T14:05:19","slug":"del-mastro-y-el-clasico-de-broadway-tick-tick-boom-contamos-algo-universal","status":"publish","type":"post","link":"http:\/\/nuevacordoba.net\/index.php\/2022\/07\/31\/del-mastro-y-el-clasico-de-broadway-tick-tick-boom-contamos-algo-universal\/","title":{"rendered":"Del Mastro y el cl\u00e1sico de Broadway \u00abTick, Tick&#8230; Boom!\u00bb: \u00abContamos algo universal\u00bb"},"content":{"rendered":"<figure class=\"mb-3\"><img loading=\"lazy\" src=\"http:\/\/nuevacordoba.net\/wp-content\/uploads\/2022\/07\/del-mastro-y-el-clasico-de-broadway-tick-tick-boom-contamos-algo-universal.jpg\" width=\"100%\" height=\"100%\" alt=\"El director Ariel del Mastro junto a Marcelo Caballero\"><figcaption> El director Ariel del Mastro junto a Marcelo Caballero. <\/figcaption><\/figure>\n<p> &nbsp;<\/p>\n<p>El <strong>director Ariel del Mastro, quien mont\u00f3 junto a Marcelo Caballero<\/strong> una versi\u00f3n local de \u00abTick, Tick&#8230; Boom!\u00bb, el musical autobiogr\u00e1fico del autor neoyorquino Jonathan Larson que en 2021 populariz\u00f3 Netflix con la pel\u00edcula que encabez\u00f3 Andrew Garfield, destac\u00f3 que la puesta que se presenta los martes a las 20.30 en el Paseo La Plaza aborda \u00abla angustia universal que aparece cuando sentimos que se acab\u00f3 el tiempo para alcanzar nuestros sue\u00f1os\u00bb.<\/p>\n<p>\u00abYo hab\u00eda visto que la pel\u00edcula hablaba de la historia de un mont\u00f3n de gente que a los 30 a\u00f1os no sabe muy bien qu\u00e9 hacer y eso es algo universal\u00bb, coment\u00f3 Del Mastro, director de los espect\u00e1culos \u00abTini\u00bb, \u00abHigh School Musical\u00bb y \u00abCabaret\u00bb, entre otros.<\/p>\n<p>Al respecto, Marcelo Caballero, amigo y coequiper desde hace seis a\u00f1os, que escribi\u00f3 y actualmente tambi\u00e9n dirige el musical \u00abLo quiero ya\u00bb (que va los jueves en el Paseo La Plaza), agreg\u00f3 que al momento de elegir una obra se preguntan qu\u00e9 tiene la pieza para ofrecerle al p\u00fablico.<\/p>\n<p>\u00abY si bien <strong>`Tick Tick Boom\u00b4 es la historia de un artista en crisis, tambi\u00e9n es la de cualquier persona que est\u00e1 buscando encontrarse<\/strong>\u00ab, apunt\u00f3 sobre la obra cuya reversi\u00f3n local encabezan Federico Couts, Lucien Gilabert y Pedro Vel\u00e1zquez con Giuliana Sosa (piano), Juan Pablo Sosa (bater\u00eda), Leandro Biera (guitarra), Fernando Oviedo (bajo) y Pedro Sosa (teclados).<\/p>\n<p>Este musical autobiogr\u00e1fico invita a espiar la intimidad del<strong> proceso creativo de Jon Larson en la Nueva York de los 90<\/strong>, donde el SIDA era una epidemia y la homosexualidad a\u00fan segu\u00eda siendo un tab\u00fa.<\/p>\n<p>Estrenada en el off Broadway en 1990, \u00abTick, Tick&#8230; Boom!\u00bb presenta a un Larson seis a\u00f1os antes del 25 de enero de 1996, cuando muri\u00f3 de un aneurisma antes del estreno de \u00abRent\u00bb la obra que lo coronar\u00eda como uno de los grandes compositores de la historia del teatro musical, que le valdr\u00eda un premio Pulitzer y un Tony como mejor musical.<\/p>\n<p>Tres d\u00e9cadas despu\u00e9s, esa historia se convirti\u00f3 en un filme dirigido por Lin-Manuel Miranda y protagonizado por Andrew Garfield que se estren\u00f3 por Netflix y recibi\u00f3, entre otros galardones, dos Globos de Oro y dos Premios de la Cr\u00edtica Cinematogr\u00e1fica de Nueva York, adem\u00e1s de dos nominaciones al Oscar.<\/p>\n<p>En medio de aquel furor, la pieza que hab\u00eda tenido una primera versi\u00f3n en la d\u00e9cada pasada, desembarc\u00f3 nuevamente en la Avenida Corrientes.<\/p>\n<figure class=\"mb-3\"><img loading=\"lazy\" src=\"http:\/\/nuevacordoba.net\/wp-content\/uploads\/2022\/07\/del-mastro-y-el-clasico-de-broadway-tick-tick-boom-contamos-algo-universal-1.jpg\" width=\"100%\" height=\"100%\" alt=\"Del Mastro director de los espectculos Tini High School Musical y Cabaret entre otros\"><figcaption> Del Mastro, director de los espect\u00e1culos \u00abTini\u00bb, \u00abHigh School Musical\u00bb y \u00abCabaret\u00bb, entre otros. <\/figcaption><\/figure>\n<p> &nbsp;<\/p>\n<p>\u00abFuimos la pistola m\u00e1s r\u00e1pida del oeste -se r\u00ede Caballero- porque hubo mil personas que corrieron atr\u00e1s de los derechos de la obra despu\u00e9s de la pel\u00edcula y nosotros llegamos primeros\u00bb.<\/p>\n<p>En medio de las funciones de \u00abTick Tick Boom\u00bb, que se presenta los martes a las 20.30 hasta el 30 de agosto, conversaron con T\u00e9lam:<\/p>\n<p><strong>-T\u00e9lam: \u00bfC\u00f3mo surgi\u00f3 el proyecto?<\/strong><\/p>\n<p>-Marcelo Caballero: Yo hab\u00eda visto la obra en Buenos Aires hac\u00eda mucho tiempo, en otro momento de mi vida, y no me hab\u00eda interpelado. Y cuando Lucien Gilabert me dijo \u00abpor qu\u00e9 no la hacemos\u00bb me puse a investigar y esta vez s\u00ed me sacudi\u00f3 porque tiene que ver con una charla recurrente con Ariel sobre los temas de los que nos interesa hablar en el teatro. Y si bien \u00abTick Tick Boom\u00bb aborda la crisis de un artista, tambi\u00e9n es la de cualquier persona que est\u00e1 buscando encontrarse.<\/p>\n<p><strong>-Ariel Del Mastro: <\/strong>Yo hab\u00eda visto la pel\u00edcula y hab\u00eda un mont\u00f3n de cosas que me atravesaban: es una historia de artistas o de un mont\u00f3n de gente que a los 30 a\u00f1os no saben muy bien qu\u00e9 hacer. Es universal, as\u00ed que me sent\u00ed muy identificado por montones de cosas de la vida de los artistas, a todos mis compa\u00f1eros les pasa y me parec\u00eda muy interesante poderla contar.<\/p>\n<p><strong>-T.: \u00bfC\u00f3mo fue el proceso de adaptar la obra a un lenguaje y a una idiosincrasia m\u00e1s local?<\/strong><\/p>\n<p>-MC.: Para m\u00ed el teatro es la posibilidad de dialogar con gente que no nos conoce y me ocupa mucho cada vez que me cae una obra que no es m\u00eda poder adaptarla a mis contempor\u00e1neos. Adem\u00e1s, el argentino que paga una entrada est\u00e1 buscando que le hablen, le muevan el &#8216;cuore&#8217; un poco e irse diferente.<\/p>\n<p><strong>-ADM.: <\/strong>Si bien est\u00e1 claro que sucede all\u00e1, me parece que contamos algo universal, que eso que le sucede al personaje nos puede pasar a cualquiera. Hay muchos musicales que se extrapolan de afuera y quedan un poco lejanos, entonces cuando hicimos la adaptaci\u00f3n tratamos mucho que haya algo en el lenguaje y forma de contarlo que sea nuestro.<\/p>\n<p><strong>-T.: \u00bfA ustedes qu\u00e9 les sucedi\u00f3 con el material?<\/strong><\/p>\n<p><strong>-MC.:<\/strong> Me llev\u00e9 la pregunta acerca de c\u00f3mo se habita la crisis, c\u00f3mo atravesar ese momento que es una oportunidad y al mismo tiempo te puede detener completamente y pod\u00e9s quedar estancado durante a\u00f1os hasta resolverla. Lo que trae esta obra es la noci\u00f3n de observar la crisis y entender que uno tiene que mantenerse en movimiento porque uno no sabe lo que est\u00e1 creando. Eso es lo m\u00e1s loco: Jonathan Larson muri\u00f3 sin saber que cambi\u00f3 la historia del teatro musical.<\/p>\n<figure class=\"mb-3\"><img loading=\"lazy\" src=\"http:\/\/nuevacordoba.net\/wp-content\/uploads\/2022\/07\/del-mastro-y-el-clasico-de-broadway-tick-tick-boom-contamos-algo-universal-2.jpg\" width=\"100%\" height=\"100%\" alt=\"Tick Tick Boom se presenta en el Paseo La Plaza los martes a las 2030 hasta el 30 de agosto\"><figcaption> \u00abTick Tick Boom\u00bb se presenta en el Paseo La Plaza los martes a las 20.30 hasta el 30 de agosto. <\/figcaption><\/figure>\n<p> &nbsp;<\/p>\n<p><strong>-T.: La obra est\u00e1 llenando todas las funciones, \u00bfcu\u00e1l creen que es el atractivo?<\/strong><\/p>\n<p>-ADM.: Creo que hay muchos factores. El musical tiene un p\u00fablico pero ese p\u00fablico tambi\u00e9n se acaba. Tiene que ver con que haya sido una pel\u00edcula de Netflix, que le dio una popularidad que, si no, quedar\u00eda solo para la gente del musical.<\/p>\n<p><strong>-T.: \u00bfCreen que la pel\u00edcula sirve como impulsor de la obra o le temen a las comparaciones?<\/strong><\/p>\n<p>-MC.: Creo que tiene un foco diferente, entonces son dos formas distintas de cantar la misma canci\u00f3n. Vas a escuchar las mismas canciones, la misma historia, pero no atravesada por la misma gente ni hemos llegado a las mismas conclusiones de la pel\u00edcula, porque para la sociedad en la que se pens\u00f3 esa pel\u00edcula, que es un \u00e9xito a nivel mundial, hay una impronta que tiene mucho que ver con Estados Unidos, en Nueva York de esa \u00e9poca y mucha referencia para el que conoce la ciudad. Esta hace m\u00e1s foco en lo individual y de la crisis a todo nivel no solo el personaje de Larson.<\/p>\n<p><strong>-ADM.:<\/strong> Adem\u00e1s, las comparaciones van a existir siempre, a m\u00ed no me importan mucho porque el hecho teatral y el hecho cinematogr\u00e1fico no son comparables; son maravillosos los dos y cada uno tiene sus caracter\u00edsticas. La pel\u00edcula influy\u00f3 un mont\u00f3n, la preventa debe tener que ver con la pel\u00edcula. Despu\u00e9s tiene que estar bien hecho. Pero que haya sido una pel\u00edcula que le gust\u00f3 a tanta gente y trascendi\u00f3 el gueto del teatro. <\/p>\n","protected":false},"excerpt":{"rendered":"<p>El director Ariel del Mastro junto a Marcelo Caballero. &nbsp; El director Ariel del Mastro, quien mont\u00f3 junto a Marcelo Caballero una versi\u00f3n local de \u00abTick, Tick&#8230; Boom!\u00bb, el musical autobiogr\u00e1fico del autor neoyorquino Jonathan Larson que en 2021 populariz\u00f3 Netflix con la pel\u00edcula que encabez\u00f3 Andrew Garfield, destac\u00f3 que la puesta que se presenta [&hellip;]<\/p>\n","protected":false},"author":1,"featured_media":22633,"comment_status":"closed","ping_status":"closed","sticky":false,"template":"","format":"standard","meta":[],"categories":[9],"tags":[],"_links":{"self":[{"href":"http:\/\/nuevacordoba.net\/index.php\/wp-json\/wp\/v2\/posts\/22632"}],"collection":[{"href":"http:\/\/nuevacordoba.net\/index.php\/wp-json\/wp\/v2\/posts"}],"about":[{"href":"http:\/\/nuevacordoba.net\/index.php\/wp-json\/wp\/v2\/types\/post"}],"author":[{"embeddable":true,"href":"http:\/\/nuevacordoba.net\/index.php\/wp-json\/wp\/v2\/users\/1"}],"replies":[{"embeddable":true,"href":"http:\/\/nuevacordoba.net\/index.php\/wp-json\/wp\/v2\/comments?post=22632"}],"version-history":[{"count":0,"href":"http:\/\/nuevacordoba.net\/index.php\/wp-json\/wp\/v2\/posts\/22632\/revisions"}],"wp:featuredmedia":[{"embeddable":true,"href":"http:\/\/nuevacordoba.net\/index.php\/wp-json\/wp\/v2\/media\/22633"}],"wp:attachment":[{"href":"http:\/\/nuevacordoba.net\/index.php\/wp-json\/wp\/v2\/media?parent=22632"}],"wp:term":[{"taxonomy":"category","embeddable":true,"href":"http:\/\/nuevacordoba.net\/index.php\/wp-json\/wp\/v2\/categories?post=22632"},{"taxonomy":"post_tag","embeddable":true,"href":"http:\/\/nuevacordoba.net\/index.php\/wp-json\/wp\/v2\/tags?post=22632"}],"curies":[{"name":"wp","href":"https:\/\/api.w.org\/{rel}","templated":true}]}}