{"id":22634,"date":"2022-07-30T18:57:56","date_gmt":"2022-07-30T18:57:56","guid":{"rendered":"https:\/\/www.ole.com.ar\/futbol-ascenso\/b-nacional\/moron-quilmes-nardozza_0_nMS7aGYeyj.html"},"modified":"2022-07-30T18:57:56","modified_gmt":"2022-07-30T18:57:56","slug":"el-gallo-busca-a-nardozza-pero-ojo-con-quilmes","status":"publish","type":"post","link":"http:\/\/nuevacordoba.net\/index.php\/2022\/07\/30\/el-gallo-busca-a-nardozza-pero-ojo-con-quilmes\/","title":{"rendered":"El Gallo busca a Nardozza, pero ojo con Quilmes&#8230;"},"content":{"rendered":"<p>Muchos movimiento de entrenadores en los \u00faltimos d\u00edas. Y <strong>el empate de Deportivo Mor\u00f3n ante Estudiantes de R\u00edo Cuarto,<\/strong> el pasado jueves, y sobre todo el nerviosismo del p\u00fablico, <strong>obliga a la CD a buscarle un sustituto a la dupla Migliardi-Iturrer\u00eda.<\/strong><\/p>\n<p>En ese contexto, <mark><strong>el nombre elegido es Fabi\u00e1n Nardozza,<\/strong><\/mark> quien hace unas fechas dej\u00f3 la conducci\u00f3n de Almirante Brown. Si bien la chance seduce al entrenador, el freno lo pis\u00f3 la actualidad de Quilmes. <strong>El Cervecero hace seis que no gana, con cuatro&nbsp;derrotas.<\/strong><\/p>\n<p><strong>Y esos n\u00fameros podr\u00edan determinar la salida de Gast\u00f3n Coyette,<\/strong> si es que este domingo no le gana a Almirante Brown como local. <strong>Entonces, en el radar aparece Nardozza,<\/strong> quien tambi\u00e9n suena en Brown de Madryn luego de que la CD desvinculara a Andr\u00e9s Yllana.<\/p>\n<h2><strong>NO SIGUE EN MADRYN<\/strong><\/h2>\n<p>\u00abEl Club Social y Atl\u00e9tico <strong>Guillermo Brown informa que se interrumpe el v\u00ednculo contractual con Andr\u00e9s Yllana.<\/strong> Agradecemos, tanto a \u00e9l como a su cuerpo t\u00e9cnico, su profesionalismo durante el tiempo que han formado parte de nuestra instituci\u00f3n.&nbsp;Por su parte, <strong>Javier Eduardo Rodas se har\u00e1 cargo del equipo de Primera Nacional de forma interina\u00bb<\/strong>, comunic\u00f3 el club del Sur.<\/p>\n<div class=\"sp__Normal\">\n<div class=\"image-embeb image-trigger\" readability=\"6\"> <picture><source media=\"(min-width: 720px)\" srcset=\"http:\/\/nuevacordoba.net\/wp-content\/uploads\/2022\/07\/el-gallo-busca-a-nardozza-pero-ojo-con-quilmes.jpg\"><img itemprop=\"image\" src=\"http:\/\/nuevacordoba.net\/wp-content\/uploads\/2022\/07\/el-gallo-busca-a-nardozza-pero-ojo-con-quilmes.jpg\" loading=\"lazy\" alt=\"La CD despidi\u00f3 a Yllana (Foto: gentileza Mat\u00edas Arrascoyta)\"> <\/picture><figcaption readability=\"2\">\n<p>La CD despidi\u00f3 a Yllana (Foto: gentileza Mat\u00edas Arrascoyta) <\/p>\n<\/figcaption><\/div>\n<\/div>\n<div class=\"entry-tags\">\n<h2>TEMAS QUE APARECEN EN ESTA NOTA<\/h2>\n<\/p><\/div>\n","protected":false},"excerpt":{"rendered":"<p>Muchos movimiento de entrenadores en los \u00faltimos d\u00edas. Y el empate de Deportivo Mor\u00f3n ante Estudiantes de R\u00edo Cuarto, el pasado jueves, y sobre todo el nerviosismo del p\u00fablico, obliga a la CD a buscarle un sustituto a la dupla Migliardi-Iturrer\u00eda. En ese contexto, el nombre elegido es Fabi\u00e1n Nardozza, quien hace unas fechas dej\u00f3 [&hellip;]<\/p>\n","protected":false},"author":1,"featured_media":22635,"comment_status":"closed","ping_status":"closed","sticky":false,"template":"","format":"standard","meta":[],"categories":[10],"tags":[],"_links":{"self":[{"href":"http:\/\/nuevacordoba.net\/index.php\/wp-json\/wp\/v2\/posts\/22634"}],"collection":[{"href":"http:\/\/nuevacordoba.net\/index.php\/wp-json\/wp\/v2\/posts"}],"about":[{"href":"http:\/\/nuevacordoba.net\/index.php\/wp-json\/wp\/v2\/types\/post"}],"author":[{"embeddable":true,"href":"http:\/\/nuevacordoba.net\/index.php\/wp-json\/wp\/v2\/users\/1"}],"replies":[{"embeddable":true,"href":"http:\/\/nuevacordoba.net\/index.php\/wp-json\/wp\/v2\/comments?post=22634"}],"version-history":[{"count":0,"href":"http:\/\/nuevacordoba.net\/index.php\/wp-json\/wp\/v2\/posts\/22634\/revisions"}],"wp:featuredmedia":[{"embeddable":true,"href":"http:\/\/nuevacordoba.net\/index.php\/wp-json\/wp\/v2\/media\/22635"}],"wp:attachment":[{"href":"http:\/\/nuevacordoba.net\/index.php\/wp-json\/wp\/v2\/media?parent=22634"}],"wp:term":[{"taxonomy":"category","embeddable":true,"href":"http:\/\/nuevacordoba.net\/index.php\/wp-json\/wp\/v2\/categories?post=22634"},{"taxonomy":"post_tag","embeddable":true,"href":"http:\/\/nuevacordoba.net\/index.php\/wp-json\/wp\/v2\/tags?post=22634"}],"curies":[{"name":"wp","href":"https:\/\/api.w.org\/{rel}","templated":true}]}}