{"id":22638,"date":"2022-07-31T13:29:27","date_gmt":"2022-07-31T13:29:27","guid":{"rendered":"http:\/\/cordobanewsnet.wordpress.com\/?p=7134"},"modified":"2022-07-31T13:29:27","modified_gmt":"2022-07-31T13:29:27","slug":"domingo-agradable-y-despejado-en-cordoba-24-grados-de-maxima","status":"publish","type":"post","link":"http:\/\/nuevacordoba.net\/index.php\/2022\/07\/31\/domingo-agradable-y-despejado-en-cordoba-24-grados-de-maxima\/","title":{"rendered":"Domingo agradable y despejado en C\u00f3rdoba: 24 grados de m\u00e1xima"},"content":{"rendered":"<p><!-- \/featured-media --> <\/p>\n<div class=\"post-content clear\" readability=\"52.025735294118\">\n<p>El Servicio Meteorol\u00f3gico Nacional anticip\u00f3 un domingo agradable y despejado, con una temperatura m\u00e1xima de 24 grados y una m\u00ednima de 8.<\/p>\n<p>Seg\u00fan el organismo oficial, no habr\u00e1 presencia de nubes en la jornada ni vientos de consideraci\u00f3n.<\/p>\n<p>Para el lunes, El SMN pronostic\u00f3 una jornada con cielo parcialmente nublado, una m\u00ednima de 11 grados y una m\u00e1xima de 23.<\/p>\n<p>El martes s\u00f3lo cambiar\u00e1 la m\u00ednima: 9 grados, mientras que el mi\u00e9rcoles la m\u00ednima ser\u00e1 de 11 grados y la m\u00e1xima de 21. El descenso de la temperatura se profundizar\u00e1 el jueves, con una m\u00ednima de 11 grados pero una m\u00e1xima de 18.<\/p>\n<p>El viernes la m\u00ednima esperada es de 10 grados y la m\u00e1xima de 21, mientras que el s\u00e1bado la m\u00ednima es la misma y la m\u00e1xima de 14 grados.<\/p>\n<div id=\"jp-post-flair\" class=\"sharedaddy sd-like-enabled sd-sharing-enabled\">\n<div class=\"sharedaddy sd-sharing-enabled\">\n<div class=\"robots-nocontent sd-block sd-social sd-social-icon-text sd-sharing\">\n<h3 class=\"sd-title\">Share this:<\/h3>\n<\/div>\n<\/div>\n<div class=\"sharedaddy sd-block sd-like jetpack-likes-widget-wrapper jetpack-likes-widget-unloaded\" id=\"like-post-wrapper-143108178-7134-62e6aa8ab02b9\" data-src=\"\/\/widgets.wp.com\/likes\/index.html?ver=20220105#blog_id=143108178&amp;post_id=7134&amp;origin=cordobanewsnet.wordpress.com&amp;obj_id=143108178-7134-62e6aa8ab02b9\" data-name=\"like-post-frame-143108178-7134-62e6aa8ab02b9\" data-title=\"Me gusta o Compartir\">\n<h3 class=\"sd-title\">Me gusta esto:<\/h3>\n<p><span class=\"button\"><span>Me gusta<\/span><\/span> <span class=\"loading\">Cargando&#8230;<\/span><\/p>\n<p><span class=\"sd-text-color\"><\/span><\/div>\n<p><h3 class=\"jp-relatedposts-headline\"><em>Relacionado<\/em><\/h3>\n<\/p>\n<\/div><\/div>\n<p><!--\/.post-content--> <\/p>\n<footer class=\"post-meta-container clear\" readability=\"0.40993788819876\">\n<div class=\"entry-author author-avatar-show\" readability=\"13.114754098361\">\n<div class=\"author-avatar\"> <img loading=\"lazy\" alt src=\"http:\/\/nuevacordoba.net\/wp-content\/uploads\/2022\/07\/domingo-agradable-y-despejado-en-cordoba-24-grados-de-maxima.png\" class=\"avatar avatar-90\" height=\"90\" width=\"90\"> <\/div>\n<p><!-- .author-avatar --> <\/p>\n<p><h2 class=\"author-title\">Publicado por <span class=\"author-name\">Redacci\u00f3n<\/span><\/h2>\n<\/p>\n<p><!-- .author-heading --> <\/p>\n<p class=\"author-bio\"> <a class=\"author-link\" href=\"https:\/\/cordobanewsnet.wordpress.com\/author\/prettomatias\/\" rel=\"author\"> Ver todas las entradas de Redacci\u00f3n <\/a> <\/p>\n<p><!-- .author-bio --> <\/div>\n<p><!-- .entry-auhtor --> <\/footer>\n<p> <!-- \/post-meta-container --> <!-- #respond --> <\/p>\n","protected":false},"excerpt":{"rendered":"<p>El Servicio Meteorol\u00f3gico Nacional anticip\u00f3 un domingo agradable y despejado, con una temperatura m\u00e1xima de 24 grados y una m\u00ednima de 8. Seg\u00fan el organismo oficial, no habr\u00e1 presencia de nubes en la jornada ni vientos de consideraci\u00f3n. Para el lunes, El SMN pronostic\u00f3 una jornada con cielo parcialmente nublado, una m\u00ednima de 11 grados [&hellip;]<\/p>\n","protected":false},"author":1,"featured_media":22639,"comment_status":"closed","ping_status":"closed","sticky":false,"template":"","format":"standard","meta":[],"categories":[14],"tags":[],"_links":{"self":[{"href":"http:\/\/nuevacordoba.net\/index.php\/wp-json\/wp\/v2\/posts\/22638"}],"collection":[{"href":"http:\/\/nuevacordoba.net\/index.php\/wp-json\/wp\/v2\/posts"}],"about":[{"href":"http:\/\/nuevacordoba.net\/index.php\/wp-json\/wp\/v2\/types\/post"}],"author":[{"embeddable":true,"href":"http:\/\/nuevacordoba.net\/index.php\/wp-json\/wp\/v2\/users\/1"}],"replies":[{"embeddable":true,"href":"http:\/\/nuevacordoba.net\/index.php\/wp-json\/wp\/v2\/comments?post=22638"}],"version-history":[{"count":0,"href":"http:\/\/nuevacordoba.net\/index.php\/wp-json\/wp\/v2\/posts\/22638\/revisions"}],"wp:featuredmedia":[{"embeddable":true,"href":"http:\/\/nuevacordoba.net\/index.php\/wp-json\/wp\/v2\/media\/22639"}],"wp:attachment":[{"href":"http:\/\/nuevacordoba.net\/index.php\/wp-json\/wp\/v2\/media?parent=22638"}],"wp:term":[{"taxonomy":"category","embeddable":true,"href":"http:\/\/nuevacordoba.net\/index.php\/wp-json\/wp\/v2\/categories?post=22638"},{"taxonomy":"post_tag","embeddable":true,"href":"http:\/\/nuevacordoba.net\/index.php\/wp-json\/wp\/v2\/tags?post=22638"}],"curies":[{"name":"wp","href":"https:\/\/api.w.org\/{rel}","templated":true}]}}