{"id":22651,"date":"2022-07-31T21:10:50","date_gmt":"2022-07-31T21:10:50","guid":{"rendered":"https:\/\/prensa.cba.gov.ar\/?p=509964"},"modified":"2022-07-31T21:10:50","modified_gmt":"2022-07-31T21:10:50","slug":"el-programa-mentorias-hecho-en-cordoba-se-presento-en-villa-maria","status":"publish","type":"post","link":"http:\/\/nuevacordoba.net\/index.php\/2022\/07\/31\/el-programa-mentorias-hecho-en-cordoba-se-presento-en-villa-maria\/","title":{"rendered":"El programa Mentor\u00edas Hecho en C\u00f3rdoba se present\u00f3 en Villa Mar\u00eda"},"content":{"rendered":"<div><img src=\"http:\/\/nuevacordoba.net\/wp-content\/uploads\/2022\/08\/el-programa-mentorias-hecho-en-cordoba-se-presento-en-villa-maria.jpg\" class=\"ff-og-image-inserted\"><\/div>\n<ul>\n<li><strong>Con la convocatoria para PyMEs y mentores que quieran ser parte de esta edici\u00f3n 2022.<\/strong><\/li>\n<li><strong>Una iniciativa que beneficia a las peque\u00f1as y medianas empresas que aplican para recibir asesor\u00eda&nbsp; por parte de profesionales y expertos.<\/strong><\/li>\n<li><strong>Un sistema colaborativo que constituye un aporte al ecosistema empresarial de C\u00f3rdoba.<\/strong><\/li>\n<\/ul>\n<p>El Programa de Mentor\u00edas Hecho en C\u00f3rdoba del Ministerio de Industria, Comercio y Miner\u00eda a trav\u00e9s de la Secretar\u00eda de Comercio, surgi\u00f3 el a\u00f1o pasado, en pandemia&nbsp; como respuesta a las necesidades y requerimientos puntuales que presentaban las PyMEs provinciales, brind\u00e1ndoles la posibilidad de recibir mentor\u00edas por parte de profesionales y expertos a fin de encontrar una r\u00e1pida soluci\u00f3n al desaf\u00edo que deb\u00edan afrontar.<\/p>\n<p>En esta edici\u00f3n 2022, adem\u00e1s de los convenios firmados el a\u00f1o pasado con la Facultad de Ciencias Econ\u00f3micas de la Universidad Nacional de C\u00f3rdoba \u2013UNC-y con la Universidad Siglo 21 para el aporte de mentores; se suman otros con la Asociaci\u00f3n Cordobesa de Agencias de Publicidad &nbsp;-ACAP-, con la Instituci\u00f3n Cervantes y con la Agencia ProC\u00f3rdoba.<\/p>\n<p>Esta iniciativa apuntala por un lado a la comunidad PyME con una herramienta valios\u00edsima como es la mentor\u00eda y, por otro lado, a la comunidad de profesionales y expertos, que se encuentran con la posibilidad asesorar y fortalecer el desarrollo comercial y productivo de las micro, peque\u00f1as y medianas empresas de C\u00f3rdoba.<\/p>\n<figure class=\"wp-block-gallery columns-3 is-cropped\"><\/figure>\n<p>Al hacer uso de la palabra durante la presentaci\u00f3n del Programa en el Centro C\u00edvico de la ciudad de Villa Mar\u00eda, el ministro de Industria, Comercio y Miner\u00eda, Eduardo Accastello, se\u00f1al\u00f3: <strong><em>\u201cEste programa identifica de manera especial a nuestro Gobierno, porque vincula la iniciativa privada con las pol\u00edticas p\u00fablicas, y nos une en un objetivo com\u00fan, el crecimiento de las PyMEs contando con el acompa\u00f1amiento de los mentores que de manera gratuita las gu\u00edan en ese camino\u201d.<\/em><\/strong><\/p>\n<p><strong><em>\u201cEn un contexto de crisis como en el que vivimos, las acciones colaborativas son necesarias para tomar decisiones correctas\u201d, <\/em><\/strong>dijo el Ministro y resalt\u00f3 la iniciativa y la creatividad de las y los emprendedores cordobeses.<\/p>\n<p>Por su parte, el secretario de Comercio, Juan Pablo Ingleses, explic\u00f3 los procedimientos para participar del Programa y destac\u00f3 que es una iniciativa <strong><em>\u201cfederal que llega a toda la Provincia\u201d<\/em><\/strong><\/p>\n<p>El programa Mentor\u00edas 2022 pone de manifiesto la vocaci\u00f3n, el compromiso y la articulaci\u00f3n entre el sector p\u00fablico y el sector privado, para potenciar la producci\u00f3n en toda la Provincia, con el objetivo de crear empleo y mejorar la competitividad de las empresas cordobesas.<\/p>\n<p><strong>N\u00famero del Programa Mentor\u00edas 2021:<\/strong><strong><\/strong><\/p>\n<ul>\n<li><strong>38 profesionales y expertos<\/strong>&nbsp;dispusieron de su tiempo y calidad profesional para aportar al ecosistema emprendedor de C\u00f3rdoba y a sus protagonistas.<\/li>\n<li><strong>44 empresas<\/strong>&nbsp;recibieron este beneficio del programa Hecho en C\u00f3rdoba, de las cuales&nbsp;<strong>25 son del interior provincial<\/strong>.<\/li>\n<li>El&nbsp;<strong>57%<\/strong>&nbsp;de estas empresas est\u00e1n&nbsp;<strong>lideradas por mujeres<\/strong>.<\/li>\n<\/ul>\n","protected":false},"excerpt":{"rendered":"<p>Con la convocatoria para PyMEs y mentores que quieran ser parte de esta edici\u00f3n 2022. Una iniciativa que beneficia a las peque\u00f1as y medianas empresas que aplican para recibir asesor\u00eda&nbsp; por parte de profesionales y expertos. Un sistema colaborativo que constituye un aporte al ecosistema empresarial de C\u00f3rdoba. El Programa de Mentor\u00edas Hecho en C\u00f3rdoba [&hellip;]<\/p>\n","protected":false},"author":1,"featured_media":22652,"comment_status":"closed","ping_status":"closed","sticky":false,"template":"","format":"standard","meta":[],"categories":[14],"tags":[],"_links":{"self":[{"href":"http:\/\/nuevacordoba.net\/index.php\/wp-json\/wp\/v2\/posts\/22651"}],"collection":[{"href":"http:\/\/nuevacordoba.net\/index.php\/wp-json\/wp\/v2\/posts"}],"about":[{"href":"http:\/\/nuevacordoba.net\/index.php\/wp-json\/wp\/v2\/types\/post"}],"author":[{"embeddable":true,"href":"http:\/\/nuevacordoba.net\/index.php\/wp-json\/wp\/v2\/users\/1"}],"replies":[{"embeddable":true,"href":"http:\/\/nuevacordoba.net\/index.php\/wp-json\/wp\/v2\/comments?post=22651"}],"version-history":[{"count":0,"href":"http:\/\/nuevacordoba.net\/index.php\/wp-json\/wp\/v2\/posts\/22651\/revisions"}],"wp:featuredmedia":[{"embeddable":true,"href":"http:\/\/nuevacordoba.net\/index.php\/wp-json\/wp\/v2\/media\/22652"}],"wp:attachment":[{"href":"http:\/\/nuevacordoba.net\/index.php\/wp-json\/wp\/v2\/media?parent=22651"}],"wp:term":[{"taxonomy":"category","embeddable":true,"href":"http:\/\/nuevacordoba.net\/index.php\/wp-json\/wp\/v2\/categories?post=22651"},{"taxonomy":"post_tag","embeddable":true,"href":"http:\/\/nuevacordoba.net\/index.php\/wp-json\/wp\/v2\/tags?post=22651"}],"curies":[{"name":"wp","href":"https:\/\/api.w.org\/{rel}","templated":true}]}}