{"id":22661,"date":"2022-07-29T16:54:08","date_gmt":"2022-07-29T16:54:08","guid":{"rendered":"https:\/\/es.digitaltrends.com\/?p=955436"},"modified":"2022-07-29T16:54:08","modified_gmt":"2022-07-29T16:54:08","slug":"will-smith-publica-video-de-arrepentimiento-a-chris-rock-quiero-disculparme","status":"publish","type":"post","link":"http:\/\/nuevacordoba.net\/index.php\/2022\/07\/29\/will-smith-publica-video-de-arrepentimiento-a-chris-rock-quiero-disculparme\/","title":{"rendered":"Will Smith publica video de arrepentimiento a Chris Rock: Quiero disculparme"},"content":{"rendered":"<p>En un video de m\u00e1s de cinco minutos y que abarca una serie de preguntas de fan\u00e1ticos, por primera vez desde los Oscar,&nbsp;<a href=\"https:\/\/es.digitaltrends.com\/entretenimiento\/will-smith-renuncia-academia-oscar\/\"><strong>Will Smith habl\u00f3 en c\u00e1mara de su incidente con Chris Rock<\/strong><\/a> y en la ocasi\u00f3n manifest\u00f3 sentirse \u00abprofundamente arrepentido\u00bb y con ganas de disculparse.<\/p>\n<p>Ha roto su silencio sobre la lamentable \u00abbofetada escuchada en todo el mundo\u00bb, en la que golpe\u00f3 al presentador de los Oscar Chris Rock despu\u00e9s de burlarse de la esposa de Smith, Jada Pinkett Smith. Y prefiri\u00f3 internet antes que un programa de televisi\u00f3n.<\/p>\n<p class=\"paragraph larva \/\/ lrv-u-margin-lr-auto lrv-a-font-body-m \">Respondiendo a la pregunta de por qu\u00e9 no se disculp\u00f3 con Rock en su discurso de aceptaci\u00f3n, Smith dijo:<\/p>\n<figure class=\"alignnone\"><img src=\"http:\/\/nuevacordoba.net\/wp-content\/uploads\/2022\/08\/will-smith-publica-video-de-arrepentimiento-a-chris-rock-quiero-disculparme.gif\" data-dt-lazy-src=\"https:\/\/es.digitaltrends.com\/wp-content\/uploads\/2022\/03\/rock-smith-s.jpg?fit=720%2C479&amp;p=1\" onerror=\"dti_load_error(this)\" class=\" size-large wp-image-933972 dt-lazy-load dt-lazy-pending\" alt><\/figure>\n<p class=\"paragraph larva \/\/ lrv-u-margin-lr-auto lrv-a-font-body-m \">\u00abEstaba empa\u00f1ado en ese momento. Todo es borroso. Me he comunicado con Chris y el mensaje que me lleg\u00f3 es que no est\u00e1 listo para hablar. Cuando lo est\u00e9, se acercar\u00e1. <strong>Te dir\u00e9, Chris, te pido disculpas. Mi comportamiento fue inaceptable y estoy aqu\u00ed siempre que est\u00e9s listo para hablar. Quiero disculparme con la madre de Chris. Vi una entrevista que [ella] hizo, y esa fue una de las cosas de las que simplemente no me di cuenta.<\/strong> No estaba pensando, pero cu\u00e1ntas personas se lastimaron en ese momento. Quiero disculparme con la madre de Chris, quiero disculparme con la familia de Chris, espec\u00edficamente con Tony Rock. Tuvimos una gran relaci\u00f3n. Tony Rock era mi hombre. Esto es probablemente irreparable. Pas\u00e9 los \u00faltimos tres meses reproduciendo y entendiendo el matiz y la complejidad de lo que sucedi\u00f3 en ese momento. No voy a tratar de desempacar todo eso en este momento, pero puedo decirles a todos ustedes, no hay parte de m\u00ed que piense que esa fue la forma correcta de comportarse en ese momento. Ninguna parte de m\u00ed que piense que esa es la forma \u00f3ptima de manejar un sentimiento de falta de respeto o insulto\u00bb.<\/p>\n<p>Smith adem\u00e1s hizo una potente reflexi\u00f3n:<\/p>\n<p>\u00abDos cosas. Uno, decepcionar a la gente es mi trauma central. Odio cuando decepciono a la gente, as\u00ed que me duele psicol\u00f3gica y emocionalmente que no haya estado a la altura de la imagen y la impresi\u00f3n que la gente tiene de m\u00ed. El trabajo que estoy tratando de hacer es que estoy profundamente arrepentido y estoy tratando de arrepentirme sin avergonzarme de m\u00ed mismo. Soy humano y comet\u00ed un error y estoy tratando de no pensar en m\u00ed mismo como un pedazo de mierda, as\u00ed que les dir\u00eda a esas personas, s\u00e9 que fue confuso, s\u00e9 que fue impactante, pero les prometo que estoy profundamente dedicado y comprometido a poner luz, amor y alegr\u00eda en el mundo. Si aguantas, te prometo que podremos volver a ser amigos\u00bb.<\/p>\n<h4 class=\"b-editors-recs-title h-editors-recs-title\"> Recomendaciones del editor\t<\/h4>\n<p> <span id=\"publisher-md\" itemprop=\"publisher\" itemscope itemtype=\"https:\/\/schema.org\/Organization\"> <span itemprop=\"url\" itemtype=\"https:\/\/schema.org\/Url\" content=\"https:\/\/es.digitaltrends.com\"> <span itemprop=\"logo\" itemscope itemtype=\"https:\/\/schema.org\/ImageObject\"> <meta itemprop=\"url\" content=\"https:\/\/cdn.dtcn.com\/dt\/dt-logo-small.png\"> <meta itemprop=\"width\" content=\"0\"> <meta itemprop=\"height\" content=\"0\"> <\/span> <meta itemprop=\"name\" content=\"Digital Trends Espa\u00f1ol\"> <\/span> <span itemprop=\"image\" itemscope itemtype=\"https:\/\/schema.org\/ImageObject\"> <meta itemprop=\"url\" content=\"https:\/\/es.digitaltrends.com\/wp-content\/uploads\/2022\/07\/Captura-web_29-7-2022_124658_www.youtube.com_.jpeg?p=1\"> <\/span> <\/span><\/p>\n","protected":false},"excerpt":{"rendered":"<p>En un video de m\u00e1s de cinco minutos y que abarca una serie de preguntas de fan\u00e1ticos, por primera vez desde los Oscar,&nbsp;Will Smith habl\u00f3 en c\u00e1mara de su incidente con Chris Rock y en la ocasi\u00f3n manifest\u00f3 sentirse \u00abprofundamente arrepentido\u00bb y con ganas de disculparse. Ha roto su silencio sobre la lamentable \u00abbofetada escuchada [&hellip;]<\/p>\n","protected":false},"author":1,"featured_media":22662,"comment_status":"open","ping_status":"closed","sticky":false,"template":"","format":"standard","meta":[],"categories":[7],"tags":[],"_links":{"self":[{"href":"http:\/\/nuevacordoba.net\/index.php\/wp-json\/wp\/v2\/posts\/22661"}],"collection":[{"href":"http:\/\/nuevacordoba.net\/index.php\/wp-json\/wp\/v2\/posts"}],"about":[{"href":"http:\/\/nuevacordoba.net\/index.php\/wp-json\/wp\/v2\/types\/post"}],"author":[{"embeddable":true,"href":"http:\/\/nuevacordoba.net\/index.php\/wp-json\/wp\/v2\/users\/1"}],"replies":[{"embeddable":true,"href":"http:\/\/nuevacordoba.net\/index.php\/wp-json\/wp\/v2\/comments?post=22661"}],"version-history":[{"count":0,"href":"http:\/\/nuevacordoba.net\/index.php\/wp-json\/wp\/v2\/posts\/22661\/revisions"}],"wp:featuredmedia":[{"embeddable":true,"href":"http:\/\/nuevacordoba.net\/index.php\/wp-json\/wp\/v2\/media\/22662"}],"wp:attachment":[{"href":"http:\/\/nuevacordoba.net\/index.php\/wp-json\/wp\/v2\/media?parent=22661"}],"wp:term":[{"taxonomy":"category","embeddable":true,"href":"http:\/\/nuevacordoba.net\/index.php\/wp-json\/wp\/v2\/categories?post=22661"},{"taxonomy":"post_tag","embeddable":true,"href":"http:\/\/nuevacordoba.net\/index.php\/wp-json\/wp\/v2\/tags?post=22661"}],"curies":[{"name":"wp","href":"https:\/\/api.w.org\/{rel}","templated":true}]}}