{"id":2297,"date":"2021-03-21T16:55:36","date_gmt":"2021-03-21T16:55:36","guid":{"rendered":"http:\/\/nuevacordoba.net\/index.php\/2021\/03\/21\/juan-del-barrio-trabajamos-mucho-para-dar-un-producto-de-alta-calidad\/"},"modified":"2021-03-21T16:55:36","modified_gmt":"2021-03-21T16:55:36","slug":"juan-del-barrio-trabajamos-mucho-para-dar-un-producto-de-alta-calidad","status":"publish","type":"post","link":"http:\/\/nuevacordoba.net\/index.php\/2021\/03\/21\/juan-del-barrio-trabajamos-mucho-para-dar-un-producto-de-alta-calidad\/","title":{"rendered":"Juan del Barrio: \u00abTrabajamos mucho para dar un producto de alta calidad\u00bb"},"content":{"rendered":"<div class=\"image\" id=\"image\" readability=\"7\"> <img src=\"http:\/\/nuevacordoba.net\/wp-content\/uploads\/2021\/03\/juan-del-barrio-trabajamos-mucho-para-dar-un-producto-de-alta-calidad.jpg\" alt=\"La nueva formaci\u00f3n de una banda m\u00edtica: Los Abuelos de la Nada. \" title=\"La nueva formaci\u00f3n de una banda m\u00edtica: Los Abuelos de la Nada. \"><\/p>\n<p>La nueva formaci\u00f3n de una banda m\u00edtica: Los Abuelos de la Nada. <\/p>\n<\/div>\n<p>Tras un a\u00f1o de postergaciones debido a las restricciones sanitarias por la pandemia de coronavirus en el que la banda aprovech\u00f3 para realizar diversos lanzamientos,<strong> la nueva encarnaci\u00f3n de Los Abuelos de la Nada, encabezada por el tecladista Juan del Barrio y el cantante Gato Azul Peralta<\/strong>, hijo del recordado Miguel Abuelo, finalmente tendr\u00e1 su debut porte\u00f1o el <strong>pr\u00f3ximo s\u00e1bado 27 de marzo, a las 20.30, en el Teatro \u00d3pera.<\/strong><\/p>\n<p>\u00abEstamos muy ansiosos. Trabajamos mucho para dar un producto de alta calidad, as\u00ed que estamos esperando. Solo falta la emoci\u00f3n con la gente, porque sin p\u00fablico no hay emoci\u00f3n\u00bb, manifest\u00f3 a T\u00e9lam Juan del Barrio, l\u00edder musical en esta cuarta etapa en la vida de la banda, que busca continuar el proyecto que qued\u00f3 trunco en marzo de 1988 con el fallecimiento de su c\u00e9lebre mentor.<\/p>\n<blockquote readability=\"5\">\n<p>\u00abEl ritual de tocar con la gente es irremplazable\u00bb.<span class=\"comilla\">\u201d<\/span><\/p>\n<\/blockquote>\n<p>Anunciado en 2019, este regreso preve\u00eda una larga gira por el pa\u00eds y algunas presentaciones en Latinoam\u00e9rica en la primera mitad de 2020, que concluir\u00eda con el esperado show en el Teatro \u00d3pera, un reducto emblem\u00e1tico en la trayectoria del grupo; sin embargo, las diversas cancelaciones por la pandemia apenas permiti\u00f3 realizar en marzo pasado un concierto en Lima, Per\u00fa.<\/p>\n<p> <iframe width=\"560\" height=\"315\" src=\"https:\/\/www.youtube.com\/embed\/OT02BgpSnZo?wmode=transparent&amp;showinfo=0&amp;autohide=1&amp;rel=0\" frameborder=\"0\" allowfullscreen>[embedded content]<\/iframe> <\/p>\n<p>Lunes por la madrugada con Ricardo Mollo &amp; Manuel Moretti<\/p>\n<p>No obstante, Los Abuelos de la Nada, cuyo n\u00facleo central lo completan el guitarrista Kubero D\u00edaz; el baterista Sebasti\u00e1n Peycer\u00e9; el vocalista Frankie Landon; el saxofonista Jorge Polanuer; y el bajista Alberto Perrone; no se qued\u00f3 quieto y aprovech\u00f3 el a\u00f1o de confinamiento para ir lanzando nuevas versiones de viejos cl\u00e1sicos, acompa\u00f1ados por diversas figuras.<\/p>\n<p>As\u00ed se sucedieron \u00abLunes por la madrugada\u00bb, con Ricardo Mollo y Manuel Moretti; \u00abTristeza de la ciudad\u00bb, con Los Tipitos; \u00abChalam\u00e1n\u00bb, con Connie Isla y Miguel Zavaleta; \u00abCostumbres argentinas\u00bb, con Benjam\u00edn Amadeo; \u00abHimno de mi coraz\u00f3n\u00bb, con Natalie P\u00e9rez e Hilda Lizarazu; los in\u00e9ditos \u00abMi estrella y yo\u00bb y \u00abUn r\u00edo cruc\u00e9\u00bb; \u00abCosas m\u00edas\u00bb, con Javier Malosetti; y pr\u00f3ximamente llegar\u00e1n \u00abNo se desesperen\u00bb, con El Kuelgue; y \u00abGuindilla ardiente\u00bb, con B\u00e1ndalos Chinos.<\/p>\n<p> <iframe width=\"560\" height=\"315\" src=\"https:\/\/www.youtube.com\/embed\/8dEuNGvI9T4?wmode=transparent&amp;showinfo=0&amp;autohide=1&amp;rel=0\" frameborder=\"0\" allowfullscreen>[embedded content]<\/iframe> <\/p>\n<p>Mi estrella y yo<\/p>\n<p>Muchos de esos invitados ser\u00e1n de la partida el pr\u00f3ximo 27 en el \u00d3pera, al igual que algunos recordados exAbuelos, como el caso de Gustavo Bazterrica, o nombres ligados estrechamente a la banda, como Gringui Herrera, autor de \u00abTristezas de la ciudad\u00bb y coautor de cl\u00e1sicos como \u00abAs\u00ed es el calor\u00bb.<\/p>\n<p>En di\u00e1logo con T\u00e9lam, Juan del Barrio se refiri\u00f3 a esta postergada presentaci\u00f3n formal de Los Abuelos de la Nada y explic\u00f3 los objetivos que persigue el grupo en esta remozada versi\u00f3n.<\/p>\n<p><strong>T\u00e9lam: \u00bfC\u00f3mo result\u00f3 para Los Abuelos de la Nada esta postergaci\u00f3n de un a\u00f1o de su debut en vivo en el pa\u00eds? \u00bfLos descoloc\u00f3 o sirvieron para afianzar al grupo y familiarizar a los fans con su nuevo sonido?<\/strong><\/p>\n<p>Juan del Barrio: Por un lado, s\u00ed, hab\u00edamos tenido una primera presentaci\u00f3n el 7 de marzo del a\u00f1o pasado en Lima, que fue un momento muy emotivo, muy emocionante, y de repente hubo que postergar todo. Pero, por otro lado, fue un a\u00f1o de maduraci\u00f3n en otros aspectos. Pudimos darle un tratamiento especial a cada tema que lanzamos y gracias a eso pudimos estar presentes igual. Optamos por eso porque nunca nos cerr\u00f3 mucho la posibilidad de un streaming. Preferimos concentrarnos en grabar temas en vez de hacer un show de ese tipo.<\/p>\n<p><strong>T: \u00bfSintieron que un streaming iba en contra del esp\u00edritu de este regreso?<\/strong><\/p>\n<p>JDB: Por ah\u00ed, en otras circunstancias, hubiera sido v\u00e1lido, pero nosotros necesit\u00e1bamos estar en contacto con el p\u00fablico, como todos los artistas, pero adem\u00e1s por esta situaci\u00f3n de la vuelta quer\u00edamos hacerlo mano a mano. El compositor trabaja solo en su obra pero si eso despu\u00e9s no tiene contacto con el p\u00fablico no sirve m\u00e1s que como manifestaci\u00f3n est\u00e9tica. El ritual de tocar con la gente es irremplazable. Parece una descripci\u00f3n demag\u00f3gica, pero al fen\u00f3meno musical si le falta esa parte, realmente no funciona.<\/p>\n<p> <iframe width=\"560\" height=\"315\" src=\"https:\/\/www.youtube.com\/embed\/-ee5Kh_O9o0?wmode=transparent&amp;showinfo=0&amp;autohide=1&amp;rel=0\" frameborder=\"0\" allowfullscreen>[embedded content]<\/iframe> <\/p>\n<p>Costumbres argentinas con Benjam\u00edn Amadeo<\/p>\n<p><strong>T: \u00bfPercibieron a partir de estos lanzamientos una necesidad especial de la gente en el regreso de Los Abuelos de la Nada?<\/strong><\/p>\n<p>JDB: Yo no s\u00e9 si es as\u00ed pero para nosotros s\u00ed es as\u00ed, por las muestras de la gente que se comunica con nosotros. La respuesta es como que necesitan la vuelta porque Los Abuelos de la Nada es un emblema del rock argentino.<\/p>\n<p><strong>T: \u00bfCu\u00e1l fue el objetivo al invitar a tantas figuras tan dis\u00edmiles a participar en las distintas nuevas versiones que fueron presentando?<\/strong><\/p>\n<p>JDB: Pretendemos que Los Abuelos de la Nada sea una plataforma art\u00edstica, con una formaci\u00f3n estable, pero que adem\u00e1s abra el juego para que participen otras artistas, incluso de otro palo, como el caso de Benjam\u00edn Amadeo y Natalie P\u00e9rez, que respetan y quieren mucho a Los Abuelos pero que adem\u00e1s lo hicieron muy bien. Es un momento de uni\u00f3n, no de cerrar las puertas, al menos para nosotros. Adem\u00e1s, es otro momento del rock, no como en los `70 en donde se divid\u00eda entre rock y m\u00fasica bailable, sino que es un momento de fronteras m\u00e1s permeables.<\/p>\n<div class=\"image\" id=\"image\" readability=\"9\"> <img src=\"http:\/\/nuevacordoba.net\/wp-content\/uploads\/2021\/03\/juan-del-barrio-trabajamos-mucho-para-dar-un-producto-de-alta-calidad-1.jpg\" alt=\"Miguel Abuelo hubiese cumplido 75 a\u00f1os este domingo, fue l\u00edder del grupo que ahora integra su hijo. \" title=\"Miguel Abuelo hubiese cumplido 75 a\u00f1os este domingo, fue l\u00edder del grupo que ahora integra su hijo. \"><\/p>\n<p>Miguel Abuelo hubiese cumplido 75 a\u00f1os este domingo, fue l\u00edder del grupo que ahora integra su hijo. <\/p>\n<\/div>\n<p><strong>T: Que en la formaci\u00f3n haya integrantes que fueron parte de Los Abuelos en otras \u00e9pocas, as\u00ed como la presencia de Gato Azul, \u00bfles da una base como para que puedan hacer estos cruces?<\/strong><\/p>\n<p>JDB: No s\u00e9 si es as\u00ed. En su momento, Los Abuelos ten\u00eda su p\u00fablico rockero que respond\u00eda a Miguel, sab\u00eda de sus andanzas con la primera formaci\u00f3n y en Europa. Pero apareci\u00f3 un joven llamado Andr\u00e9s Calamaro que despertaba otras inquietudes y tra\u00eda m\u00e1s pop que rock. Eso dio lugar a un p\u00fablico m\u00e1s heterog\u00e9neo que por ah\u00ed no se hubiera acercado al rock si no hubiera sido por eso. Cuando sali\u00f3 \u00abMil horas\u00bb, lo mataron porque dec\u00edan que no era rock y sin embargo Los Abuelos fueron conocidos en toda Latinoam\u00e9rica por ese tema. No se trata de invitarlos porque m\u00e1s gente va a pagar la entrada. La gente que va a venir porque est\u00e1n Natalie P\u00e9rez o Benjam\u00edn Amadeo, va a conocer una banda de rock muy grosa. Como siempre, el intercambio es beneficioso para las dos partes. <\/p>\n","protected":false},"excerpt":{"rendered":"<p>La nueva formaci\u00f3n de una banda m\u00edtica: Los Abuelos de la Nada. Tras un a\u00f1o de postergaciones debido a las restricciones sanitarias por la pandemia de coronavirus en el que la banda aprovech\u00f3 para realizar diversos lanzamientos, la nueva encarnaci\u00f3n de Los Abuelos de la Nada, encabezada por el tecladista Juan del Barrio y el [&hellip;]<\/p>\n","protected":false},"author":1,"featured_media":2298,"comment_status":"closed","ping_status":"closed","sticky":false,"template":"","format":"standard","meta":[],"categories":[9],"tags":[],"_links":{"self":[{"href":"http:\/\/nuevacordoba.net\/index.php\/wp-json\/wp\/v2\/posts\/2297"}],"collection":[{"href":"http:\/\/nuevacordoba.net\/index.php\/wp-json\/wp\/v2\/posts"}],"about":[{"href":"http:\/\/nuevacordoba.net\/index.php\/wp-json\/wp\/v2\/types\/post"}],"author":[{"embeddable":true,"href":"http:\/\/nuevacordoba.net\/index.php\/wp-json\/wp\/v2\/users\/1"}],"replies":[{"embeddable":true,"href":"http:\/\/nuevacordoba.net\/index.php\/wp-json\/wp\/v2\/comments?post=2297"}],"version-history":[{"count":0,"href":"http:\/\/nuevacordoba.net\/index.php\/wp-json\/wp\/v2\/posts\/2297\/revisions"}],"wp:featuredmedia":[{"embeddable":true,"href":"http:\/\/nuevacordoba.net\/index.php\/wp-json\/wp\/v2\/media\/2298"}],"wp:attachment":[{"href":"http:\/\/nuevacordoba.net\/index.php\/wp-json\/wp\/v2\/media?parent=2297"}],"wp:term":[{"taxonomy":"category","embeddable":true,"href":"http:\/\/nuevacordoba.net\/index.php\/wp-json\/wp\/v2\/categories?post=2297"},{"taxonomy":"post_tag","embeddable":true,"href":"http:\/\/nuevacordoba.net\/index.php\/wp-json\/wp\/v2\/tags?post=2297"}],"curies":[{"name":"wp","href":"https:\/\/api.w.org\/{rel}","templated":true}]}}