{"id":2301,"date":"2021-03-17T14:51:54","date_gmt":"2021-03-17T14:51:54","guid":{"rendered":"http:\/\/cordobanewsnet.wordpress.com\/?p=5139"},"modified":"2021-03-17T14:51:54","modified_gmt":"2021-03-17T14:51:54","slug":"schiaretti-envio-un-proyecto-para-que-cordoba-adhiera-a-la-ley-de-cannabis-medicinal","status":"publish","type":"post","link":"http:\/\/nuevacordoba.net\/index.php\/2021\/03\/17\/schiaretti-envio-un-proyecto-para-que-cordoba-adhiera-a-la-ley-de-cannabis-medicinal\/","title":{"rendered":"Schiaretti env\u00edo un proyecto para que C\u00f3rdoba adhiera a la ley de Cannabis medicinal"},"content":{"rendered":"<p><!-- \/featured-media --> <\/p>\n<div class=\"post-content clear\" readability=\"38.206451612903\">\n<p>El gobernador&nbsp;<strong>Juan Schiaretti&nbsp;<\/strong>envi\u00f3 a la Legislatura el proyecto de ley para pedir que&nbsp;<strong>C\u00f3rdoba adhiera a la ley nacional&nbsp;<\/strong>que regula el<strong>&nbsp;uso medicinal de la planta del cannabis y sus derivados<\/strong>.<\/p>\n<p>El objetivo es&nbsp;<em>\u201cla adhesi\u00f3n de la Provincia de C\u00f3rdoba a las disposiciones de la Ley N\u00b0 27.350 y dem\u00e1s normas complementarias, que tiene por objeto establecer un marco regulatorio para la investigaci\u00f3n m\u00e9dica y cient\u00edfica del&nbsp;<strong>uso medicinal, terap\u00e9utico y\/o paliativo del dolor, de la planta de cannabis y sus derivados, garantizando y promoviendo el cuidado integral de la salud\u201d<\/strong><\/em>.<\/p>\n<p>De aprobarse, ser\u00e1 el ministerio de Salud de C\u00f3rdoba quien regule la actividad.<a href=\"https:\/\/platform.twitter.com\/embed\/Tweet.html?creatorScreenName=eldoce&amp;dnt=false&amp;embedId=twitter-widget-0&amp;frame=false&amp;hideCard=false&amp;hideThread=false&amp;id=1372194421555466255&amp;lang=es&amp;origin=https%3A%2F%2Feldoce.tv%2Fpolitica%2Fmarihuana-legal-juan-schiaretti-pidio-cordoba-adhiera-uso-cannabis-medicinal_110693&amp;siteScreenName=eldoce&amp;theme=light&amp;widgetsVersion=e1ffbdb%3A1614796141937&amp;width=550px\" rel=\"nofollow\">https:\/\/platform.twitter.com\/embed\/Tweet.html?creatorScreenName=eldoce&amp;dnt=false&amp;embedId=twitter-widget-0&amp;frame=false&amp;hideCard=false&amp;hideThread=false&amp;id=1372194421555466255&amp;lang=es&amp;origin=https%3A%2F%2Feldoce.tv%2Fpolitica%2Fmarihuana-legal-juan-schiaretti-pidio-cordoba-adhiera-uso-cannabis-medicinal_110693&amp;siteScreenName=eldoce&amp;theme=light&amp;widgetsVersion=e1ffbdb%3A1614796141937&amp;width=550px<\/a><\/p>\n<p>El objetivo es darle un&nbsp;<strong>marco legal a los tratamientos&nbsp;<\/strong>medicinales derivados de la planta del cannabis, que en el mundo demuestran tener efectividad para mejorar la calidad de vida de pacientes con determinadas condiciones, enfermedades o patolog\u00edas.<\/p>\n<div id=\"jp-post-flair\" class=\"sharedaddy sd-like-enabled sd-sharing-enabled\">\n<div class=\"sharedaddy sd-sharing-enabled\">\n<div class=\"robots-nocontent sd-block sd-social sd-social-icon-text sd-sharing\">\n<h3 class=\"sd-title\">Share this:<\/h3>\n<\/div>\n<\/div>\n<div class=\"sharedaddy sd-block sd-like jetpack-likes-widget-wrapper jetpack-likes-widget-unloaded\" id=\"like-post-wrapper-143108178-5139-6057ad21f1349\" data-src=\"\/\/widgets.wp.com\/likes\/index.html?ver=20210317#blog_id=143108178&amp;post_id=5139&amp;origin=cordobanewsnet.wordpress.com&amp;obj_id=143108178-5139-6057ad21f1349\" data-name=\"like-post-frame-143108178-5139-6057ad21f1349\">\n<h3 class=\"sd-title\">Me gusta esto:<\/h3>\n<p><span class=\"button\"><span>Me gusta<\/span><\/span> <span class=\"loading\">Cargando&#8230;<\/span><\/p>\n<p><span class=\"sd-text-color\"><\/span><\/div>\n<p><h3 class=\"jp-relatedposts-headline\"><em>Relacionado<\/em><\/h3>\n<\/p>\n<\/div><\/div>\n<p><!--\/.post-content--> <\/p>\n<footer class=\"post-meta-container clear\" readability=\"0.2972972972973\">\n<div class=\"entry-author author-avatar-show\" readability=\"13.114754098361\">\n<div class=\"author-avatar\"> <img loading=\"lazy\" alt src=\"http:\/\/nuevacordoba.net\/wp-content\/uploads\/2021\/03\/schiaretti-envio-un-proyecto-para-que-cordoba-adhiera-a-la-ley-de-cannabis-medicinal.png\" class=\"avatar avatar-90\" height=\"90\" width=\"90\"> <\/div>\n<p><!-- .author-avatar --> <\/p>\n<p><h2 class=\"author-title\">Publicado por <span class=\"author-name\">Redacci\u00f3n<\/span><\/h2>\n<\/p>\n<p><!-- .author-heading --> <\/p>\n<p class=\"author-bio\"> <a class=\"author-link\" href=\"https:\/\/cordobanewsnet.wordpress.com\/author\/prettomatias\/\" rel=\"author\"> Ver todas las entradas de Redacci\u00f3n <\/a> <\/p>\n<p><!-- .author-bio --> <\/div>\n<p><!-- .entry-auhtor --> <\/footer>\n<p> <!-- \/post-meta-container --> <!-- #respond --> <\/p>\n","protected":false},"excerpt":{"rendered":"<p>El gobernador&nbsp;Juan Schiaretti&nbsp;envi\u00f3 a la Legislatura el proyecto de ley para pedir que&nbsp;C\u00f3rdoba adhiera a la ley nacional&nbsp;que regula el&nbsp;uso medicinal de la planta del cannabis y sus derivados. El objetivo es&nbsp;\u201cla adhesi\u00f3n de la Provincia de C\u00f3rdoba a las disposiciones de la Ley N\u00b0 27.350 y dem\u00e1s normas complementarias, que tiene por objeto establecer [&hellip;]<\/p>\n","protected":false},"author":1,"featured_media":2302,"comment_status":"closed","ping_status":"closed","sticky":false,"template":"","format":"standard","meta":[],"categories":[14],"tags":[],"_links":{"self":[{"href":"http:\/\/nuevacordoba.net\/index.php\/wp-json\/wp\/v2\/posts\/2301"}],"collection":[{"href":"http:\/\/nuevacordoba.net\/index.php\/wp-json\/wp\/v2\/posts"}],"about":[{"href":"http:\/\/nuevacordoba.net\/index.php\/wp-json\/wp\/v2\/types\/post"}],"author":[{"embeddable":true,"href":"http:\/\/nuevacordoba.net\/index.php\/wp-json\/wp\/v2\/users\/1"}],"replies":[{"embeddable":true,"href":"http:\/\/nuevacordoba.net\/index.php\/wp-json\/wp\/v2\/comments?post=2301"}],"version-history":[{"count":0,"href":"http:\/\/nuevacordoba.net\/index.php\/wp-json\/wp\/v2\/posts\/2301\/revisions"}],"wp:featuredmedia":[{"embeddable":true,"href":"http:\/\/nuevacordoba.net\/index.php\/wp-json\/wp\/v2\/media\/2302"}],"wp:attachment":[{"href":"http:\/\/nuevacordoba.net\/index.php\/wp-json\/wp\/v2\/media?parent=2301"}],"wp:term":[{"taxonomy":"category","embeddable":true,"href":"http:\/\/nuevacordoba.net\/index.php\/wp-json\/wp\/v2\/categories?post=2301"},{"taxonomy":"post_tag","embeddable":true,"href":"http:\/\/nuevacordoba.net\/index.php\/wp-json\/wp\/v2\/tags?post=2301"}],"curies":[{"name":"wp","href":"https:\/\/api.w.org\/{rel}","templated":true}]}}