{"id":23121,"date":"2022-08-13T12:45:17","date_gmt":"2022-08-13T12:45:17","guid":{"rendered":"http:\/\/nuevacordoba.net\/index.php\/2022\/08\/13\/defensa-y-tigre-se-enfrentan-con-las-copas-internacionales-como-objetivo\/"},"modified":"2022-08-13T12:45:17","modified_gmt":"2022-08-13T12:45:17","slug":"defensa-y-tigre-se-enfrentan-con-las-copas-internacionales-como-objetivo","status":"publish","type":"post","link":"http:\/\/nuevacordoba.net\/index.php\/2022\/08\/13\/defensa-y-tigre-se-enfrentan-con-las-copas-internacionales-como-objetivo\/","title":{"rendered":"Defensa y Tigre se enfrentan con las copas internacionales como objetivo"},"content":{"rendered":"<figure class=\"mb-3\"><img loading=\"lazy\" src=\"http:\/\/nuevacordoba.net\/wp-content\/uploads\/2022\/08\/defensa-y-tigre-se-enfrentan-con-las-copas-internacionales-como-objetivo.jpg\" width=\"100%\" height=\"100%\" alt=\"Defensa y Tigre Foto Alfredo Luna\"><figcaption> Defensa y Tigre \/ Foto: Alfredo Luna <\/figcaption><\/figure>\n<p>Defensa y Justicia recibir\u00e1 este s\u00e1bado a Tigre en uno de los partidos correspondientes a la 13ra. fecha de la Liga Profesional de F\u00fatbol (LPF), con las copas internacionales en la mira.<\/p>\n<p>El partido comenzar\u00e1 a las 15.30 en el estadio Norberto Tomaghello de Florencio Varela.<\/p>\n<p>Defensa y Justicia suma 14 puntos en el presente torneo pero tiene un total de 39 en la tabla anual, en la que se posiciona octavo dentro de los puestos de clasificaci\u00f3n para la Copa Sudamericana 2023.<\/p>\n<p>El ciclo de Sebasti\u00e1n Becaccece al frente del equipo ya tiene un punto final, dicho por el propio entrenador, y ser\u00e1 al cierre de la LPF, luego del desmantelamiento de su plantel con la salida de siete titulares.<\/p>\n<p>Tigre (16), una de las sorpresas de la temporada siendo reci\u00e9n ascendido, aspira a clasificarse a un certamen internacional con sus 36 unidades en lo que resta del a\u00f1o.<\/p>\n<p><strong>Probables formaciones&nbsp;<\/strong><\/p>\n<p><strong>Defensa y Justicia<\/strong>: Ezequiel Unsain; Nicol\u00e1s Tripicchio, Adonis Fr\u00edas, Nazareno Colombo y Gabriel Alan\u00eds; Kevin Guti\u00e9rrez y Mauricio Duarte; Juli\u00e1n L\u00f3pez, Nicol\u00e1s Fern\u00e1ndez y Gast\u00f3n Togni; Agust\u00edn Fontana o Lucas Albertengo. DT: Sebasti\u00e1n Becaccece.<\/p>\n<p><strong>Tigre<\/strong>: Manuel Roffo; Lucas Blondel, V\u00edctor Cabrera, Abel Luciatti y Sebasti\u00e1n Prieto; Sebasti\u00e1n Prediger y Ezequiel Fern\u00e1ndez; Ijiel Protti, Facundo Colidio y Alexis Castro; Mateo Retegui. DT: Diego Mart\u00ednez.<\/p>\n<p>\u00c1rbitro: Fernando Espinoza.<\/p>\n<p>Cancha: Defensa y Justicia.<\/p>\n<p>Hora de inicio: 15.30.<\/p>\n<p>TV: TNT Sports.<\/p>\n","protected":false},"excerpt":{"rendered":"<p>Defensa y Tigre \/ Foto: Alfredo Luna Defensa y Justicia recibir\u00e1 este s\u00e1bado a Tigre en uno de los partidos correspondientes a la 13ra. fecha de la Liga Profesional de F\u00fatbol (LPF), con las copas internacionales en la mira. El partido comenzar\u00e1 a las 15.30 en el estadio Norberto Tomaghello de Florencio Varela. Defensa y [&hellip;]<\/p>\n","protected":false},"author":1,"featured_media":23122,"comment_status":"closed","ping_status":"closed","sticky":false,"template":"","format":"standard","meta":[],"categories":[10],"tags":[],"_links":{"self":[{"href":"http:\/\/nuevacordoba.net\/index.php\/wp-json\/wp\/v2\/posts\/23121"}],"collection":[{"href":"http:\/\/nuevacordoba.net\/index.php\/wp-json\/wp\/v2\/posts"}],"about":[{"href":"http:\/\/nuevacordoba.net\/index.php\/wp-json\/wp\/v2\/types\/post"}],"author":[{"embeddable":true,"href":"http:\/\/nuevacordoba.net\/index.php\/wp-json\/wp\/v2\/users\/1"}],"replies":[{"embeddable":true,"href":"http:\/\/nuevacordoba.net\/index.php\/wp-json\/wp\/v2\/comments?post=23121"}],"version-history":[{"count":0,"href":"http:\/\/nuevacordoba.net\/index.php\/wp-json\/wp\/v2\/posts\/23121\/revisions"}],"wp:featuredmedia":[{"embeddable":true,"href":"http:\/\/nuevacordoba.net\/index.php\/wp-json\/wp\/v2\/media\/23122"}],"wp:attachment":[{"href":"http:\/\/nuevacordoba.net\/index.php\/wp-json\/wp\/v2\/media?parent=23121"}],"wp:term":[{"taxonomy":"category","embeddable":true,"href":"http:\/\/nuevacordoba.net\/index.php\/wp-json\/wp\/v2\/categories?post=23121"},{"taxonomy":"post_tag","embeddable":true,"href":"http:\/\/nuevacordoba.net\/index.php\/wp-json\/wp\/v2\/tags?post=23121"}],"curies":[{"name":"wp","href":"https:\/\/api.w.org\/{rel}","templated":true}]}}