{"id":2313,"date":"2021-03-22T07:10:17","date_gmt":"2021-03-22T07:10:17","guid":{"rendered":"http:\/\/nuevacordoba.net\/index.php\/2021\/03\/22\/el-canal-estatal-prepara-una-grilla-especial-por-la-semana-de-la-memoria\/"},"modified":"2021-03-22T07:10:17","modified_gmt":"2021-03-22T07:10:17","slug":"el-canal-estatal-prepara-una-grilla-especial-por-la-semana-de-la-memoria","status":"publish","type":"post","link":"http:\/\/nuevacordoba.net\/index.php\/2021\/03\/22\/el-canal-estatal-prepara-una-grilla-especial-por-la-semana-de-la-memoria\/","title":{"rendered":"El canal estatal prepara una grilla especial por la Semana de la Memoria"},"content":{"rendered":"<div class=\"image\" id=\"image\" readability=\"8\"> <img src=\"http:\/\/nuevacordoba.net\/wp-content\/uploads\/2021\/03\/el-canal-estatal-prepara-una-grilla-especial-por-la-semana-de-la-memoria.jpg\" alt=\"&quot;La historia oficial&quot;, de Luis Puenzo\" title=\"&quot;La historia oficial&quot;, de Luis Puenzo\"><\/p>\n<p>\u00abLa historia oficial\u00bb, de Luis Puenzo<\/p>\n<\/div>\n<p>La <strong>Televisi\u00f3n P\u00fablica<\/strong> presentar\u00e1 una programaci\u00f3n especial en homenaje por <strong>la Semana de la Memoria, la Verdad y la Justicia<\/strong>, que incluir\u00e1 documentales y pel\u00edculas, programas en vivo con invitados especiales y documentos de los Organismos de Derechos Humanos.<\/p>\n<p>Con la intenci\u00f3n de conmemorar los <strong>45 a\u00f1os del golpe c\u00edvico militar en Argentina<\/strong>, la emisora abordar\u00e1 el tema en los diferentes programas en vivo de su grilla habitual: <strong>\u201cMa\u00f1anas P\u00fablicas\u201d (de 10 a 12) con Gabriel Corrado y Mariela Fern\u00e1ndez, \u201cCocineros argentinos, con las recetas de la abuela\u201d (de 13.30 a 16), \u201cConectados\u201d (de 16 a 17.30) con Sergio Goycochea y Noe Antonelli, y \u201cAltavoz\u201d (de 17.30 a 19) con Cata De El\u00eda y Juani Velcoff<\/strong>.<\/p>\n<p>La edici\u00f3n central del <strong>mi\u00e9rcoles 24 de \u00abTelevisi\u00f3n P\u00fablica Noticias\u00bb, a las 19<\/strong>, comenzar\u00e1 con la <strong>lectura del \u00abDocumento de los Organismos de Derechos Humanos\u201d<\/strong>, grabado y editado por el canal.<\/p>\n<p>En el horario central de las 22 se emitir\u00e1 una <strong>versi\u00f3n restaurada de \u201cLa historia oficial\u201d<\/strong>, pel\u00edcula que se convirti\u00f3 en \u00edcono del cine argentino y que, dirigida por Luis Puenzo y protagonizada por Norma Aleandro y H\u00e9ctor Alterio, obtuvo el primer Oscar para el cine nacional de la Academia de Hollywood.<\/p>\n<p>El jueves 25 de marzo la TV P\u00fablica pondr\u00e1 en pantalla, en el marco de <strong>\u201cAltavoz\u00bb<\/strong>, el documental <strong>\u201cUn Oscuro D\u00eda de Injusticia\u201d<\/strong> sobre la vida de Rodolfo Walsh, que narra el recorrido del \u00faltimo d\u00eda en la vida del periodista y escritor secuestrado y desaparecido el 25 de marzo de 1977 durante la \u00faltima dictadura militar argentina.<\/p>\n<p>El s\u00e1bado 27 a las 21 se emitir\u00e1n dos cap\u00edtulos de \u201c99,99%. La Ciencia de las Abuelas\u201d, una serie conducida por Leonardo Sbaraglia que documenta el trabajo de genetistas, la lucha de Abuelas para que la prueba de ADN fuese aceptada en los tribunales, la creaci\u00f3n del Banco Nacional de Datos Gen\u00e9ticos y el trabajo del Equipo Argentino de Antropolog\u00eda Forense.<\/p>\n<p>Y desde las 22, en el ciclo de pel\u00edculas \u201c\u00a1Aguante el Cine! Especial Academia de cine\u201d se proyectar\u00e1 <strong>\u201cUn muro de silencio\u201d<\/strong>, filme dirigido por Lita Stantic que cuenta la historia de una directora de cine que llega a Buenos Aires para filmar sobre una mujer cuyo esposo desapareci\u00f3 durante la dictadura. <\/p>\n","protected":false},"excerpt":{"rendered":"<p>\u00abLa historia oficial\u00bb, de Luis Puenzo La Televisi\u00f3n P\u00fablica presentar\u00e1 una programaci\u00f3n especial en homenaje por la Semana de la Memoria, la Verdad y la Justicia, que incluir\u00e1 documentales y pel\u00edculas, programas en vivo con invitados especiales y documentos de los Organismos de Derechos Humanos. Con la intenci\u00f3n de conmemorar los 45 a\u00f1os del golpe [&hellip;]<\/p>\n","protected":false},"author":1,"featured_media":2314,"comment_status":"closed","ping_status":"closed","sticky":false,"template":"","format":"standard","meta":[],"categories":[9],"tags":[],"_links":{"self":[{"href":"http:\/\/nuevacordoba.net\/index.php\/wp-json\/wp\/v2\/posts\/2313"}],"collection":[{"href":"http:\/\/nuevacordoba.net\/index.php\/wp-json\/wp\/v2\/posts"}],"about":[{"href":"http:\/\/nuevacordoba.net\/index.php\/wp-json\/wp\/v2\/types\/post"}],"author":[{"embeddable":true,"href":"http:\/\/nuevacordoba.net\/index.php\/wp-json\/wp\/v2\/users\/1"}],"replies":[{"embeddable":true,"href":"http:\/\/nuevacordoba.net\/index.php\/wp-json\/wp\/v2\/comments?post=2313"}],"version-history":[{"count":0,"href":"http:\/\/nuevacordoba.net\/index.php\/wp-json\/wp\/v2\/posts\/2313\/revisions"}],"wp:featuredmedia":[{"embeddable":true,"href":"http:\/\/nuevacordoba.net\/index.php\/wp-json\/wp\/v2\/media\/2314"}],"wp:attachment":[{"href":"http:\/\/nuevacordoba.net\/index.php\/wp-json\/wp\/v2\/media?parent=2313"}],"wp:term":[{"taxonomy":"category","embeddable":true,"href":"http:\/\/nuevacordoba.net\/index.php\/wp-json\/wp\/v2\/categories?post=2313"},{"taxonomy":"post_tag","embeddable":true,"href":"http:\/\/nuevacordoba.net\/index.php\/wp-json\/wp\/v2\/tags?post=2313"}],"curies":[{"name":"wp","href":"https:\/\/api.w.org\/{rel}","templated":true}]}}