{"id":23143,"date":"2022-08-13T17:06:11","date_gmt":"2022-08-13T17:06:11","guid":{"rendered":"http:\/\/cordobanewsnet.wordpress.com\/?p=7165"},"modified":"2022-08-13T17:06:11","modified_gmt":"2022-08-13T17:06:11","slug":"se-confirmo-nueva-fecha-del-festival-bum-bum-en-jesus-maria","status":"publish","type":"post","link":"http:\/\/nuevacordoba.net\/index.php\/2022\/08\/13\/se-confirmo-nueva-fecha-del-festival-bum-bum-en-jesus-maria\/","title":{"rendered":"Se confirm\u00f3 nueva fecha del Festival Bum Bum en Jes\u00fas Mar\u00eda"},"content":{"rendered":"<p>Ya es oficial. Se confirm\u00f3 la llegada del&nbsp;<strong>tercer Festival Bum Bum<\/strong>, esta vez fuera de C\u00f3rdoba. El lugar elegido es el hist\u00f3rico<strong>&nbsp;Anfiteatro Jos\u00e9 Hern\u00e1ndez de Jes\u00fas Mar\u00eda<\/strong>, donde se realiza hace 56 a\u00f1os el<strong>&nbsp;Festival de Doma y Folklore.&nbsp;<\/strong><\/p>\n<p>El evento se realizar\u00e1 el&nbsp;<strong>s\u00e1bado 8 y domingo 9 de octubre con La Mona Jim\u00e9nez<\/strong>&nbsp;a la cabeza y la participaci\u00f3n de artistas invitados, tal como sucedi\u00f3 en las pasadas ediciones.<\/p>\n<p>Esta vez, la venta de entradas se llevar\u00e1 a cabo&nbsp;<strong>\u00fanicamente de manera online desde el 18 de agosto a las 10 por Pase Show.&nbsp;<\/strong><\/p>\n<p>Carli Jim\u00e9nez inform\u00f3 que quienes compren sus entradas virtuales<strong>deber\u00e1n retirar despu\u00e9s su ticket f\u00edsico<\/strong>, tal como se hizo en la primera edici\u00f3n. Habr\u00e1 centros de canje tanto en C\u00f3rdoba Capital como en Jes\u00fas Mar\u00eda.&nbsp;<\/p>\n<p>Ser\u00e1 la novena presentaci\u00f3n del Mandam\u00e1s en lo que va del 2022.<\/p>\n<p><strong>El 2022 de La Mona<\/strong><\/p>\n<p>Despu\u00e9s de casi dos a\u00f1os sin shows con p\u00fablico, este fue un a\u00f1o bien activo para La Mona Jim\u00e9nez. El 15 y 16 de enero se realiz\u00f3 la&nbsp;<strong>primera edici\u00f3n del Festival Bum Bum<\/strong>&nbsp;en el predio del Hip\u00f3dromo de C\u00f3rdoba. Un mes m\u00e1s tarde, har\u00eda lo propio en el&nbsp;<strong>Cosqu\u00edn Rock<\/strong>, haciendo historia en este evento que era una deuda pendiente para el artista.&nbsp;<\/p>\n<p>A fines de abril, se realiz\u00f3&nbsp;<strong>el segundo Bum Bum<\/strong>, con el que la productora termin\u00f3 de asentar un formato que lleg\u00f3 para quedarse: de d\u00eda, familiar y con la participaci\u00f3n de distintas bandas m\u00e1s el cierre del anfitri\u00f3n.&nbsp;<\/p>\n<p>En junio, la Mona volver\u00eda a&nbsp;<a href=\"https:\/\/eldoce.tv\/cuarteteando\/la-mona-obelisco-cobertura-especial-cuarteteando_130199\" target=\"_blank\" rel=\"noreferrer noopener\"><strong>hacer historia&nbsp;frente al Obelisco<\/strong><\/a>&nbsp;tocando para m\u00e1s de 125 mil personas.<\/p>\n<figure class=\"wp-block-image\"><img src=\"http:\/\/nuevacordoba.net\/wp-content\/uploads\/2022\/08\/se-confirmo-nueva-fecha-del-festival-bum-bum-en-jesus-maria-1.jpg\" alt><\/figure>\n<p>Unos d\u00edas despu\u00e9s, la cita fue en Ushuaia en la fiesta de \u00abLa noche m\u00e1s larga\u00bb.&nbsp;<\/p>\n<p>Y en julio, la organizaci\u00f3n hizo realidad el deseo de los fan\u00e1ticos: el Mandam\u00e1s regres\u00f3 a los bailes, con dos noches m\u00e1gicas en Forja, tal y como era antes de la pandemia.<\/p>\n<p>Ahora se avecina el tercer Bum Bum del a\u00f1o, en un lugar que tambi\u00e9n es una deuda pendiente para un artista al que casi no le quedan escenarios por pisar.&nbsp;<\/p>\n<figure class=\"wp-block-image\"><img src=\"http:\/\/nuevacordoba.net\/wp-content\/uploads\/2022\/08\/se-confirmo-nueva-fecha-del-festival-bum-bum-en-jesus-maria-2.jpg\" alt><\/figure>\n<div id=\"jp-post-flair\" class=\"sharedaddy sd-like-enabled sd-sharing-enabled\">\n<div class=\"sharedaddy sd-sharing-enabled\">\n<div class=\"robots-nocontent sd-block sd-social sd-social-icon-text sd-sharing\">\n<h3 class=\"sd-title\">Share this:<\/h3>\n<\/div>\n<\/div>\n<div class=\"sharedaddy sd-block sd-like jetpack-likes-widget-wrapper jetpack-likes-widget-unloaded\" id=\"like-post-wrapper-143108178-7165-62f8af5e26103\" data-src=\"\/\/widgets.wp.com\/likes\/index.html?ver=20220105#blog_id=143108178&amp;post_id=7165&amp;origin=cordobanewsnet.wordpress.com&amp;obj_id=143108178-7165-62f8af5e26103\" data-name=\"like-post-frame-143108178-7165-62f8af5e26103\" data-title=\"Me gusta o Compartir\">\n<h3 class=\"sd-title\">Me gusta esto:<\/h3>\n<p><span class=\"button\"><span>Me gusta<\/span><\/span> <span class=\"loading\">Cargando&#8230;<\/span><\/p>\n<p><span class=\"sd-text-color\"><\/span><\/div>\n<p><h3 class=\"jp-relatedposts-headline\"><em>Relacionado<\/em><\/h3>\n<\/p>\n<\/div>\n","protected":false},"excerpt":{"rendered":"<p>Ya es oficial. Se confirm\u00f3 la llegada del&nbsp;tercer Festival Bum Bum, esta vez fuera de C\u00f3rdoba. El lugar elegido es el hist\u00f3rico&nbsp;Anfiteatro Jos\u00e9 Hern\u00e1ndez de Jes\u00fas Mar\u00eda, donde se realiza hace 56 a\u00f1os el&nbsp;Festival de Doma y Folklore.&nbsp; El evento se realizar\u00e1 el&nbsp;s\u00e1bado 8 y domingo 9 de octubre con La Mona Jim\u00e9nez&nbsp;a la cabeza [&hellip;]<\/p>\n","protected":false},"author":1,"featured_media":23144,"comment_status":"closed","ping_status":"closed","sticky":false,"template":"","format":"standard","meta":[],"categories":[14],"tags":[],"_links":{"self":[{"href":"http:\/\/nuevacordoba.net\/index.php\/wp-json\/wp\/v2\/posts\/23143"}],"collection":[{"href":"http:\/\/nuevacordoba.net\/index.php\/wp-json\/wp\/v2\/posts"}],"about":[{"href":"http:\/\/nuevacordoba.net\/index.php\/wp-json\/wp\/v2\/types\/post"}],"author":[{"embeddable":true,"href":"http:\/\/nuevacordoba.net\/index.php\/wp-json\/wp\/v2\/users\/1"}],"replies":[{"embeddable":true,"href":"http:\/\/nuevacordoba.net\/index.php\/wp-json\/wp\/v2\/comments?post=23143"}],"version-history":[{"count":0,"href":"http:\/\/nuevacordoba.net\/index.php\/wp-json\/wp\/v2\/posts\/23143\/revisions"}],"wp:featuredmedia":[{"embeddable":true,"href":"http:\/\/nuevacordoba.net\/index.php\/wp-json\/wp\/v2\/media\/23144"}],"wp:attachment":[{"href":"http:\/\/nuevacordoba.net\/index.php\/wp-json\/wp\/v2\/media?parent=23143"}],"wp:term":[{"taxonomy":"category","embeddable":true,"href":"http:\/\/nuevacordoba.net\/index.php\/wp-json\/wp\/v2\/categories?post=23143"},{"taxonomy":"post_tag","embeddable":true,"href":"http:\/\/nuevacordoba.net\/index.php\/wp-json\/wp\/v2\/tags?post=23143"}],"curies":[{"name":"wp","href":"https:\/\/api.w.org\/{rel}","templated":true}]}}