{"id":23206,"date":"2022-08-15T13:48:14","date_gmt":"2022-08-15T13:48:14","guid":{"rendered":"https:\/\/puntoapunto.com.ar\/?p=336893"},"modified":"2022-08-15T13:48:14","modified_gmt":"2022-08-15T13:48:14","slug":"los-shocks-que-el-mercado-le-esta-reclamando-a-massa","status":"publish","type":"post","link":"http:\/\/nuevacordoba.net\/index.php\/2022\/08\/15\/los-shocks-que-el-mercado-le-esta-reclamando-a-massa\/","title":{"rendered":"Los \u00b4shocks\u00b4 que el mercado le est\u00e1 reclamando a Massa"},"content":{"rendered":"<div><img src=\"http:\/\/nuevacordoba.net\/wp-content\/uploads\/2022\/08\/los-shocks-que-el-mercado-le-esta-reclamando-a-massa.jpg\" class=\"ff-og-image-inserted\"><\/div>\n<p>Y si bien se\u00f1ala que no hubo l\u00edneas paradas \u2013el freno de Renault de esta semana tuvo que ver con la escasez de micro conductores, un fen\u00f3meno global- s\u00ed se advierte que el clima se mantiene enrarecido y se est\u00e1 lejos de desmontar el laberinto burocr\u00e1tico o sortear los obst\u00e1culos para acceder al mercado libre de cambios para ingresar mercader\u00eda o insumos.<\/p>\n<p><strong>Falta claridad<\/strong>. En los c\u00edrculos industriales de C\u00f3rdoba siguen reconociendo que la direcci\u00f3n que le imprimi\u00f3 Massa a la gesti\u00f3n de la econom\u00eda es la correcta, los anuncios est\u00e1n en l\u00ednea, aunque faltan medidas de fondo y sobretodo, concretas. El blef que gener\u00f3 la cuasi designaci\u00f3n de Gabriel Rubinstein como vice ministro tampoco ayud\u00f3.<\/p>\n<p>\u201cEl comentario entre los colegas es que se sobregir\u00f3 Massa. Gener\u00f3 m\u00e1s expectativas de lo que en realidad logr\u00f3. No se vieron todav\u00eda medidas concretas. Y en esto no hay magia, las medidas que se tienen que tomar van a ser duras\u201d, dicen.<\/p>\n<p>Analizando el punto cr\u00edtico, las reservas, un industrial con v\u00ednculo con el sector primario se\u00f1al\u00f3: \u201cLos US$ 5000 millones que prometi\u00f3 Massa son relativos porque todo lo que adelantas, es algo que despu\u00e9s te va a faltar. El \u00fanico instrumento que har\u00eda que el productor pueda definir ventas es que por 30 d\u00edas, 45 d\u00edas hagan una baja de las retenciones. Eso se reflejar\u00eda en el precio de forma directa y eso puede activar ventas. Los otros esquemas que se lanzaron no tocan a los productores\u201d.<\/p>\n<p>La lectura que hacen los industriales redondea un par de ideas fuerza: que el problema de fondo sigue siendo la tensi\u00f3n pol\u00edtica y que la soluci\u00f3n llegar\u00e1 cuando se defina desatar ese nudo: \u201cEso se ve cuando analizas que lo que quiere hacer Massa no es muy distinto de lo que quiso hacer Guzm\u00e1n. Dicho esto hay que remarcar algo, estamos en una situaci\u00f3n complicada pero no es el 2001, hay atraso cambiario, pero no es el del 2001. Los precios de los commodities no tienen relaci\u00f3n a lo que eran, hoy el sistema bancario est\u00e1 bien y el endeudamiento del sector privado en d\u00f3lares era muy distinto al que tenemos hoy. Entonces ac\u00e1 hay un problema de confianza. Ac\u00e1 lo que hay que&nbsp;<strong>generar es un shock de confianza<\/strong>&nbsp;para los distintos actores econ\u00f3micos. En ese sentido el gobierno est\u00e1 muy condicionado para eso, porque tiene muchas complicaciones pol\u00edticas\u201d, apunt\u00f3 un dirigente con silla en la UIC.<\/p>\n<p><strong>Misma din\u00e1mica.&nbsp;<\/strong>Un&nbsp;<em>paper<\/em>&nbsp;de Consultation Financial Services marca que la aceleraci\u00f3n inflacionaria vista semana es el mejor term\u00f3metro de la velocidad del deterioro macro. Y advierte que las medidas implementadas hasta ahora por el nuevo ministro (postergaci\u00f3n de vencimientos en pesos y fuerte suba de tasas de inter\u00e9s) no implican, por ahora, un cambio de la din\u00e1mica sino una postergaci\u00f3n aumentada de sus impactos.<\/p>\n<p>\u201cEn el plano cambiario es donde el tiempo corre m\u00e1s r\u00e1pido: el gobierno ya casi no cuenta con reservas netas. La inacci\u00f3n dada por la falta de medidas responde a una limitaci\u00f3n macro (una devaluaci\u00f3n del TC oficial no es viable en este contexto) y a otras pol\u00edticas: avanzar en un esquema de desdoblamiento cambiario requiere de un aval del FMI, que reci\u00e9n esta semana comenz\u00f3 a discutirse\u201d, remarcan.<\/p>\n<p><strong>Shock antiinflacionario.<\/strong>&nbsp;Por su parte V\u00edctor Beker, director del Centro de Estudios de la Nueva Econom\u00eda de la Universidad de Belgrano, analiz\u00f3 el escenario inflacionario, ratificado por el 7,4% que alcanz\u00f3 el alza de los precios minoristas de julio.<\/p>\n<p>Seg\u00fan su an\u00e1lisis, el 7,4% mensual verificado el mes pasado equivale a una inflaci\u00f3n del 135% anual. Y asegura que si no se adopta un plan antiinflacionario, las perspectivas para el a\u00f1o pasan por un incremento de precios en el orden del 100%.<br \/>\u201cEste es el mayor desaf\u00edo que enfrenta la flamante conducci\u00f3n econ\u00f3mica: poner en marcha un plan coordinado y consistente de medidas fiscales, monetarias, cambiarias y de ingresos que asegure una dr\u00e1stica baja de la inflaci\u00f3n. La clave reside en tomar este grupo de medidas conjuntamente. Dif\u00edcilmente el gradualismo sea una opci\u00f3n. El desborde inflacionario impone un&nbsp;<strong>tratamiento de shock<\/strong>&nbsp;si se quiere evitar recaer en la hiperinflaci\u00f3n\u00bb, complet\u00f3.<\/p>\n","protected":false},"excerpt":{"rendered":"<p>Y si bien se\u00f1ala que no hubo l\u00edneas paradas \u2013el freno de Renault de esta semana tuvo que ver con la escasez de micro conductores, un fen\u00f3meno global- s\u00ed se advierte que el clima se mantiene enrarecido y se est\u00e1 lejos de desmontar el laberinto burocr\u00e1tico o sortear los obst\u00e1culos para acceder al mercado libre [&hellip;]<\/p>\n","protected":false},"author":1,"featured_media":23207,"comment_status":"open","ping_status":"closed","sticky":false,"template":"","format":"standard","meta":[],"categories":[14],"tags":[],"_links":{"self":[{"href":"http:\/\/nuevacordoba.net\/index.php\/wp-json\/wp\/v2\/posts\/23206"}],"collection":[{"href":"http:\/\/nuevacordoba.net\/index.php\/wp-json\/wp\/v2\/posts"}],"about":[{"href":"http:\/\/nuevacordoba.net\/index.php\/wp-json\/wp\/v2\/types\/post"}],"author":[{"embeddable":true,"href":"http:\/\/nuevacordoba.net\/index.php\/wp-json\/wp\/v2\/users\/1"}],"replies":[{"embeddable":true,"href":"http:\/\/nuevacordoba.net\/index.php\/wp-json\/wp\/v2\/comments?post=23206"}],"version-history":[{"count":0,"href":"http:\/\/nuevacordoba.net\/index.php\/wp-json\/wp\/v2\/posts\/23206\/revisions"}],"wp:featuredmedia":[{"embeddable":true,"href":"http:\/\/nuevacordoba.net\/index.php\/wp-json\/wp\/v2\/media\/23207"}],"wp:attachment":[{"href":"http:\/\/nuevacordoba.net\/index.php\/wp-json\/wp\/v2\/media?parent=23206"}],"wp:term":[{"taxonomy":"category","embeddable":true,"href":"http:\/\/nuevacordoba.net\/index.php\/wp-json\/wp\/v2\/categories?post=23206"},{"taxonomy":"post_tag","embeddable":true,"href":"http:\/\/nuevacordoba.net\/index.php\/wp-json\/wp\/v2\/tags?post=23206"}],"curies":[{"name":"wp","href":"https:\/\/api.w.org\/{rel}","templated":true}]}}