{"id":2331,"date":"2021-03-22T07:10:55","date_gmt":"2021-03-22T07:10:55","guid":{"rendered":"http:\/\/nuevacordoba.net\/index.php\/2021\/03\/22\/cordoba-la-relacion-de-los-industriales-con-el-gobierno-nacional-en-terapia-intensiva\/"},"modified":"2021-03-22T07:10:55","modified_gmt":"2021-03-22T07:10:55","slug":"cordoba-la-relacion-de-los-industriales-con-el-gobierno-nacional-en-terapia-intensiva","status":"publish","type":"post","link":"http:\/\/nuevacordoba.net\/index.php\/2021\/03\/22\/cordoba-la-relacion-de-los-industriales-con-el-gobierno-nacional-en-terapia-intensiva\/","title":{"rendered":"C\u00f3rdoba: la relaci\u00f3n de los industriales con el Gobierno nacional, en terapia intensiva"},"content":{"rendered":"<div><img src=\"http:\/\/nuevacordoba.net\/wp-content\/uploads\/2021\/03\/cordoba-la-relacion-de-los-industriales-con-el-gobierno-nacional-en-terapia-intensiva.jpg\" class=\"ff-og-image-inserted\"><\/div>\n<p>El dilema industrial por estas horas es hamletiano. Ser y defender a las empresas del embate oficial por la suba de precios y el abastecimiento, o reservar el \u00edmpetu del reclamo para otro momento con la intenci\u00f3n de preservar interlocutores ante el riesgo de una mayor \u201ccristinizaci\u00f3n\u201d de las pol\u00edticas del <a href=\"https:\/\/www.lavoz.com.ar\/temas\/gobierno-de-alberto-fernandez\" target=\"_blank\" rel=\"noopener\">Gobierno nacional<\/a>.<\/p>\n<p>La <a href=\"https:\/\/www.lavoz.com.ar\/temas\/union-industrial-de-cordoba\" target=\"_blank\" rel=\"noopener\">Uni\u00f3n Industrial de C\u00f3rdoba<\/a> (UIC) sali\u00f3 la semana pasada con dureza a criticar la aplicaci\u00f3n de un nuevo sistema de control sobre costos, precios y stock de parte de la Secretar\u00eda de Comercio Interior. Se declar\u00f3 entonces en \u201cestado de alerta\u201d, algo que cay\u00f3 muy pesado en el Ministerio de Desarrollo Productivo.<\/p>\n<p>Es m\u00e1s, el propio titular de la cartera, <a href=\"https:\/\/www.lavoz.com.ar\/personas\/matias-kulfas\" target=\"_blank\" rel=\"noopener\">Mat\u00edas Kulfas<\/a>, se declar\u00f3 \u201csorprendido\u201d por el tono del documento emitido por la entidad presidida por Marcelo Uribarren. Acto seguido, el ministro se pregunt\u00f3 c\u00f3mo estaban antes de la llegada de este gobierno la industria automotriz y la de maquinaria agr\u00edcola de C\u00f3rdoba.<\/p>\n<p>Lejos de aplacar los \u00e1nimos con esta segmentaci\u00f3n Kulfas los encendi\u00f3. Ya veremos por qu\u00e9.<\/p>\n<div class=\"block-ad-node\">\n<div>\n<p> <span>Publicidad<\/span> <\/p>\n<\/div>\n<\/div>\n<p>No es que la UIC haya encendido la mecha con su cr\u00edtica al Sistema Informativo para la Implementaci\u00f3n de Pol\u00edticas de Reactivaci\u00f3n Econ\u00f3mica (Sipre) y a la falta de seguridad jur\u00eddica para el desarrollo de inversiones. El mismo tema est\u00e1 en el centro de debate en la Uni\u00f3n Industrial Argentina (UIA) y en otras organizaciones provinciales.<\/p>\n<p>En San Juan, un territorio pol\u00edticamente controlado por el peronismo af\u00edn a la Casa Rosada, la entidad industrial junto con la C\u00e1mara de Comercio Exterior, m\u00e1s las c\u00e1maras de miner\u00eda y construcci\u00f3n tambi\u00e9n se pronunciaron as\u00ed.<\/p>\n<p>Por momentos, la reacci\u00f3n de Kulfas record\u00f3 a aquella que el exsecretario de Comercio, Guillermo Moreno, tuvo con el por entonces presidente de la UIC Ercole Felippa cuando este dijo que C\u00f3rdoba no quer\u00eda \u201cpopulismo industrial\u201d.<\/p>\n<p>Por suerte, no hubo hasta ahora ni llamados telef\u00f3nicos ni represalias, como en esa ocasi\u00f3n.<\/p>\n<p>En este escenario se cuelan tambi\u00e9n las crecientes dificultades para acceder a la importaci\u00f3n de insumos y bienes finales mediante la administraci\u00f3n del Sistema Integral de Monitoreo de Importaciones (Simi), un escollo concreto dif\u00edcil de superar para la mayor\u00eda de las empresas y operadores de comercio exterior.<\/p>\n<div class=\"block-ad-node\">\n<div>\n<p> <span>Publicidad<\/span> <\/p>\n<\/div>\n<\/div>\n<p>Otra vez, Kulfas sostiene que el 95 por ciento de los bienes que necesitan las f\u00e1bricas para producir ingresan sin inconvenientes. Para los industriales ese dato es err\u00f3neo y lo dejaron expresado en un comunicado que el comit\u00e9 ejecutivo de la UIA, donde existe una fuerte representaci\u00f3n regional, difundi\u00f3 la semana pasada.<\/p>\n<p>Esa queja se produjo, seg\u00fan trascendidos, por la imposibilidad de introducir neum\u00e1ticos para camiones y maquinaria agr\u00edcola, un negocio donde en el ambiente de los gomeros se dice con nombre y apellido que participa una familia (con ramificaciones en C\u00f3rdoba) muy ligada al cristinismo.<\/p>\n<p class=\"SubTitulo\">\u00bfQu\u00e9 recuperaci\u00f3n?<\/p>\n<div class=\"block-ad-node\">\n<div>\n<p> <span>Publicidad<\/span> <\/p>\n<\/div>\n<\/div>\n<p>Adem\u00e1s de las Simi y Sipre, con Kulfas existe tambi\u00e9n otro motivo de discrepancia: su percepci\u00f3n sobre la recuperaci\u00f3n de la actividad econ\u00f3mica.<\/p>\n<p>En declaraciones a <strong>La Voz<\/strong>, el ministro dijo que los \u00faltimos datos del Indec demuestran que la econom\u00eda ya se ubic\u00f3 en un escal\u00f3n superior al que dejara Mauricio Macri.<\/p>\n<p>\u201cNo es verdad\u201d, remarcan desde los sectores fabriles ligados al consumo masivo. Y exhiben como prueba que la venta de alimentos, bebidas, higiene y limpieza en supermercados y autoservicios registraron en febrero una ca\u00edda de 8,4% en la comparaci\u00f3n interanual, de acuerdo con datos del Indec.<\/p>\n<p>Es decir, las industrias que producen estos bienes \u2013adem\u00e1s del retail, claro\u2013 acumulan 10 meses consecutivos de baja.<\/p>\n<p>En el bimestre se acumula una baja de 4,5% en productos que constituyen el coraz\u00f3n del funcionamiento de cualquier hogar. El \u00faltimo mes donde hubo un \u201cbrote verde\u201d en ese sentido, fue en el lejano septiembre de 2019.<\/p>\n<p class=\"SubTitulo\">Automotrices: el ejemplo que parece quedar corto<\/p>\n<p>En la situaci\u00f3n actual de la econom\u00eda es donde se cuelan las principales diferencias de criterio entre los industriales y el ministro de Desarrollo Productivo, Mat\u00edas Kulfas; y constituye, asimismo, un punto de fricci\u00f3n entre distintos \u201ccolectivos\u201d empresariales.<\/p>\n<p>En su r\u00e9plica a la Uni\u00f3n Industrial de C\u00f3rdoba (UIC), el ministro de Alberto Fern\u00e1ndez puso de ejemplo a la industria automotriz y de la maquinaria agr\u00edcola.<\/p>\n<p>\u201cAl igual que (Dante) Sica, antes (Francisco) Cabrera, ambos ministros de Macri, Kulfas habla de las automotrices solamente. \u00c9stas no llegan a tener 36 mil empleos directos. Mientras que, sobre un mill\u00f3n de empleos industriales que quedan en pie, 550 mil son empleados industriales ligados al consumo masivo\u201d, se\u00f1al\u00f3 a este medio un alto ejecutivo atento al debate de fondo.<\/p>\n<p>Al reclamo por las Simi tambi\u00e9n se sum\u00f3 una entidad que escanea la situaci\u00f3n de 2.200 empresas ligadas a capitales europeos: Euroc\u00e1mara de Argentina.<\/p>\n<p>En una nota a Kulfas, esta organizaci\u00f3n le pidi\u00f3 de paso que liberen d\u00f3lares para poder pagar insumos ya tra\u00eddos al pa\u00eds y cr\u00e9ditos tomados en el exterior.<\/p>\n<p>Y le se\u00f1al\u00f3 algo obvio: el Gobierno nacional cuenta con herramientas para identificar d\u00f3lares que van a la producci\u00f3n y las divisas que terminan en la especulaci\u00f3n financiera.<\/p>\n<p>Con todo esto, la expectativa era que antes de este fin de semana la Uni\u00f3n Industrial Argentina (UIA) emitir\u00eda un documento muy cr\u00edtico hacia la pol\u00edtica econ\u00f3mica y las restricciones.<\/p>\n<p>Pero qued\u00f3 \u201ccajoneado\u201d dicen en la entidad, donde las cr\u00edticas al presidente Miguel Acevedo crecen en volumen.<\/p>\n<p>Este dirigente proviene de la cordobesa Aceitera General Deheza (AGD), empresa que, como es p\u00fablico conocimiento, se entusiasm\u00f3 con la llegada de Alberto Fern\u00e1ndez al poder.<\/p>\n<p>Pero no ser\u00eda esta la causa de la mano contemplativa de Acevedo hacia el Gobierno.<\/p>\n<p>En su momento, el titular de la UIA le advirti\u00f3 a sus colegas que en modo alguno se deber\u00edan romper los puentes con un Gobierno nacional al que le queda mucho recorrido por delante.<\/p>\n<p>Hoy, en esa mesa fabril aparecen s\u00edntomas de agotamiento para con esa estrategia. Estrategia que parece en terapia intensiva.<\/p>\n<div class=\"ctaNewsNotaContainer\" readability=\"6.5\">\n<div class=\"newsletterTextContainer\" readability=\"33\">\n<p> S\u00cdNTESIS POL\u00cdTICA<\/p>\n<p> Informaci\u00f3n exclusiva y el mejor an\u00e1lisis, los lunes en tu correo.<\/p>\n<form method=\"post\" action-xhr=\"https:\/\/www.lavoz.com.ar\/newsletters\/sintesis-politica\/signup\" id=\"newsletter-signup\" class=\"newsletterForm\" target=\"_blank\" custom-validation-reporting=\"as-you-go\" on=\"submit:AMP.setState({formLoading:true});submit-success:AMP.setState({formSuccess:true})\">\n<div submit-success class=\"is-paddingless-l\" readability=\"6\"> <template type=\"amp-mustache\" readability=\"2\"><\/p>\n<p> <strong>\u00a1Gracias por suscribirte!<\/strong><\/p>\n<p> <\/template><\/div>\n<div submit-error class=\"is-paddingless-l\" readability=\"6.5\"> <template type=\"amp-mustache\" readability=\"3\"><\/p>\n<p> <strong>Ha ocurrido un error, por favor intente nuevamente m\u00e1s tarde.<\/strong><\/p>\n<p> <\/template><\/div>\n<\/form>\n<\/div>\n<\/div>\n<div class=\"column is-inline-block\" readability=\"5.1111111111111\">\n<div class=\"notification is-padding-lr\" readability=\"5.962962962963\"> <a class=\"no-decoration is-font-bold\" href=\"https:\/\/www.lavoz.com.ar\/edicion-impresa\">Edici\u00f3n Impresa<\/a><\/p>\n<p class=\"is-font-sans-serif\">El texto original de este art\u00edculo fue publicado el 22\/03\/2021 en nuestra edici\u00f3n impresa.<\/p>\n<\/div>\n<\/div>\n<div>\n<p> <span>Publicidad<\/span> <\/p>\n<\/div>\n","protected":false},"excerpt":{"rendered":"<p>El dilema industrial por estas horas es hamletiano. Ser y defender a las empresas del embate oficial por la suba de precios y el abastecimiento, o reservar el \u00edmpetu del reclamo para otro momento con la intenci\u00f3n de preservar interlocutores ante el riesgo de una mayor \u201ccristinizaci\u00f3n\u201d de las pol\u00edticas del Gobierno nacional. La Uni\u00f3n [&hellip;]<\/p>\n","protected":false},"author":1,"featured_media":2332,"comment_status":"closed","ping_status":"closed","sticky":false,"template":"","format":"standard","meta":[],"categories":[12],"tags":[],"_links":{"self":[{"href":"http:\/\/nuevacordoba.net\/index.php\/wp-json\/wp\/v2\/posts\/2331"}],"collection":[{"href":"http:\/\/nuevacordoba.net\/index.php\/wp-json\/wp\/v2\/posts"}],"about":[{"href":"http:\/\/nuevacordoba.net\/index.php\/wp-json\/wp\/v2\/types\/post"}],"author":[{"embeddable":true,"href":"http:\/\/nuevacordoba.net\/index.php\/wp-json\/wp\/v2\/users\/1"}],"replies":[{"embeddable":true,"href":"http:\/\/nuevacordoba.net\/index.php\/wp-json\/wp\/v2\/comments?post=2331"}],"version-history":[{"count":0,"href":"http:\/\/nuevacordoba.net\/index.php\/wp-json\/wp\/v2\/posts\/2331\/revisions"}],"wp:featuredmedia":[{"embeddable":true,"href":"http:\/\/nuevacordoba.net\/index.php\/wp-json\/wp\/v2\/media\/2332"}],"wp:attachment":[{"href":"http:\/\/nuevacordoba.net\/index.php\/wp-json\/wp\/v2\/media?parent=2331"}],"wp:term":[{"taxonomy":"category","embeddable":true,"href":"http:\/\/nuevacordoba.net\/index.php\/wp-json\/wp\/v2\/categories?post=2331"},{"taxonomy":"post_tag","embeddable":true,"href":"http:\/\/nuevacordoba.net\/index.php\/wp-json\/wp\/v2\/tags?post=2331"}],"curies":[{"name":"wp","href":"https:\/\/api.w.org\/{rel}","templated":true}]}}