{"id":2333,"date":"2021-03-22T03:02:56","date_gmt":"2021-03-22T03:02:56","guid":{"rendered":"https:\/\/puntoapunto.com.ar\/?p=274968"},"modified":"2021-03-22T03:02:56","modified_gmt":"2021-03-22T03:02:56","slug":"cordoba-en-off-llega-vidal-a-cordoba-mientras-macri-arma-la-valija","status":"publish","type":"post","link":"http:\/\/nuevacordoba.net\/index.php\/2021\/03\/22\/cordoba-en-off-llega-vidal-a-cordoba-mientras-macri-arma-la-valija\/","title":{"rendered":"C\u00f3rdoba en off: Llega Vidal a C\u00f3rdoba mientras Macri arma la valija"},"content":{"rendered":"<p><!-- image --><\/p>\n<div class=\"td-post-featured-image\"><a href=\"http:\/\/nuevacordoba.net\/wp-content\/uploads\/2021\/03\/cordoba-en-off-llega-vidal-a-cordoba-mientras-macri-arma-la-valija.jpg\" data-caption><img loading=\"lazy\" width=\"540\" height=\"304\" class=\"entry-thumb td-modal-image\" src=\"http:\/\/nuevacordoba.net\/wp-content\/uploads\/2021\/03\/cordoba-en-off-llega-vidal-a-cordoba-mientras-macri-arma-la-valija.jpg\" srcset=\"http:\/\/nuevacordoba.net\/wp-content\/uploads\/2021\/03\/cordoba-en-off-llega-vidal-a-cordoba-mientras-macri-arma-la-valija.jpg 540w, http:\/\/nuevacordoba.net\/wp-content\/uploads\/2021\/03\/cordoba-en-off-llega-vidal-a-cordoba-mientras-macri-arma-la-valija-1.jpg 300w, http:\/\/nuevacordoba.net\/wp-content\/uploads\/2021\/03\/cordoba-en-off-llega-vidal-a-cordoba-mientras-macri-arma-la-valija-2.jpg 150w\" sizes=\"(max-width: 540px) 100vw, 540px\" alt title=\"20210321macrividal-1148215\"><\/a><\/div>\n<p> <!-- content --><\/p>\n<div class=\"td-a-rec td-a-rec-id-content_top tdi_66_633 td_block_template_10\">\n<div class=\"g g-34\">\n<div class=\"g-single a-299\"><a class=\"gofollow\" data-track=\"Mjk5LDM0LDEsNjA=\" href=\"http:\/\/www.grupocanter.com.ar\/landing\/blanqueo\/pap\/?utm_source=Punto%20a%20Punto&amp;utm_medium=Banners&amp;utm_campaign=Blanqueo&amp;utm_term=950x187\"><img src=\"http:\/\/nuevacordoba.net\/wp-content\/uploads\/2021\/03\/cordoba-en-off-llega-vidal-a-cordoba-mientras-macri-arma-la-valija.gif\"><\/a><\/div>\n<\/div>\n<\/div>\n<h4><span>El lanzamiento del libro Primer Tiempo puso al expresidente Mauricio Macri nuevamente en la agenda de la pol\u00edtica nacional. El evento, que cont\u00f3 con mucha presencia cordobesa como la de Gustavo Santos, Mario Negri, Rodrigo de Loredo, Laura Rodr\u00edguez Machado, Soher El Sukar\u00eda, Javier Pretto y Oscar Agost Carre\u00f1o, entre otros, tambi\u00e9n fue noticia por los faltazos. Algunos con aviso, otros no tanto, lo cierto es que Luis Juez y Ram\u00f3n Mestre no estuvieron; como tampoco lo hizo el ala monzoista del PRO que encabeza precisamente el extitular de la C\u00e1mara de Diputados, Emilio Monz\u00f3, e integran Rogelio Frigerio junto a Nicol\u00e1s Massot. \u201cEl tridente dijo ausente\u201d, resumi\u00f3 con cierta picard\u00eda un amarillo cordob\u00e9s que adem\u00e1s anticip\u00f3 el desembarco a C\u00f3rdoba de la exgobernadora de Buenos Aires, Mar\u00eda Eugenia Vidal. La exmandataria bonaerense llega hoy y estar\u00e1 ma\u00f1ana en la Fundaci\u00f3n Mediterr\u00e1nea. Ah, hablando de empresarios, el que estuvo en el lanzamiento del libro tambi\u00e9n fue Manuel Tagle, y sobre ello, un conocedor del C\u00edrculo Rojo local, dijo: \u201cojo con eso\u201d. En tanto, la llegada de Macri a la provincia se espera para las pr\u00f3ximas semanas. \u201c\u00bfLos que no fueron a Baires, lo ir\u00e1n a recibir en C\u00f3rdoba?\u201d, se preguntaron en un coqueto bar de Nueva C\u00f3rdoba dos dirigentes sobre el final de la semana.&nbsp;<\/span><\/h4>\n<h4><strong>Sigue la grieta radical en su m\u00e1ximo esplendor&nbsp;<\/strong><\/h4>\n<p>La interna en la UCR sigue encendida como antes de la elecci\u00f3n del domingo pasado. O peor. Lo cierto es que, en medio de las acusaciones cruzadas, los pedidos de impugnaci\u00f3n por parte de Sumar a Convergencia, el sector que proclam\u00f3 ganadores a Marcos Carasso y Diego Mestre, en provincia y capital, respectivamente; lo que quedaron fueron tambi\u00e9n comentarios de lo que ocurri\u00f3 en el interior. Por ejemplo, en Col\u00f3n, cuentan que todav\u00eda le dura el enojo al intendente de Mendiolaza, Daniel Salibi, que encabez\u00f3 la lista de unidad, pero acus\u00f3 a su colega de Estaci\u00f3n Ju\u00e1rez Celman, Myriam Prunotto, de movilizar a gente para llegar a casi 200 votos en blanco. O en Santa Mar\u00eda, donde desde Sumar apuntaron a la relaci\u00f3n del PJ local con el mestrismo para ir en contra del candidato que impulsaba Rodrigo de Loredo en Alta Gracia. Dicen que algunos con peso en Sumar mandaron a decirle algunas cosas a un sector de los caudillos del peronismo en Alta Gracia. Igual, tambi\u00e9n hacia adentro hay ruidos. Y en los dos sectores. En Sumar, no todos est\u00e1n convencidos de la judicializaci\u00f3n que impulsan algunos y si hay Paso, est\u00e1n los que piden ya lugares en las listas con De Loredo, como, por ejemplo, Orlando Arduh. En tanto, en Convergencia, cuentan que tambi\u00e9n retom\u00f3 cada uno su camino. Por nombrar un caso: alfonsinista Dante Rossi empapel\u00f3 la ciudad pidiendo un \u201cfrente amplio cordob\u00e9s y sin referencias nacionales\u201d.<\/p>\n<h4><strong>\u00bfCalvo a la lista de senadores?<\/strong><\/h4>\n<p>La teor\u00eda empez\u00f3 a encenderse en un sector del PJ de la Capital. Con varios dirigentes que se acercaron al vicegobernador Manuel Calvo y que lo ven con ganas de campa\u00f1a, aunque no encabezando precisamente la lista a Diputados. \u201c\u00bfPor qu\u00e9 no al Senado? \u00bfDetr\u00e1s de Alejandra (Vigo)?\u201d dispar\u00f3 una voz autorizada del peronismo. La estrategia sobre la que ven\u00eda trabajando el schiarettismo era con el hombre de Las Varillas en el tramo a la C\u00e1mara baja y que no asumir\u00eda, que tendr\u00eda un rol importante en la campa\u00f1a pero sin llegar en diciembre al Congreso, en el caso de que le tocara. Lo cierto es que ahora en el PJ empiezan varios a tallar sobre la posibilidad de que acompa\u00f1e a la diputada nacional en el tramo al Senado para este a\u00f1o.<\/p>\n<h4><strong>El debate por Delgado agit\u00f3 a los legisladores capitalinos<\/strong><\/h4>\n<p>Finalmente, pas\u00f3 \u201cla semana Delgado\u201d, como algunos hab\u00edan definido los \u00faltimos d\u00edas en la Unicameral. El martes el hombre pas\u00f3 por comisi\u00f3n, respondi\u00f3 preguntas, y el mi\u00e9rcoles se termin\u00f3 aprobando con apoyo de un nutrido sector de la oposici\u00f3n la llegada de Juan Manuel Delgado a la fiscal\u00eda general. Despacho que estuvo vacante por casi dos a\u00f1os. Al margen de esto, que ya se conoce, en los pasillos de la Legislatura todav\u00eda hablan de dos cuestiones. La primera, el trabajo del tridente integrado por Manuel Calvo, Francisco Fortuna y Oscar Gonz\u00e1lez para conseguir el respaldo de un sector de la oposici\u00f3n. \u201cEl debate podr\u00eda haber sido largo y se desactiv\u00f3 todo en tres horas. Cerr\u00f3 por todos lados\u201d, dicen algunos peronistas con oficinas en la Unicameral. Sin embargo, al margen de ello, varios destacan c\u00f3mo sigue la disputa entre los dirigentes del PJ y la UCR de la Capital. El mi\u00e9rcoles volvieron a cruzarse el radical Marcelo Cossar con la peronista Nadia Fern\u00e1ndez; dicen que, mientras el mestrista hablaba, la peronista la gritaba \u2018caradura\u2019 y luego empez\u00f3 un cruce entre ellos. Di\u00e1logo que no est\u00e1 permitido entre los parlamentarios. Cuentan que ah\u00ed tuvieron que intervenir desde la presidencia de la sesi\u00f3n para recordarle a los legisladores que no pod\u00edan seguir cruzando acusaciones directas en el recinto.<\/p>\n<h4><strong>Est\u00e9vez a la asunci\u00f3n de Alberto F. en el PJ<\/strong><\/h4>\n<p>Ma\u00f1ana asumir\u00e1 el presidente Alberto Fern\u00e1ndez la conducci\u00f3n del PJ nacional en el marco de la famosa lista de unidad. El evento ser\u00e1 en la localidad de Pilar, en la zona norte del conurbano bonaerense, y en un microestadio ubicado en una calle denominada N\u00e9stor Kirchner. Al margen del universo de las casualidades, habr\u00e1 presencia cordobesa. La diputada nacional del FdT, Gabriela Est\u00e9vez, recibi\u00f3 en los \u00faltimos d\u00edas la invitaci\u00f3n por parte del actual presidente del PJ nacional, el sanjuanino Jos\u00e9 Luis Gioja.<\/p>\n<p>No tags for this post. <!-- A generated by theme --> <!-- end A --> <\/p>\n","protected":false},"excerpt":{"rendered":"<p>El lanzamiento del libro Primer Tiempo puso al expresidente Mauricio Macri nuevamente en la agenda de la pol\u00edtica nacional. El evento, que cont\u00f3 con mucha presencia cordobesa como la de Gustavo Santos, Mario Negri, Rodrigo de Loredo, Laura Rodr\u00edguez Machado, Soher El Sukar\u00eda, Javier Pretto y Oscar Agost Carre\u00f1o, entre otros, tambi\u00e9n fue noticia por [&hellip;]<\/p>\n","protected":false},"author":1,"featured_media":2334,"comment_status":"open","ping_status":"closed","sticky":false,"template":"","format":"standard","meta":[],"categories":[14],"tags":[],"_links":{"self":[{"href":"http:\/\/nuevacordoba.net\/index.php\/wp-json\/wp\/v2\/posts\/2333"}],"collection":[{"href":"http:\/\/nuevacordoba.net\/index.php\/wp-json\/wp\/v2\/posts"}],"about":[{"href":"http:\/\/nuevacordoba.net\/index.php\/wp-json\/wp\/v2\/types\/post"}],"author":[{"embeddable":true,"href":"http:\/\/nuevacordoba.net\/index.php\/wp-json\/wp\/v2\/users\/1"}],"replies":[{"embeddable":true,"href":"http:\/\/nuevacordoba.net\/index.php\/wp-json\/wp\/v2\/comments?post=2333"}],"version-history":[{"count":0,"href":"http:\/\/nuevacordoba.net\/index.php\/wp-json\/wp\/v2\/posts\/2333\/revisions"}],"wp:featuredmedia":[{"embeddable":true,"href":"http:\/\/nuevacordoba.net\/index.php\/wp-json\/wp\/v2\/media\/2334"}],"wp:attachment":[{"href":"http:\/\/nuevacordoba.net\/index.php\/wp-json\/wp\/v2\/media?parent=2333"}],"wp:term":[{"taxonomy":"category","embeddable":true,"href":"http:\/\/nuevacordoba.net\/index.php\/wp-json\/wp\/v2\/categories?post=2333"},{"taxonomy":"post_tag","embeddable":true,"href":"http:\/\/nuevacordoba.net\/index.php\/wp-json\/wp\/v2\/tags?post=2333"}],"curies":[{"name":"wp","href":"https:\/\/api.w.org\/{rel}","templated":true}]}}